{"id":2368,"date":"2023-05-03T03:26:55","date_gmt":"2023-05-03T03:26:55","guid":{"rendered":"https:\/\/pornuestrolaredo.com\/?p=2368"},"modified":"2023-05-03T03:26:55","modified_gmt":"2023-05-03T03:26:55","slug":"enviara-biden-mil-500-militares-a-la-frontera","status":"publish","type":"post","link":"https:\/\/pornuestrolaredo.com\/?p=2368","title":{"rendered":"Enviar\u00e1 Biden mil 500 militares a la frontera"},"content":{"rendered":"<p><strong><em>WASHINGTON.-<\/em> <\/strong>El gobierno estadounidense enviar\u00e1 mil 500 soldados en servicio activo a la frontera con M\u00e9xico a partir de la pr\u00f3xima semana, en anticipaci\u00f3n a un previsible aumento en las llegadas de migrantes cuando se levanten las restricciones vigentes durante la pandemia.<\/p>\n<p>El personal militar se encargar\u00e1 de capturar datos, apoyo a almacenes y otras tareas administrativas para que la Oficina de Aduanas y Protecci\u00f3n Fronteriza pueda concentrarse en el trabajo de campo, declar\u00f3 la vocera de la Casa Blanca, Karine Jean-Pierre. Los soldados \u201cno ejercer\u00e1n funciones policiales ni interactuar\u00e1n con migrantes o inmigrantes\u201d, afirm\u00f3 Jean-Pierre. \u201cEllo dejar\u00e1 libre a los agentes de la Patrulla Fronteriza para que puedan cumplir con sus importantes labores policiales\u201d.<\/p>\n<p>Los militares, que cumplir\u00e1n esta misi\u00f3n por 90 d\u00edas, provendr\u00e1n del Ej\u00e9rcito y del Cuerpo de Infanter\u00eda de Marina, y el secretario de Defensa, Lloyd Austin, buscar\u00e1 cubrir el faltante con efectivos de la Guardia Nacional o la Reserva durante ese periodo, inform\u00f3 el portavoz del Pent\u00e1gono, general de brigada de la Fuerza A\u00e9rea Pat Ryder. Actualmente hay 2 mil 500 elementos de la Guardia Nacional destacados en la frontera.<\/p>\n<p>Las restricciones por el Covid-19 han permitido a Estados Unidos rechazar a miles de migrantes que cruzan la frontera, pero ser\u00e1n levantadas el 11 de mayo, y las autoridades fronterizas se preparan para un muy probable incremento en el n\u00famero de llegadas. Incluso en medio de las restricciones, el gobierno ha registrado cifras sin precedentes de personas que cruzan la frontera desde M\u00e9xico, y el presidente Joe Biden ha respondido con medidas contra quienes ingresen de manera ilegal, y con la creaci\u00f3n de nuevas rutas para ofrecer alternativas a la peligrosa y a menudo mortal traves\u00eda.<\/p>\n<p>Para Biden, que hace una semana anunci\u00f3 su campa\u00f1a de reelecci\u00f3n, la decisi\u00f3n muestra que su gobierno efect\u00faa un esfuerzo serio para reducir el n\u00famero de cruces ilegales por ser un posible punto de cr\u00edticas republicanas, y env\u00eda un mensaje a quienes busquen ingresar indebidamente de que no intenten la traves\u00eda. Pero tambi\u00e9n puede acarrearle comparaciones indeseables con su predecesor republicano, cuyas pol\u00edticas son criticadas con frecuencia por el propio Biden. El Congreso, por su parte, se ha rehusado a impulsar medidas sustanciales relacionadas con la inmigraci\u00f3n.<\/p>\n<p>El expresidente Donald Trump despleg\u00f3 soldados en activo en la frontera para que ayudaran al personal de la Patrulla Fronteriza en el procesamiento de grandes caravanas de migrantes, adem\u00e1s de los elementos de la Guardia Nacional que ya trabajaban en esa capacidad. Jean-Pierre rest\u00f3 importancia a cualquier similitud entre la forma como Biden administra la inmigraci\u00f3n y el uso de efectivos que hizo Trump durante su presidencia. <\/p>\n<blockquote><p>El personal del Departamento de Defensa ha estado apoyando a la CBP en la frontera desde hace ya casi dos d\u00e9cadas\u201d, afirm\u00f3 Jean-Pierre. \u201cAs\u00ed que se trata de una pr\u00e1ctica com\u00fan\u201d.<\/p><\/blockquote>\n","protected":false},"excerpt":{"rendered":"<p>Har\u00e1n labores administrativas como apoyo a la Oficina de Aduanas y Protecci\u00f3n Fronteriza y que pueda concentrarse en el trabajo de campo<\/p>\n","protected":false},"author":1,"featured_media":2369,"comment_status":"closed","ping_status":"closed","sticky":false,"template":"","format":"standard","meta":{"_crdt_document":"","_jetpack_memberships_contains_paid_content":false,"footnotes":"","jetpack_publicize_message":"","jetpack_publicize_feature_enabled":true,"jetpack_social_post_already_shared":true,"jetpack_social_options":{"image_generator_settings":{"template":"highway","default_image_id":0,"font":"","enabled":false},"version":2},"_wpas_customize_per_network":false},"categories":[9],"tags":[],"class_list":["post-2368","post","type-post","status-publish","format-standard","has-post-thumbnail","hentry","category-el-mundo"],"magazineBlocksPostFeaturedMedia":{"thumbnail":"https:\/\/pornuestrolaredo.com\/wp-content\/uploads\/2023\/05\/Stereo91-20230502-5-150x150.jpg","medium":"https:\/\/pornuestrolaredo.com\/wp-content\/uploads\/2023\/05\/Stereo91-20230502-5-300x200.jpg","medium_large":"https:\/\/pornuestrolaredo.com\/wp-content\/uploads\/2023\/05\/Stereo91-20230502-5-768x512.jpg","large":"https:\/\/pornuestrolaredo.com\/wp-content\/uploads\/2023\/05\/Stereo91-20230502-5.jpg","1536x1536":"https:\/\/pornuestrolaredo.com\/wp-content\/uploads\/2023\/05\/Stereo91-20230502-5.jpg","2048x2048":"https:\/\/pornuestrolaredo.com\/wp-content\/uploads\/2023\/05\/Stereo91-20230502-5.jpg","morenews-large":"https:\/\/pornuestrolaredo.com\/wp-content\/uploads\/2023\/05\/Stereo91-20230502-5.jpg","morenews-medium":"https:\/\/pornuestrolaredo.com\/wp-content\/uploads\/2023\/05\/Stereo91-20230502-5.jpg"},"magazineBlocksPostAuthor":{"name":"Redactor","avatar":"https:\/\/pornuestrolaredo.com\/wp-content\/litespeed\/avatar\/dca1d7ec750c399f025f23b0b314f4cf.jpg?ver=1777007253"},"magazineBlocksPostCommentsNumber":false,"magazineBlocksPostExcerpt":"Har\u00e1n labores administrativas como apoyo a la Oficina de Aduanas y Protecci\u00f3n Fronteriza y que pueda concentrarse en el trabajo de campo","magazineBlocksPostCategories":["El Mundo"],"magazineBlocksPostViewCount":118,"magazineBlocksPostReadTime":3,"magazine_blocks_featured_image_url":{"full":["https:\/\/pornuestrolaredo.com\/wp-content\/uploads\/2023\/05\/Stereo91-20230502-5.jpg",1000,667,false],"medium":["https:\/\/pornuestrolaredo.com\/wp-content\/uploads\/2023\/05\/Stereo91-20230502-5-300x200.jpg",300,200,true],"thumbnail":["https:\/\/pornuestrolaredo.com\/wp-content\/uploads\/2023\/05\/Stereo91-20230502-5-150x150.jpg",150,150,true]},"magazine_blocks_author":{"display_name":"Redactor","author_link":"https:\/\/pornuestrolaredo.com\/?author=1"},"magazine_blocks_comment":0,"magazine_blocks_author_image":"https:\/\/pornuestrolaredo.com\/wp-content\/litespeed\/avatar\/dca1d7ec750c399f025f23b0b314f4cf.jpg?ver=1777007253","magazine_blocks_category":"<a href=\"#\" class=\"category-link category-link-9\">El Mundo<\/a>","jetpack_publicize_connections":[],"featured_image_urls":{"full":["https:\/\/pornuestrolaredo.com\/wp-content\/uploads\/2023\/05\/Stereo91-20230502-5.jpg",1000,667,false],"thumbnail":["https:\/\/pornuestrolaredo.com\/wp-content\/uploads\/2023\/05\/Stereo91-20230502-5-150x150.jpg",150,150,true],"medium":["https:\/\/pornuestrolaredo.com\/wp-content\/uploads\/2023\/05\/Stereo91-20230502-5-300x200.jpg",300,200,true],"medium_large":["https:\/\/pornuestrolaredo.com\/wp-content\/uploads\/2023\/05\/Stereo91-20230502-5-768x512.jpg",640,427,true],"large":["https:\/\/pornuestrolaredo.com\/wp-content\/uploads\/2023\/05\/Stereo91-20230502-5.jpg",640,427,false],"1536x1536":["https:\/\/pornuestrolaredo.com\/wp-content\/uploads\/2023\/05\/Stereo91-20230502-5.jpg",1000,667,false],"2048x2048":["https:\/\/pornuestrolaredo.com\/wp-content\/uploads\/2023\/05\/Stereo91-20230502-5.jpg",1000,667,false],"morenews-large":["https:\/\/pornuestrolaredo.com\/wp-content\/uploads\/2023\/05\/Stereo91-20230502-5.jpg",825,550,false],"morenews-medium":["https:\/\/pornuestrolaredo.com\/wp-content\/uploads\/2023\/05\/Stereo91-20230502-5.jpg",590,394,false]},"author_info":{"info":["Redactor"]},"category_info":"<a href=\"https:\/\/pornuestrolaredo.com\/?cat=9\" rel=\"category\">El Mundo<\/a>","tag_info":"El Mundo","comment_count":"0","jetpack_featured_media_url":"https:\/\/pornuestrolaredo.com\/wp-content\/uploads\/2023\/05\/Stereo91-20230502-5.jpg","jetpack_sharing_enabled":true,"_links":{"self":[{"href":"https:\/\/pornuestrolaredo.com\/index.php?rest_route=\/wp\/v2\/posts\/2368","targetHints":{"allow":["GET"]}}],"collection":[{"href":"https:\/\/pornuestrolaredo.com\/index.php?rest_route=\/wp\/v2\/posts"}],"about":[{"href":"https:\/\/pornuestrolaredo.com\/index.php?rest_route=\/wp\/v2\/types\/post"}],"author":[{"embeddable":true,"href":"https:\/\/pornuestrolaredo.com\/index.php?rest_route=\/wp\/v2\/users\/1"}],"replies":[{"embeddable":true,"href":"https:\/\/pornuestrolaredo.com\/index.php?rest_route=%2Fwp%2Fv2%2Fcomments&post=2368"}],"version-history":[{"count":1,"href":"https:\/\/pornuestrolaredo.com\/index.php?rest_route=\/wp\/v2\/posts\/2368\/revisions"}],"predecessor-version":[{"id":2370,"href":"https:\/\/pornuestrolaredo.com\/index.php?rest_route=\/wp\/v2\/posts\/2368\/revisions\/2370"}],"wp:featuredmedia":[{"embeddable":true,"href":"https:\/\/pornuestrolaredo.com\/index.php?rest_route=\/wp\/v2\/media\/2369"}],"wp:attachment":[{"href":"https:\/\/pornuestrolaredo.com\/index.php?rest_route=%2Fwp%2Fv2%2Fmedia&parent=2368"}],"wp:term":[{"taxonomy":"category","embeddable":true,"href":"https:\/\/pornuestrolaredo.com\/index.php?rest_route=%2Fwp%2Fv2%2Fcategories&post=2368"},{"taxonomy":"post_tag","embeddable":true,"href":"https:\/\/pornuestrolaredo.com\/index.php?rest_route=%2Fwp%2Fv2%2Ftags&post=2368"}],"curies":[{"name":"wp","href":"https:\/\/api.w.org\/{rel}","templated":true}]}}