{"id":2375,"date":"2023-05-04T03:43:28","date_gmt":"2023-05-04T03:43:28","guid":{"rendered":"https:\/\/pornuestrolaredo.com\/?p=2375"},"modified":"2023-05-04T03:43:28","modified_gmt":"2023-05-04T03:43:28","slug":"instalan-consejo-para-impulsar-el-desarrollo-economico","status":"publish","type":"post","link":"https:\/\/pornuestrolaredo.com\/?p=2375","title":{"rendered":"Instalan consejo para impulsar el desarrollo econ\u00f3mico"},"content":{"rendered":"<p><strong><em>NUEVO LAREDO.-<\/em><\/strong> El progreso de la ciudad se reforzar\u00e1 con la instalaci\u00f3n del \u201cConsejo Regional para el Desarrollo Econ\u00f3mico y la Competitividad\u201d, Regi\u00f3n Frontera Nuevo Laredo con el que se llevar\u00e1n a cabo acciones para consolidar a Tamaulipas como un punto estrat\u00e9gico de crecimiento e inversi\u00f3n.<\/p>\n<p>La alcaldesa Carmen Lilia Canturosas, acompa\u00f1\u00f3 a la secretaria de Desarrollo Econ\u00f3mico y Empleo de Tamaulipas, Ninfa Cant\u00fa De\u00e1ndar a la toma de protesta del nuevo consejo y   se\u00f1al\u00f3 que el principal objetivo es crear sinergias estrat\u00e9gicas en favor de la frontera de Nuevo Laredo por donde cruza el mayor intercambio comercial internacional.<\/p>\n<blockquote><p>Nuestro gobierno se encuentra firmemente comprometido con los sectores productivos de nuestra ciudad, hemos hecho estrategias que nos han impulsado a crear proyectos para detonar nuestra econom\u00eda\u201d, se\u00f1al\u00f3 Canturosas, presidenta municipal.<\/p><\/blockquote>\n<p>Destac\u00f3 que Tamaulipas es un estado pr\u00f3spero con una econom\u00eda activa y diversificada con actividades econ\u00f3micas que conectan con otros pa\u00edses que lo  convierte l\u00edder en el mercado y de igual forma exige tener un paso adelante en temas de innovaci\u00f3n e infraestructura.<\/p>\n<p>Este Consejo est\u00e1 integrado por Iv\u00e1n Quintanilla Sol\u00eds quien acudi\u00f3 en representaci\u00f3n de Edgar Mart\u00ednez Quintanilla, empresario; Jos\u00e9 Ignacio Zaragoza Ambrosi, presidente de la Asociaci\u00f3n de Agentes Aduanales; Rodolfo Pe\u00f1a Casillas, presidente de la Asociaci\u00f3n de Maquiladoras; y Carlos Fern\u00e1ndez Mart\u00ednez, presidente de la Asociaci\u00f3n de Transportistas de Carga de Nuevo Laredo.<\/p>\n<p>Ninfa Cant\u00fa De\u00e1ndar, secretaria de Desarrollo Econ\u00f3mico del estado fue encargada de tomar protesta a los integrantes del Consejo Regional como parte del orden del d\u00eda de la primera sesi\u00f3n ordinaria 2023.<\/p>\n<p>Cant\u00fa De\u00e1ndar dijo que a trav\u00e9s del consejo se buscar\u00e1 transformar de manera positiva la econom\u00eda, integrando la generaci\u00f3n de empleos e impulsando la identidad regional.<\/p>\n<blockquote><p>En esta tarea es muy importante la creaci\u00f3n de alianzas estrat\u00e9gicas entre los sectores p\u00fablicos, privados, acad\u00e9micos y sociales\u201d, mencion\u00f3.<\/p><\/blockquote>\n<p>En este acto se nombr\u00f3 a Jos\u00e9 Mar\u00eda Hern\u00e1ndez G\u00f3mez, director de Puentes, Puertos, Aeropuertos y Cruces Internacionales del estado como secretario t\u00e9cnico del Consejo Regional.<\/p>\n","protected":false},"excerpt":{"rendered":"<p>Llevar\u00e1 a cabo acciones para consolidar a Nuevo Laredo, la regi\u00f3n y el Estado en punto estrat\u00e9gico de crecimiento e inversi\u00f3n<\/p>\n","protected":false},"author":1,"featured_media":2376,"comment_status":"closed","ping_status":"closed","sticky":false,"template":"","format":"standard","meta":{"_crdt_document":"","_jetpack_memberships_contains_paid_content":false,"footnotes":"","jetpack_publicize_message":"","jetpack_publicize_feature_enabled":true,"jetpack_social_post_already_shared":true,"jetpack_social_options":{"image_generator_settings":{"template":"highway","default_image_id":0,"font":"","enabled":false},"version":2},"_wpas_customize_per_network":false},"categories":[4],"tags":[],"class_list":["post-2375","post","type-post","status-publish","format-standard","has-post-thumbnail","hentry","category-los-dos-laredos"],"magazineBlocksPostFeaturedMedia":{"thumbnail":"https:\/\/pornuestrolaredo.com\/wp-content\/uploads\/2023\/05\/Stereo91-20230504-1-150x150.jpg","medium":"https:\/\/pornuestrolaredo.com\/wp-content\/uploads\/2023\/05\/Stereo91-20230504-1-300x163.jpg","medium_large":"https:\/\/pornuestrolaredo.com\/wp-content\/uploads\/2023\/05\/Stereo91-20230504-1-768x417.jpg","large":"https:\/\/pornuestrolaredo.com\/wp-content\/uploads\/2023\/05\/Stereo91-20230504-1-1000x543.jpg","1536x1536":"https:\/\/pornuestrolaredo.com\/wp-content\/uploads\/2023\/05\/Stereo91-20230504-1.jpg","2048x2048":"https:\/\/pornuestrolaredo.com\/wp-content\/uploads\/2023\/05\/Stereo91-20230504-1.jpg","morenews-large":"https:\/\/pornuestrolaredo.com\/wp-content\/uploads\/2023\/05\/Stereo91-20230504-1.jpg","morenews-medium":"https:\/\/pornuestrolaredo.com\/wp-content\/uploads\/2023\/05\/Stereo91-20230504-1.jpg"},"magazineBlocksPostAuthor":{"name":"Redactor","avatar":"https:\/\/pornuestrolaredo.com\/wp-content\/litespeed\/avatar\/dca1d7ec750c399f025f23b0b314f4cf.jpg?ver=1777007253"},"magazineBlocksPostCommentsNumber":false,"magazineBlocksPostExcerpt":"Llevar\u00e1 a cabo acciones para consolidar a Nuevo Laredo, la regi\u00f3n y el Estado en punto estrat\u00e9gico de crecimiento e inversi\u00f3n","magazineBlocksPostCategories":["Los dos Laredos"],"magazineBlocksPostViewCount":129,"magazineBlocksPostReadTime":2,"magazine_blocks_featured_image_url":{"full":["https:\/\/pornuestrolaredo.com\/wp-content\/uploads\/2023\/05\/Stereo91-20230504-1.jpg",1280,695,false],"medium":["https:\/\/pornuestrolaredo.com\/wp-content\/uploads\/2023\/05\/Stereo91-20230504-1-300x163.jpg",300,163,true],"thumbnail":["https:\/\/pornuestrolaredo.com\/wp-content\/uploads\/2023\/05\/Stereo91-20230504-1-150x150.jpg",150,150,true]},"magazine_blocks_author":{"display_name":"Redactor","author_link":"https:\/\/pornuestrolaredo.com\/?author=1"},"magazine_blocks_comment":0,"magazine_blocks_author_image":"https:\/\/pornuestrolaredo.com\/wp-content\/litespeed\/avatar\/dca1d7ec750c399f025f23b0b314f4cf.jpg?ver=1777007253","magazine_blocks_category":"<a href=\"#\" class=\"category-link category-link-4\">Los dos Laredos<\/a>","jetpack_publicize_connections":[],"featured_image_urls":{"full":["https:\/\/pornuestrolaredo.com\/wp-content\/uploads\/2023\/05\/Stereo91-20230504-1.jpg",1280,695,false],"thumbnail":["https:\/\/pornuestrolaredo.com\/wp-content\/uploads\/2023\/05\/Stereo91-20230504-1-150x150.jpg",150,150,true],"medium":["https:\/\/pornuestrolaredo.com\/wp-content\/uploads\/2023\/05\/Stereo91-20230504-1-300x163.jpg",300,163,true],"medium_large":["https:\/\/pornuestrolaredo.com\/wp-content\/uploads\/2023\/05\/Stereo91-20230504-1-768x417.jpg",640,348,true],"large":["https:\/\/pornuestrolaredo.com\/wp-content\/uploads\/2023\/05\/Stereo91-20230504-1-1000x543.jpg",640,348,true],"1536x1536":["https:\/\/pornuestrolaredo.com\/wp-content\/uploads\/2023\/05\/Stereo91-20230504-1.jpg",1280,695,false],"2048x2048":["https:\/\/pornuestrolaredo.com\/wp-content\/uploads\/2023\/05\/Stereo91-20230504-1.jpg",1280,695,false],"morenews-large":["https:\/\/pornuestrolaredo.com\/wp-content\/uploads\/2023\/05\/Stereo91-20230504-1.jpg",825,448,false],"morenews-medium":["https:\/\/pornuestrolaredo.com\/wp-content\/uploads\/2023\/05\/Stereo91-20230504-1.jpg",590,320,false]},"author_info":{"info":["Redactor"]},"category_info":"<a href=\"https:\/\/pornuestrolaredo.com\/?cat=4\" rel=\"category\">Los dos Laredos<\/a>","tag_info":"Los dos Laredos","comment_count":"0","jetpack_featured_media_url":"https:\/\/pornuestrolaredo.com\/wp-content\/uploads\/2023\/05\/Stereo91-20230504-1.jpg","jetpack_sharing_enabled":true,"_links":{"self":[{"href":"https:\/\/pornuestrolaredo.com\/index.php?rest_route=\/wp\/v2\/posts\/2375","targetHints":{"allow":["GET"]}}],"collection":[{"href":"https:\/\/pornuestrolaredo.com\/index.php?rest_route=\/wp\/v2\/posts"}],"about":[{"href":"https:\/\/pornuestrolaredo.com\/index.php?rest_route=\/wp\/v2\/types\/post"}],"author":[{"embeddable":true,"href":"https:\/\/pornuestrolaredo.com\/index.php?rest_route=\/wp\/v2\/users\/1"}],"replies":[{"embeddable":true,"href":"https:\/\/pornuestrolaredo.com\/index.php?rest_route=%2Fwp%2Fv2%2Fcomments&post=2375"}],"version-history":[{"count":1,"href":"https:\/\/pornuestrolaredo.com\/index.php?rest_route=\/wp\/v2\/posts\/2375\/revisions"}],"predecessor-version":[{"id":2377,"href":"https:\/\/pornuestrolaredo.com\/index.php?rest_route=\/wp\/v2\/posts\/2375\/revisions\/2377"}],"wp:featuredmedia":[{"embeddable":true,"href":"https:\/\/pornuestrolaredo.com\/index.php?rest_route=\/wp\/v2\/media\/2376"}],"wp:attachment":[{"href":"https:\/\/pornuestrolaredo.com\/index.php?rest_route=%2Fwp%2Fv2%2Fmedia&parent=2375"}],"wp:term":[{"taxonomy":"category","embeddable":true,"href":"https:\/\/pornuestrolaredo.com\/index.php?rest_route=%2Fwp%2Fv2%2Fcategories&post=2375"},{"taxonomy":"post_tag","embeddable":true,"href":"https:\/\/pornuestrolaredo.com\/index.php?rest_route=%2Fwp%2Fv2%2Ftags&post=2375"}],"curies":[{"name":"wp","href":"https:\/\/api.w.org\/{rel}","templated":true}]}}