{"id":2381,"date":"2023-05-04T18:01:51","date_gmt":"2023-05-04T18:01:51","guid":{"rendered":"https:\/\/pornuestrolaredo.com\/?p=2381"},"modified":"2023-05-04T18:01:51","modified_gmt":"2023-05-04T18:01:51","slug":"tu-perro-tiene-problemas-emocionales","status":"publish","type":"post","link":"https:\/\/pornuestrolaredo.com\/?p=2381","title":{"rendered":"\u00bfTu perro tiene problemas emocionales?"},"content":{"rendered":"<p>Los perros, al igual que las personas, pueden experimentar problemas emocionales. Al ser conscientes de estas dificultades, podemos ayudar a nuestras mascotas a superar estos desaf\u00edos y mantener una vida feliz y saludable. Aqu\u00ed te damos las se\u00f1ales de que tu perro podr\u00eda estar experimentando problemas emocionales y c\u00f3mo abordarlos.<\/p>\n<p>Pon atenci\u00f3n si tu perro:<\/p>\n<p>1.- Pierde el apetito por largos periodos de tiempo.<br \/>\n2.- No manifiesta curiosidad por su entorno.<br \/>\n3.- Se le ve nervioso, deprimido o temeroso.<br \/>\n4.- Se espanta ante cualquier m\u00ednimo ruido.<br \/>\n5.- Se esconde.<br \/>\n6.- Trata de escapar a la primera oportunidad.<br \/>\n7.- Si lo tocas se asusta o se pone agresivo.<\/p>\n<p>Aborda los problemas emocionales de tu perro:<\/p>\n<p>1.- Evita castigar o gritarle a tu perro si se comporta de manera inusual.<br \/>\n2.- Proporciona un entorno seguro y enriquecedor para tu perro, con oportunidades para jugar, explorar y socializar con otros perros y personas.<br \/>\n3.-  Establece una rutina diaria que incluya ejercicio regular, tiempo de juego y momentos de descanso.<br \/>\n4.- Presta atenci\u00f3n a las se\u00f1ales de estr\u00e9s en tu perro y elimina o minimiza las situaciones que causan ansiedad.<br \/>\n5.- Proporciona a tu perro juguetes interactivos y desaf\u00edos mentales para mantenerlo estimulado y ocupado.<\/p>\n<p>Busca ayuda profesional si sospechas que tu perro tiene problemas emocionales, es fundamental buscar ayuda profesional. Un veterinario conductista o un et\u00f3logo pueden evaluar el comportamiento de tu perro y ofrecer orientaci\u00f3n sobre c\u00f3mo abordar sus problemas emocionales.<\/p>\n<p>La terapia conductual, como el entrenamiento en obediencia y modificaci\u00f3n del comportamiento, puede ser \u00fatil para abordar problemas emocionales en perros. Un entrenador profesional o et\u00f3logo con experiencia en problemas emocionales caninos puede ofrecer apoyo y orientaci\u00f3n en esta \u00e1rea.<\/p>\n<p>En algunos casos, los problemas emocionales en perros pueden estar relacionados con problemas de salud. Por lo tanto, es esencial llevar a tu perro a un chequeo veterinario completo para descartar cualquier problema m\u00e9dico que pueda estar contribuyendo a su malestar emocional.<\/p>\n<p>Mant\u00e9n una comunicaci\u00f3n abierta y honesta con el profesional que est\u00e9 ayudando a tu perro. Comparte tus observaciones y preocupaciones, y no dudes en hacer preguntas sobre el proceso de tratamiento.<\/p>\n<p>La paciencia y el compromiso son clave cuando se trata de abordar problemas emocionales en perros. Es posible que no veas resultados inmediatos, pero con el tiempo y la dedicaci\u00f3n adecuada, tu perro puede recuperar su bienestar emocional.<\/p>\n","protected":false},"excerpt":{"rendered":"<p>Como los humanos, las mascotas tambi\u00e9n pueden presentar angustia, ser infelices o estar estresados y entonces hay que ayudarlos<\/p>\n","protected":false},"author":1,"featured_media":2382,"comment_status":"closed","ping_status":"closed","sticky":false,"template":"","format":"standard","meta":{"_crdt_document":"","_jetpack_memberships_contains_paid_content":false,"footnotes":"","jetpack_publicize_message":"","jetpack_publicize_feature_enabled":true,"jetpack_social_post_already_shared":true,"jetpack_social_options":{"image_generator_settings":{"template":"highway","default_image_id":0,"font":"","enabled":false},"version":2},"_wpas_customize_per_network":false},"categories":[4],"tags":[],"class_list":["post-2381","post","type-post","status-publish","format-standard","has-post-thumbnail","hentry","category-los-dos-laredos"],"magazineBlocksPostFeaturedMedia":{"thumbnail":"https:\/\/pornuestrolaredo.com\/wp-content\/uploads\/2023\/05\/107FM-20230504-4-150x150.jpg","medium":"https:\/\/pornuestrolaredo.com\/wp-content\/uploads\/2023\/05\/107FM-20230504-4-300x180.jpg","medium_large":"https:\/\/pornuestrolaredo.com\/wp-content\/uploads\/2023\/05\/107FM-20230504-4-768x461.jpg","large":"https:\/\/pornuestrolaredo.com\/wp-content\/uploads\/2023\/05\/107FM-20230504-4.jpg","1536x1536":"https:\/\/pornuestrolaredo.com\/wp-content\/uploads\/2023\/05\/107FM-20230504-4.jpg","2048x2048":"https:\/\/pornuestrolaredo.com\/wp-content\/uploads\/2023\/05\/107FM-20230504-4.jpg","morenews-large":"https:\/\/pornuestrolaredo.com\/wp-content\/uploads\/2023\/05\/107FM-20230504-4.jpg","morenews-medium":"https:\/\/pornuestrolaredo.com\/wp-content\/uploads\/2023\/05\/107FM-20230504-4.jpg"},"magazineBlocksPostAuthor":{"name":"Redactor","avatar":"https:\/\/pornuestrolaredo.com\/wp-content\/litespeed\/avatar\/dca1d7ec750c399f025f23b0b314f4cf.jpg?ver=1777007253"},"magazineBlocksPostCommentsNumber":false,"magazineBlocksPostExcerpt":"Como los humanos, las mascotas tambi\u00e9n pueden presentar angustia, ser infelices o estar estresados y entonces hay que ayudarlos","magazineBlocksPostCategories":["Los dos Laredos"],"magazineBlocksPostViewCount":122,"magazineBlocksPostReadTime":3,"magazine_blocks_featured_image_url":{"full":["https:\/\/pornuestrolaredo.com\/wp-content\/uploads\/2023\/05\/107FM-20230504-4.jpg",1000,600,false],"medium":["https:\/\/pornuestrolaredo.com\/wp-content\/uploads\/2023\/05\/107FM-20230504-4-300x180.jpg",300,180,true],"thumbnail":["https:\/\/pornuestrolaredo.com\/wp-content\/uploads\/2023\/05\/107FM-20230504-4-150x150.jpg",150,150,true]},"magazine_blocks_author":{"display_name":"Redactor","author_link":"https:\/\/pornuestrolaredo.com\/?author=1"},"magazine_blocks_comment":0,"magazine_blocks_author_image":"https:\/\/pornuestrolaredo.com\/wp-content\/litespeed\/avatar\/dca1d7ec750c399f025f23b0b314f4cf.jpg?ver=1777007253","magazine_blocks_category":"<a href=\"#\" class=\"category-link category-link-4\">Los dos Laredos<\/a>","jetpack_publicize_connections":[],"featured_image_urls":{"full":["https:\/\/pornuestrolaredo.com\/wp-content\/uploads\/2023\/05\/107FM-20230504-4.jpg",1000,600,false],"thumbnail":["https:\/\/pornuestrolaredo.com\/wp-content\/uploads\/2023\/05\/107FM-20230504-4-150x150.jpg",150,150,true],"medium":["https:\/\/pornuestrolaredo.com\/wp-content\/uploads\/2023\/05\/107FM-20230504-4-300x180.jpg",300,180,true],"medium_large":["https:\/\/pornuestrolaredo.com\/wp-content\/uploads\/2023\/05\/107FM-20230504-4-768x461.jpg",640,384,true],"large":["https:\/\/pornuestrolaredo.com\/wp-content\/uploads\/2023\/05\/107FM-20230504-4.jpg",640,384,false],"1536x1536":["https:\/\/pornuestrolaredo.com\/wp-content\/uploads\/2023\/05\/107FM-20230504-4.jpg",1000,600,false],"2048x2048":["https:\/\/pornuestrolaredo.com\/wp-content\/uploads\/2023\/05\/107FM-20230504-4.jpg",1000,600,false],"morenews-large":["https:\/\/pornuestrolaredo.com\/wp-content\/uploads\/2023\/05\/107FM-20230504-4.jpg",825,495,false],"morenews-medium":["https:\/\/pornuestrolaredo.com\/wp-content\/uploads\/2023\/05\/107FM-20230504-4.jpg",590,354,false]},"author_info":{"info":["Redactor"]},"category_info":"<a href=\"https:\/\/pornuestrolaredo.com\/?cat=4\" rel=\"category\">Los dos Laredos<\/a>","tag_info":"Los dos Laredos","comment_count":"0","jetpack_featured_media_url":"https:\/\/pornuestrolaredo.com\/wp-content\/uploads\/2023\/05\/107FM-20230504-4.jpg","jetpack_sharing_enabled":true,"_links":{"self":[{"href":"https:\/\/pornuestrolaredo.com\/index.php?rest_route=\/wp\/v2\/posts\/2381","targetHints":{"allow":["GET"]}}],"collection":[{"href":"https:\/\/pornuestrolaredo.com\/index.php?rest_route=\/wp\/v2\/posts"}],"about":[{"href":"https:\/\/pornuestrolaredo.com\/index.php?rest_route=\/wp\/v2\/types\/post"}],"author":[{"embeddable":true,"href":"https:\/\/pornuestrolaredo.com\/index.php?rest_route=\/wp\/v2\/users\/1"}],"replies":[{"embeddable":true,"href":"https:\/\/pornuestrolaredo.com\/index.php?rest_route=%2Fwp%2Fv2%2Fcomments&post=2381"}],"version-history":[{"count":1,"href":"https:\/\/pornuestrolaredo.com\/index.php?rest_route=\/wp\/v2\/posts\/2381\/revisions"}],"predecessor-version":[{"id":2383,"href":"https:\/\/pornuestrolaredo.com\/index.php?rest_route=\/wp\/v2\/posts\/2381\/revisions\/2383"}],"wp:featuredmedia":[{"embeddable":true,"href":"https:\/\/pornuestrolaredo.com\/index.php?rest_route=\/wp\/v2\/media\/2382"}],"wp:attachment":[{"href":"https:\/\/pornuestrolaredo.com\/index.php?rest_route=%2Fwp%2Fv2%2Fmedia&parent=2381"}],"wp:term":[{"taxonomy":"category","embeddable":true,"href":"https:\/\/pornuestrolaredo.com\/index.php?rest_route=%2Fwp%2Fv2%2Fcategories&post=2381"},{"taxonomy":"post_tag","embeddable":true,"href":"https:\/\/pornuestrolaredo.com\/index.php?rest_route=%2Fwp%2Fv2%2Ftags&post=2381"}],"curies":[{"name":"wp","href":"https:\/\/api.w.org\/{rel}","templated":true}]}}