{"id":239,"date":"2022-09-09T21:32:44","date_gmt":"2022-09-09T21:32:44","guid":{"rendered":"https:\/\/pornuestrolaredo.com\/?p=239"},"modified":"2022-09-10T23:02:41","modified_gmt":"2022-09-10T23:02:41","slug":"se-aleja-de-bc-la-tormenta-tropical-kay","status":"publish","type":"post","link":"https:\/\/pornuestrolaredo.com\/?p=239","title":{"rendered":"Se aleja de BC la tormenta tropical Kay"},"content":{"rendered":"\n<p class=\"wp-block-paragraph\"><strong><em>CIUDAD DE M\u00c9XICO.-<\/em><\/strong> La tormenta tropical Kay parec\u00eda dirigirse el viernes hacia el mar, a poca distancia de la frontera de M\u00e9xico con Estados Unidos, despu\u00e9s de descargar lluvias intensas en una zona poco poblada de la pen\u00ednsula de Baja California. Se espera que Kay contin\u00fae debilit\u00e1ndose, pero podr\u00eda seguir provocando lluvias en el extremo sur de California durante el fin de semana.<\/p>\n\n\n\n<p class=\"wp-block-paragraph\">El ojo de Kay toc\u00f3 tierra el jueves por la tarde como\nhurac\u00e1n cerca de la Bah\u00eda Asunci\u00f3n, en el estado de Baja California Sur, pero\nel viernes era una tormenta tropical con vientos m\u00e1ximos sostenidos de 80 km\/h\n(50 mph).<\/p>\n\n\n\n<p class=\"wp-block-paragraph\">El v\u00f3rtice de Kay estaba unos 270 km (165 millas) al\nsur-sureste de San Diego, California, y avanzaba en direcci\u00f3n norte-noroeste a\n20 km\/h (13 mph). Se esperaba que la tormenta inicie un giro hacia el oeste que\nla har\u00eda adentrarse m\u00e1s en el Pac\u00edfico.<\/p>\n\n\n\n<p class=\"wp-block-paragraph\">El Centro Nacional de Huracanes de Estados Unidos (NHC, por\nsus siglas en ingl\u00e9s), con sede en Miami, afirm\u00f3 que hab\u00eda posibilidades de que\nlas bandas exteriores del meteoro descarguen lluvias fuertes \u2014y posiblemente\ncausando inundaciones repentinas\u2014 en partes del sur de California y el suroeste\nde Arizona el s\u00e1bado. Hubo algunas lloviznas en San Diego el viernes.<\/p>\n\n\n\n<p class=\"wp-block-paragraph\">El Centro dijo que \u201cson muy probables inundaciones peque\u00f1as\nrepentinas en \u00e1reas urbanas en el sur de California a partir de hoy,\nespecialmente en y cerca de los rangos peninsulares\u201d. Inundaciones peque\u00f1as\nrepentinas urbanas pudieran comenzar m\u00e1s tarde hoy en el suroeste de Arizona\u201d.<\/p>\n\n\n\n<p class=\"wp-block-paragraph\">Ivory Small, meteor\u00f3logo del Servicio Meteorol\u00f3gico Nacional\nen San Diego, dijo que se espera que Kay afecte el \u00e1rea del condado San Diego\ncon algo de menos fuerza que la de una tormenta tropical. Aunque su v\u00f3rtice\npermanecer\u00eda adentro en el mar, los vientos ser\u00edan lo suficientemente fuertes\npara derribar ramas de \u00e1rboles, a\u00f1adi\u00f3.<\/p>\n\n\n\n<p class=\"wp-block-paragraph\">En la costa se esperan aproximadamente 2.5 cent\u00edmetros (1\npulgada) de lluvia, mientras que en las monta\u00f1as podr\u00edan caer m\u00e1s de 10\ncent\u00edmetros (4 pulgadas), \u201cque es mucha lluvia para septiembre\u201d, inform\u00f3. Kay\npodr\u00eda provocar tambi\u00e9n un descenso de las temperaturas en los alrededores de\nSan Diego, que ha estado en alerta por calor excesivo.<\/p>\n\n\n\n<p class=\"wp-block-paragraph\">La \u00faltima vez que un hurac\u00e1n o una tormenta tropical\nllegaron cerca de San Diego fue Nora en 1997, que ingres\u00f3 a Estados Unidos como\ntormenta tropical cerca de Yuma, Arizona, y dej\u00f3 tambi\u00e9n 2.5 cent\u00edmetros de\nlluvia en el \u00e1rea de San Diego, agreg\u00f3 Small.<\/p>\n\n\n\n<p class=\"wp-block-paragraph\">El gobierno de Baja California Sur inform\u00f3 que m\u00e1s de mil 600\npersonas se hab\u00edan refugiado en albergues antes de la llegada del meteoro.\nAlgunos arroyos se desbordaron y se cerraron algunas carreteras, apuntaron las\nautoridades, que no reportaron v\u00edctimas ni lesionados.<\/p>\n\n\n\n<p class=\"wp-block-paragraph\">Por otra parte, en el Oc\u00e9ano Atl\u00e1ntico, el hurac\u00e1n Earl pas\u00f3 por el sureste de Bermuda el jueves por la noche tras debilitarse a categor\u00eda 3. <\/p>\n\n\n\n<p class=\"wp-block-paragraph\">El viernes, Earl estaba unos 410 kil\u00f3metros (255 millas) al este-noreste de Bermuda. Ten\u00eda vientos m\u00e1ximos sostenidos de 155 km\/h (100 mph) y se desplazaba hacia el noreste a 35 kil\u00f3metros por hora (22 mph). <\/p>\n\n\n\n<p class=\"wp-block-paragraph\">Earl dej\u00f3 sin electricidad a unos mil 500 usuarios a su paso por Bermuda el viernes por la ma\u00f1ana, derribando varios \u00e1rboles. <\/p>\n","protected":false},"excerpt":{"rendered":"<p>CIUDAD DE M\u00c9XICO.- La tormenta tropical Kay parec\u00eda dirigirse el viernes hacia el mar, a poca distancia de<\/p>\n","protected":false},"author":1,"featured_media":240,"comment_status":"closed","ping_status":"closed","sticky":false,"template":"","format":"standard","meta":{"_crdt_document":"","_jetpack_memberships_contains_paid_content":false,"footnotes":"","jetpack_publicize_message":"Sin embargo, deja fuertes lluvias en zonas poco pobladas de Baja California Sur","jetpack_publicize_feature_enabled":true,"jetpack_social_post_already_shared":true,"jetpack_social_options":{"image_generator_settings":{"template":"highway","default_image_id":0,"font":"","enabled":false},"version":2},"_wpas_customize_per_network":false},"categories":[9],"tags":[],"class_list":["post-239","post","type-post","status-publish","format-standard","has-post-thumbnail","hentry","category-el-mundo"],"magazineBlocksPostFeaturedMedia":{"thumbnail":"https:\/\/pornuestrolaredo.com\/wp-content\/uploads\/2022\/09\/Tormenta-Kay-150x150.jpeg","medium":"https:\/\/pornuestrolaredo.com\/wp-content\/uploads\/2022\/09\/Tormenta-Kay-300x167.jpeg","medium_large":"https:\/\/pornuestrolaredo.com\/wp-content\/uploads\/2022\/09\/Tormenta-Kay-768x426.jpeg","large":"https:\/\/pornuestrolaredo.com\/wp-content\/uploads\/2022\/09\/Tormenta-Kay.jpeg","1536x1536":"https:\/\/pornuestrolaredo.com\/wp-content\/uploads\/2022\/09\/Tormenta-Kay.jpeg","2048x2048":"https:\/\/pornuestrolaredo.com\/wp-content\/uploads\/2022\/09\/Tormenta-Kay.jpeg","morenews-large":"https:\/\/pornuestrolaredo.com\/wp-content\/uploads\/2022\/09\/Tormenta-Kay.jpeg","morenews-medium":"https:\/\/pornuestrolaredo.com\/wp-content\/uploads\/2022\/09\/Tormenta-Kay.jpeg"},"magazineBlocksPostAuthor":{"name":"Redactor","avatar":"https:\/\/pornuestrolaredo.com\/wp-content\/litespeed\/avatar\/dca1d7ec750c399f025f23b0b314f4cf.jpg?ver=1777612120"},"magazineBlocksPostCommentsNumber":false,"magazineBlocksPostExcerpt":"CIUDAD DE M\u00c9XICO.- La tormenta tropical Kay parec\u00eda dirigirse el viernes hacia el mar, a poca distancia de","magazineBlocksPostCategories":["El Mundo"],"magazineBlocksPostViewCount":149,"magazineBlocksPostReadTime":3,"magazine_blocks_featured_image_url":{"full":["https:\/\/pornuestrolaredo.com\/wp-content\/uploads\/2022\/09\/Tormenta-Kay.jpeg",1000,555,false],"medium":["https:\/\/pornuestrolaredo.com\/wp-content\/uploads\/2022\/09\/Tormenta-Kay-300x167.jpeg",300,167,true],"thumbnail":["https:\/\/pornuestrolaredo.com\/wp-content\/uploads\/2022\/09\/Tormenta-Kay-150x150.jpeg",150,150,true]},"magazine_blocks_author":{"display_name":"Redactor","author_link":"https:\/\/pornuestrolaredo.com\/?author=1"},"magazine_blocks_comment":0,"magazine_blocks_author_image":"https:\/\/pornuestrolaredo.com\/wp-content\/litespeed\/avatar\/dca1d7ec750c399f025f23b0b314f4cf.jpg?ver=1777612120","magazine_blocks_category":"<a href=\"#\" class=\"category-link category-link-9\">El Mundo<\/a>","jetpack_publicize_connections":[],"featured_image_urls":{"full":["https:\/\/pornuestrolaredo.com\/wp-content\/uploads\/2022\/09\/Tormenta-Kay.jpeg",1000,555,false],"thumbnail":["https:\/\/pornuestrolaredo.com\/wp-content\/uploads\/2022\/09\/Tormenta-Kay-150x150.jpeg",150,150,true],"medium":["https:\/\/pornuestrolaredo.com\/wp-content\/uploads\/2022\/09\/Tormenta-Kay-300x167.jpeg",300,167,true],"medium_large":["https:\/\/pornuestrolaredo.com\/wp-content\/uploads\/2022\/09\/Tormenta-Kay-768x426.jpeg",640,355,true],"large":["https:\/\/pornuestrolaredo.com\/wp-content\/uploads\/2022\/09\/Tormenta-Kay.jpeg",640,355,false],"1536x1536":["https:\/\/pornuestrolaredo.com\/wp-content\/uploads\/2022\/09\/Tormenta-Kay.jpeg",1000,555,false],"2048x2048":["https:\/\/pornuestrolaredo.com\/wp-content\/uploads\/2022\/09\/Tormenta-Kay.jpeg",1000,555,false],"morenews-large":["https:\/\/pornuestrolaredo.com\/wp-content\/uploads\/2022\/09\/Tormenta-Kay.jpeg",825,458,false],"morenews-medium":["https:\/\/pornuestrolaredo.com\/wp-content\/uploads\/2022\/09\/Tormenta-Kay.jpeg",590,327,false]},"author_info":{"info":["Redactor"]},"category_info":"<a href=\"https:\/\/pornuestrolaredo.com\/?cat=9\" rel=\"category\">El Mundo<\/a>","tag_info":"El Mundo","comment_count":"0","jetpack_featured_media_url":"https:\/\/pornuestrolaredo.com\/wp-content\/uploads\/2022\/09\/Tormenta-Kay.jpeg","jetpack_sharing_enabled":true,"_links":{"self":[{"href":"https:\/\/pornuestrolaredo.com\/index.php?rest_route=\/wp\/v2\/posts\/239","targetHints":{"allow":["GET"]}}],"collection":[{"href":"https:\/\/pornuestrolaredo.com\/index.php?rest_route=\/wp\/v2\/posts"}],"about":[{"href":"https:\/\/pornuestrolaredo.com\/index.php?rest_route=\/wp\/v2\/types\/post"}],"author":[{"embeddable":true,"href":"https:\/\/pornuestrolaredo.com\/index.php?rest_route=\/wp\/v2\/users\/1"}],"replies":[{"embeddable":true,"href":"https:\/\/pornuestrolaredo.com\/index.php?rest_route=%2Fwp%2Fv2%2Fcomments&post=239"}],"version-history":[{"count":2,"href":"https:\/\/pornuestrolaredo.com\/index.php?rest_route=\/wp\/v2\/posts\/239\/revisions"}],"predecessor-version":[{"id":263,"href":"https:\/\/pornuestrolaredo.com\/index.php?rest_route=\/wp\/v2\/posts\/239\/revisions\/263"}],"wp:featuredmedia":[{"embeddable":true,"href":"https:\/\/pornuestrolaredo.com\/index.php?rest_route=\/wp\/v2\/media\/240"}],"wp:attachment":[{"href":"https:\/\/pornuestrolaredo.com\/index.php?rest_route=%2Fwp%2Fv2%2Fmedia&parent=239"}],"wp:term":[{"taxonomy":"category","embeddable":true,"href":"https:\/\/pornuestrolaredo.com\/index.php?rest_route=%2Fwp%2Fv2%2Fcategories&post=239"},{"taxonomy":"post_tag","embeddable":true,"href":"https:\/\/pornuestrolaredo.com\/index.php?rest_route=%2Fwp%2Fv2%2Ftags&post=239"}],"curies":[{"name":"wp","href":"https:\/\/api.w.org\/{rel}","templated":true}]}}