{"id":2393,"date":"2023-05-07T07:23:08","date_gmt":"2023-05-07T07:23:08","guid":{"rendered":"https:\/\/pornuestrolaredo.com\/?p=2393"},"modified":"2023-05-07T07:23:08","modified_gmt":"2023-05-07T07:23:08","slug":"repunta-el-empleo-en-nuevo-laredo","status":"publish","type":"post","link":"https:\/\/pornuestrolaredo.com\/?p=2393","title":{"rendered":"Repunta el empleo en Nuevo Laredo"},"content":{"rendered":"<p>NUEVO LAREDO.- En los primeros cinco meses del 2023, 5 mil ciudadanos fueron vinculados con empresas de diversos giros con los programas que brinda el Gobierno Municipal para impulsar la generaci\u00f3n de empleo.<\/p>\n<p>Aunado a esto el Instituto Mexicano del Seguro Social (IMSS) report\u00f3 que en el transcurso de enero a marzo, 2 mil 998 personas se dieron de alta, lo que reflej\u00f3 la funcionalidad de los programas Empleo en tu colonia, Ferias del Empleo y la Bolsa de Empleo Municipal.<\/p>\n<blockquote><p>Una forma de certificar la eficiencia de estos programas es cruzar la informaci\u00f3n con el IMSS, pues con los datos que nos dan constatamos la eficacia de estos eventos municipales\u201d, se\u00f1al\u00f3 Jaime Mireles de la Cruz, director de Comercio, Empleo y Pymes.<\/p><\/blockquote>\n<p>Destac\u00f3 que en el a\u00f1o 2022 fueron 6 mil nuevos empleos los que se generaron, \u201cestamos hablando que en tres meses llevamos la mitad, lo que quiere decir que este a\u00f1o ser\u00e1 mucho mejor que el a\u00f1o pasado\u201d, indic\u00f3.<\/p>\n<p>Recalc\u00f3 que la alcaldesa Carmen Lilia Canturosas mantiene su compromiso de continuar impulsando el desarrollo econ\u00f3mico en la ciudad y dar a la poblaci\u00f3n oportunidades para mejorar su calidad de vida.<\/p>\n<p>El director de la dependencia municipal inform\u00f3 que el pr\u00f3ximo 31 de mayo se realizar\u00e1 una Feria del Empleo de la Industria Maquiladora en el Centro C\u00edvico de 9:00 de la ma\u00f1ana a 2:30 de la tarde.<\/p>\n<p>Mediante el programa Empleo en tu colonia que se realiza dos veces por semana en diversos sectores de la ciudad se brindan m\u00e1s de 600 vacantes, en el que acuden de 20 a 30 empresas entre maquiladoras, transportistas, agencias aduanales, y comerciales.<\/p>\n<p>El pr\u00f3ximo martes 9 de mayo el programa se instalar\u00e1 en el estacionamiento de Soriana Carrizo en Belden entre avenida Revoluci\u00f3n y Eva Samano de 9:00 de la ma\u00f1ana a 1:00 de la tarde.<\/p>\n","protected":false},"excerpt":{"rendered":"<p>Programas municipales logran vincular 5 mil ciudadanos con empresas de diversos giros<\/p>\n","protected":false},"author":1,"featured_media":2394,"comment_status":"closed","ping_status":"closed","sticky":false,"template":"","format":"standard","meta":{"_crdt_document":"","_jetpack_memberships_contains_paid_content":false,"footnotes":"","jetpack_publicize_message":"","jetpack_publicize_feature_enabled":true,"jetpack_social_post_already_shared":true,"jetpack_social_options":{"image_generator_settings":{"template":"highway","default_image_id":0,"font":"","enabled":false},"version":2},"_wpas_customize_per_network":false},"categories":[4],"tags":[],"class_list":["post-2393","post","type-post","status-publish","format-standard","has-post-thumbnail","hentry","category-los-dos-laredos"],"magazineBlocksPostFeaturedMedia":{"thumbnail":"https:\/\/pornuestrolaredo.com\/wp-content\/uploads\/2023\/05\/PBL-20220506-8-150x150.jpg","medium":"https:\/\/pornuestrolaredo.com\/wp-content\/uploads\/2023\/05\/PBL-20220506-8-300x200.jpg","medium_large":"https:\/\/pornuestrolaredo.com\/wp-content\/uploads\/2023\/05\/PBL-20220506-8-768x512.jpg","large":"https:\/\/pornuestrolaredo.com\/wp-content\/uploads\/2023\/05\/PBL-20220506-8-1000x666.jpg","1536x1536":"https:\/\/pornuestrolaredo.com\/wp-content\/uploads\/2023\/05\/PBL-20220506-8.jpg","2048x2048":"https:\/\/pornuestrolaredo.com\/wp-content\/uploads\/2023\/05\/PBL-20220506-8.jpg","morenews-large":"https:\/\/pornuestrolaredo.com\/wp-content\/uploads\/2023\/05\/PBL-20220506-8.jpg","morenews-medium":"https:\/\/pornuestrolaredo.com\/wp-content\/uploads\/2023\/05\/PBL-20220506-8.jpg"},"magazineBlocksPostAuthor":{"name":"Redactor","avatar":"https:\/\/pornuestrolaredo.com\/wp-content\/litespeed\/avatar\/dca1d7ec750c399f025f23b0b314f4cf.jpg?ver=1777007253"},"magazineBlocksPostCommentsNumber":false,"magazineBlocksPostExcerpt":"Programas municipales logran vincular 5 mil ciudadanos con empresas de diversos giros","magazineBlocksPostCategories":["Los dos Laredos"],"magazineBlocksPostViewCount":123,"magazineBlocksPostReadTime":2,"magazine_blocks_featured_image_url":{"full":["https:\/\/pornuestrolaredo.com\/wp-content\/uploads\/2023\/05\/PBL-20220506-8.jpg",1280,853,false],"medium":["https:\/\/pornuestrolaredo.com\/wp-content\/uploads\/2023\/05\/PBL-20220506-8-300x200.jpg",300,200,true],"thumbnail":["https:\/\/pornuestrolaredo.com\/wp-content\/uploads\/2023\/05\/PBL-20220506-8-150x150.jpg",150,150,true]},"magazine_blocks_author":{"display_name":"Redactor","author_link":"https:\/\/pornuestrolaredo.com\/?author=1"},"magazine_blocks_comment":0,"magazine_blocks_author_image":"https:\/\/pornuestrolaredo.com\/wp-content\/litespeed\/avatar\/dca1d7ec750c399f025f23b0b314f4cf.jpg?ver=1777007253","magazine_blocks_category":"<a href=\"#\" class=\"category-link category-link-4\">Los dos Laredos<\/a>","jetpack_publicize_connections":[],"featured_image_urls":{"full":["https:\/\/pornuestrolaredo.com\/wp-content\/uploads\/2023\/05\/PBL-20220506-8.jpg",1280,853,false],"thumbnail":["https:\/\/pornuestrolaredo.com\/wp-content\/uploads\/2023\/05\/PBL-20220506-8-150x150.jpg",150,150,true],"medium":["https:\/\/pornuestrolaredo.com\/wp-content\/uploads\/2023\/05\/PBL-20220506-8-300x200.jpg",300,200,true],"medium_large":["https:\/\/pornuestrolaredo.com\/wp-content\/uploads\/2023\/05\/PBL-20220506-8-768x512.jpg",640,427,true],"large":["https:\/\/pornuestrolaredo.com\/wp-content\/uploads\/2023\/05\/PBL-20220506-8-1000x666.jpg",640,426,true],"1536x1536":["https:\/\/pornuestrolaredo.com\/wp-content\/uploads\/2023\/05\/PBL-20220506-8.jpg",1280,853,false],"2048x2048":["https:\/\/pornuestrolaredo.com\/wp-content\/uploads\/2023\/05\/PBL-20220506-8.jpg",1280,853,false],"morenews-large":["https:\/\/pornuestrolaredo.com\/wp-content\/uploads\/2023\/05\/PBL-20220506-8.jpg",825,550,false],"morenews-medium":["https:\/\/pornuestrolaredo.com\/wp-content\/uploads\/2023\/05\/PBL-20220506-8.jpg",590,393,false]},"author_info":{"info":["Redactor"]},"category_info":"<a href=\"https:\/\/pornuestrolaredo.com\/?cat=4\" rel=\"category\">Los dos Laredos<\/a>","tag_info":"Los dos Laredos","comment_count":"0","jetpack_featured_media_url":"https:\/\/pornuestrolaredo.com\/wp-content\/uploads\/2023\/05\/PBL-20220506-8.jpg","jetpack_sharing_enabled":true,"_links":{"self":[{"href":"https:\/\/pornuestrolaredo.com\/index.php?rest_route=\/wp\/v2\/posts\/2393","targetHints":{"allow":["GET"]}}],"collection":[{"href":"https:\/\/pornuestrolaredo.com\/index.php?rest_route=\/wp\/v2\/posts"}],"about":[{"href":"https:\/\/pornuestrolaredo.com\/index.php?rest_route=\/wp\/v2\/types\/post"}],"author":[{"embeddable":true,"href":"https:\/\/pornuestrolaredo.com\/index.php?rest_route=\/wp\/v2\/users\/1"}],"replies":[{"embeddable":true,"href":"https:\/\/pornuestrolaredo.com\/index.php?rest_route=%2Fwp%2Fv2%2Fcomments&post=2393"}],"version-history":[{"count":1,"href":"https:\/\/pornuestrolaredo.com\/index.php?rest_route=\/wp\/v2\/posts\/2393\/revisions"}],"predecessor-version":[{"id":2395,"href":"https:\/\/pornuestrolaredo.com\/index.php?rest_route=\/wp\/v2\/posts\/2393\/revisions\/2395"}],"wp:featuredmedia":[{"embeddable":true,"href":"https:\/\/pornuestrolaredo.com\/index.php?rest_route=\/wp\/v2\/media\/2394"}],"wp:attachment":[{"href":"https:\/\/pornuestrolaredo.com\/index.php?rest_route=%2Fwp%2Fv2%2Fmedia&parent=2393"}],"wp:term":[{"taxonomy":"category","embeddable":true,"href":"https:\/\/pornuestrolaredo.com\/index.php?rest_route=%2Fwp%2Fv2%2Fcategories&post=2393"},{"taxonomy":"post_tag","embeddable":true,"href":"https:\/\/pornuestrolaredo.com\/index.php?rest_route=%2Fwp%2Fv2%2Ftags&post=2393"}],"curies":[{"name":"wp","href":"https:\/\/api.w.org\/{rel}","templated":true}]}}