{"id":2396,"date":"2023-05-07T07:40:24","date_gmt":"2023-05-07T07:40:24","guid":{"rendered":"https:\/\/pornuestrolaredo.com\/?p=2396"},"modified":"2023-05-07T07:40:24","modified_gmt":"2023-05-07T07:40:24","slug":"promoveran-el-turismo-universitarios-neolaredenses","status":"publish","type":"post","link":"https:\/\/pornuestrolaredo.com\/?p=2396","title":{"rendered":"Promover\u00e1n el turismo universitarios neolaredenses"},"content":{"rendered":"<p><strong><em>NUEVO LAREDO.-<\/em> <\/strong>El Gobierno Municipal, a trav\u00e9s de la Direcci\u00f3n de Turismo, lanz\u00f3 la convocatoria para el certamen #TurismoNLD, el cual est\u00e1 dirigido a estudiantes universitarios y que tiene la finalidad de promover Nuevo Laredo.<\/p>\n<p>El director de la dependencia, Ernesto Salda\u00f1a Medrano, inform\u00f3 que el concurso tendr\u00e1 premios en efectivo para los tres primeros lugares: primero con 5 mil pesos, segundo con 3 mil pesos y tercero con 2 mil pesos. Los premios aumentar\u00e1n conforme se integren m\u00e1s patrocinadores y al momento as\u00ed va la bolsa de efectivo.<\/p>\n<blockquote><p>Los principales promotores tur\u00edsticos de la ciudad somos los neolaredenses; tenemos hoteles, museos, restaurantes y hacemos la invitaci\u00f3n para que los j\u00f3venes reconozcan estos lugares y motiven a extranjeros a que vengan a conocer estos espacios\u201d, se\u00f1al\u00f3.<\/p><\/blockquote>\n<p>Explic\u00f3 que el video puede ser individual o en equipo de hasta cinco personas, debe tener una duraci\u00f3n de 30 a 40 segundos y tendr\u00e1 que ser enviado antes del 9 de mayo en formato MP4 al siguiente correo electr\u00f3nico: turismo@nld.gob.mx; se debe adjuntar nombre del representante del documento y un n\u00famero telef\u00f3nico.<\/p>\n<blockquote><p>El ganador ser\u00e1 presentado el 20 de mayo en una feria tur\u00edstica que organizaremos ese d\u00eda en la explanada de la independencia, habr\u00e1 rifas, concursos y m\u00e1s sorpresas, todo esto en la Explanada de la Independencia\u201d, detall\u00f3.<\/p><\/blockquote>\n<p>El evento tendr\u00e1 un pabell\u00f3n gastron\u00f3mico del taco y tendr\u00e1 un horario de 4:00 PM a 11:00 PM.<\/p>\n","protected":false},"excerpt":{"rendered":"<p>Lanza Gobierno Municipal, a trav\u00e9s de la Direcci\u00f3n de Turismo convocatoria para concurso<\/p>\n","protected":false},"author":1,"featured_media":2397,"comment_status":"closed","ping_status":"closed","sticky":false,"template":"","format":"standard","meta":{"_crdt_document":"","_jetpack_memberships_contains_paid_content":false,"footnotes":"","jetpack_publicize_message":"","jetpack_publicize_feature_enabled":true,"jetpack_social_post_already_shared":true,"jetpack_social_options":{"image_generator_settings":{"template":"highway","default_image_id":0,"font":"","enabled":false},"version":2},"_wpas_customize_per_network":false},"categories":[4],"tags":[],"class_list":["post-2396","post","type-post","status-publish","format-standard","has-post-thumbnail","hentry","category-los-dos-laredos"],"magazineBlocksPostFeaturedMedia":{"thumbnail":"https:\/\/pornuestrolaredo.com\/wp-content\/uploads\/2023\/05\/PBL-20220506-9-150x150.jpg","medium":"https:\/\/pornuestrolaredo.com\/wp-content\/uploads\/2023\/05\/PBL-20220506-9-300x200.jpg","medium_large":"https:\/\/pornuestrolaredo.com\/wp-content\/uploads\/2023\/05\/PBL-20220506-9-768x511.jpg","large":"https:\/\/pornuestrolaredo.com\/wp-content\/uploads\/2023\/05\/PBL-20220506-9-1000x666.jpg","1536x1536":"https:\/\/pornuestrolaredo.com\/wp-content\/uploads\/2023\/05\/PBL-20220506-9.jpg","2048x2048":"https:\/\/pornuestrolaredo.com\/wp-content\/uploads\/2023\/05\/PBL-20220506-9.jpg","morenews-large":"https:\/\/pornuestrolaredo.com\/wp-content\/uploads\/2023\/05\/PBL-20220506-9.jpg","morenews-medium":"https:\/\/pornuestrolaredo.com\/wp-content\/uploads\/2023\/05\/PBL-20220506-9.jpg"},"magazineBlocksPostAuthor":{"name":"Redactor","avatar":"https:\/\/pornuestrolaredo.com\/wp-content\/litespeed\/avatar\/dca1d7ec750c399f025f23b0b314f4cf.jpg?ver=1777007253"},"magazineBlocksPostCommentsNumber":false,"magazineBlocksPostExcerpt":"Lanza Gobierno Municipal, a trav\u00e9s de la Direcci\u00f3n de Turismo convocatoria para concurso","magazineBlocksPostCategories":["Los dos Laredos"],"magazineBlocksPostViewCount":148,"magazineBlocksPostReadTime":2,"magazine_blocks_featured_image_url":{"full":["https:\/\/pornuestrolaredo.com\/wp-content\/uploads\/2023\/05\/PBL-20220506-9.jpg",1280,852,false],"medium":["https:\/\/pornuestrolaredo.com\/wp-content\/uploads\/2023\/05\/PBL-20220506-9-300x200.jpg",300,200,true],"thumbnail":["https:\/\/pornuestrolaredo.com\/wp-content\/uploads\/2023\/05\/PBL-20220506-9-150x150.jpg",150,150,true]},"magazine_blocks_author":{"display_name":"Redactor","author_link":"https:\/\/pornuestrolaredo.com\/?author=1"},"magazine_blocks_comment":0,"magazine_blocks_author_image":"https:\/\/pornuestrolaredo.com\/wp-content\/litespeed\/avatar\/dca1d7ec750c399f025f23b0b314f4cf.jpg?ver=1777007253","magazine_blocks_category":"<a href=\"#\" class=\"category-link category-link-4\">Los dos Laredos<\/a>","jetpack_publicize_connections":[],"featured_image_urls":{"full":["https:\/\/pornuestrolaredo.com\/wp-content\/uploads\/2023\/05\/PBL-20220506-9.jpg",1280,852,false],"thumbnail":["https:\/\/pornuestrolaredo.com\/wp-content\/uploads\/2023\/05\/PBL-20220506-9-150x150.jpg",150,150,true],"medium":["https:\/\/pornuestrolaredo.com\/wp-content\/uploads\/2023\/05\/PBL-20220506-9-300x200.jpg",300,200,true],"medium_large":["https:\/\/pornuestrolaredo.com\/wp-content\/uploads\/2023\/05\/PBL-20220506-9-768x511.jpg",640,426,true],"large":["https:\/\/pornuestrolaredo.com\/wp-content\/uploads\/2023\/05\/PBL-20220506-9-1000x666.jpg",640,426,true],"1536x1536":["https:\/\/pornuestrolaredo.com\/wp-content\/uploads\/2023\/05\/PBL-20220506-9.jpg",1280,852,false],"2048x2048":["https:\/\/pornuestrolaredo.com\/wp-content\/uploads\/2023\/05\/PBL-20220506-9.jpg",1280,852,false],"morenews-large":["https:\/\/pornuestrolaredo.com\/wp-content\/uploads\/2023\/05\/PBL-20220506-9.jpg",825,549,false],"morenews-medium":["https:\/\/pornuestrolaredo.com\/wp-content\/uploads\/2023\/05\/PBL-20220506-9.jpg",590,393,false]},"author_info":{"info":["Redactor"]},"category_info":"<a href=\"https:\/\/pornuestrolaredo.com\/?cat=4\" rel=\"category\">Los dos Laredos<\/a>","tag_info":"Los dos Laredos","comment_count":"0","jetpack_featured_media_url":"https:\/\/pornuestrolaredo.com\/wp-content\/uploads\/2023\/05\/PBL-20220506-9.jpg","jetpack_sharing_enabled":true,"_links":{"self":[{"href":"https:\/\/pornuestrolaredo.com\/index.php?rest_route=\/wp\/v2\/posts\/2396","targetHints":{"allow":["GET"]}}],"collection":[{"href":"https:\/\/pornuestrolaredo.com\/index.php?rest_route=\/wp\/v2\/posts"}],"about":[{"href":"https:\/\/pornuestrolaredo.com\/index.php?rest_route=\/wp\/v2\/types\/post"}],"author":[{"embeddable":true,"href":"https:\/\/pornuestrolaredo.com\/index.php?rest_route=\/wp\/v2\/users\/1"}],"replies":[{"embeddable":true,"href":"https:\/\/pornuestrolaredo.com\/index.php?rest_route=%2Fwp%2Fv2%2Fcomments&post=2396"}],"version-history":[{"count":1,"href":"https:\/\/pornuestrolaredo.com\/index.php?rest_route=\/wp\/v2\/posts\/2396\/revisions"}],"predecessor-version":[{"id":2398,"href":"https:\/\/pornuestrolaredo.com\/index.php?rest_route=\/wp\/v2\/posts\/2396\/revisions\/2398"}],"wp:featuredmedia":[{"embeddable":true,"href":"https:\/\/pornuestrolaredo.com\/index.php?rest_route=\/wp\/v2\/media\/2397"}],"wp:attachment":[{"href":"https:\/\/pornuestrolaredo.com\/index.php?rest_route=%2Fwp%2Fv2%2Fmedia&parent=2396"}],"wp:term":[{"taxonomy":"category","embeddable":true,"href":"https:\/\/pornuestrolaredo.com\/index.php?rest_route=%2Fwp%2Fv2%2Fcategories&post=2396"},{"taxonomy":"post_tag","embeddable":true,"href":"https:\/\/pornuestrolaredo.com\/index.php?rest_route=%2Fwp%2Fv2%2Ftags&post=2396"}],"curies":[{"name":"wp","href":"https:\/\/api.w.org\/{rel}","templated":true}]}}