{"id":2399,"date":"2023-05-07T23:47:10","date_gmt":"2023-05-07T23:47:10","guid":{"rendered":"https:\/\/pornuestrolaredo.com\/?p=2399"},"modified":"2023-05-07T23:47:10","modified_gmt":"2023-05-07T23:47:10","slug":"presume-outfit-de-bautizo-la-critican-y-ya-no-sera-madrina","status":"publish","type":"post","link":"https:\/\/pornuestrolaredo.com\/?p=2399","title":{"rendered":"Presume outfit de bautizo, la critican y ya no ser\u00e1 madrina"},"content":{"rendered":"<p>CIUDAD DE M\u00c9XICO.- Una mujer fue elegida para ser madrina de bautizo de un menor, sin embargo, luego de ser criticada por su vestimenta, la dama desestim\u00f3 la responsabilidad pues no soport\u00f3 las duras cr\u00edticas a la que fue sometida en redes sociales.<\/p>\n<p>As\u00ed es, a la mujer se le hizo f\u00e1cil presumir en redes sociales el outfit que usar\u00eda en la ceremonia religiosa, el cual cumple con el color que se pide de cara a esta celebraci\u00f3n eclesi\u00e1stica, sin embargo, para los internautas existieron dos cosas que no fueron vistas de manera correcta.<\/p>\n<p>De acuerdo a lo que se sabe, una vez que la dama public\u00f3 la vestimenta, diversos internautas se manifestaron en contra del vestido que usar\u00e1, debido a que es muy provocativo pues es demasiado entallado y adem\u00e1s corto y destapado.<\/p>\n<p>Es un modelo muy atrevido que sin duda alguna va a robarse las miradas de todos los invitados por lo entallado. No es la mejor elecci\u00f3n para acudir a la iglesia y celebrar este tipo de eventos\u201d, fue uno de los muchos comentarios vertidos en las redes sociales.<\/p>\n<p>Despu\u00e9s de leer las opiniones de los usuarios en redes, la mujer decidi\u00f3 rechazar el ofrecimiento de ser madrina, pues asegura que lo que menos busca es ser juzgada por la gente y sobre todo que esto afecte al que pudo ser su ahijado.<\/p>\n<p>La decisi\u00f3n no fue bien recibida por otro sector de usuarios, quienes la impulsaron a no tomar en cuenta los comentarios de los dem\u00e1s y cumplir con la promesa y la responsabilidad que las personas que la eligieron le encomendaron.<\/p>\n<p>\u00bfQU\u00c9 ES EL BAUTISMO?<br \/>\nEl bautismo  es un rito de adopci\u00f3n y admisi\u00f3n al cristianismo casi invariablemente asociado con el uso de agua. Para distintas Iglesias cristianas tales como la cat\u00f3lica, ortodoxa, algunas protestantes hist\u00f3ricas como la anglicana, entre otras, el bautismo se considera un sacramento.<\/p>\n<p>\u00bfQU\u00c9 ES UN SACRAMENTO? \u00bfCU\u00c1NTOS SON?<br \/>\nLos sacramentos son signos eficaces de la gracia, instituidos por Cristo y confiados a la Iglesia por los cuales nos es dispensada la vida divina. Los ritos visibles bajo los cuales los sacramentos son celebrados significan y realizan las gracias propias de cada sacramento.<br \/>\nEn la Iglesia hay siete sacramentos: Bautismo, Confirmaci\u00f3n o Crismaci\u00f3n, Eucarist\u00eda, Penitencia, Unci\u00f3n de los enfermos, Orden sacerdotal y Matrimonio.<\/p>\n","protected":false},"excerpt":{"rendered":"<p>Internautas \u2018se molestan\u2019 por que el vestido, aunque es blanco, es corto y pegado al cuerpo<\/p>\n","protected":false},"author":1,"featured_media":2400,"comment_status":"closed","ping_status":"closed","sticky":false,"template":"","format":"standard","meta":{"_crdt_document":"","_jetpack_memberships_contains_paid_content":false,"footnotes":"","jetpack_publicize_message":"","jetpack_publicize_feature_enabled":true,"jetpack_social_post_already_shared":true,"jetpack_social_options":{"image_generator_settings":{"template":"highway","default_image_id":0,"font":"","enabled":false},"version":2},"_wpas_customize_per_network":false},"categories":[9],"tags":[],"class_list":["post-2399","post","type-post","status-publish","format-standard","has-post-thumbnail","hentry","category-el-mundo"],"magazineBlocksPostFeaturedMedia":{"thumbnail":"https:\/\/pornuestrolaredo.com\/wp-content\/uploads\/2023\/05\/PNL-20230507-1-150x150.jpg","medium":"https:\/\/pornuestrolaredo.com\/wp-content\/uploads\/2023\/05\/PNL-20230507-1-300x175.jpg","medium_large":"https:\/\/pornuestrolaredo.com\/wp-content\/uploads\/2023\/05\/PNL-20230507-1-768x448.jpg","large":"https:\/\/pornuestrolaredo.com\/wp-content\/uploads\/2023\/05\/PNL-20230507-1.jpg","1536x1536":"https:\/\/pornuestrolaredo.com\/wp-content\/uploads\/2023\/05\/PNL-20230507-1.jpg","2048x2048":"https:\/\/pornuestrolaredo.com\/wp-content\/uploads\/2023\/05\/PNL-20230507-1.jpg","morenews-large":"https:\/\/pornuestrolaredo.com\/wp-content\/uploads\/2023\/05\/PNL-20230507-1.jpg","morenews-medium":"https:\/\/pornuestrolaredo.com\/wp-content\/uploads\/2023\/05\/PNL-20230507-1.jpg"},"magazineBlocksPostAuthor":{"name":"Redactor","avatar":"https:\/\/pornuestrolaredo.com\/wp-content\/litespeed\/avatar\/dca1d7ec750c399f025f23b0b314f4cf.jpg?ver=1777007253"},"magazineBlocksPostCommentsNumber":false,"magazineBlocksPostExcerpt":"Internautas \u2018se molestan\u2019 por que el vestido, aunque es blanco, es corto y pegado al cuerpo","magazineBlocksPostCategories":["El Mundo"],"magazineBlocksPostViewCount":121,"magazineBlocksPostReadTime":3,"magazine_blocks_featured_image_url":{"full":["https:\/\/pornuestrolaredo.com\/wp-content\/uploads\/2023\/05\/PNL-20230507-1.jpg",1000,583,false],"medium":["https:\/\/pornuestrolaredo.com\/wp-content\/uploads\/2023\/05\/PNL-20230507-1-300x175.jpg",300,175,true],"thumbnail":["https:\/\/pornuestrolaredo.com\/wp-content\/uploads\/2023\/05\/PNL-20230507-1-150x150.jpg",150,150,true]},"magazine_blocks_author":{"display_name":"Redactor","author_link":"https:\/\/pornuestrolaredo.com\/?author=1"},"magazine_blocks_comment":0,"magazine_blocks_author_image":"https:\/\/pornuestrolaredo.com\/wp-content\/litespeed\/avatar\/dca1d7ec750c399f025f23b0b314f4cf.jpg?ver=1777007253","magazine_blocks_category":"<a href=\"#\" class=\"category-link category-link-9\">El Mundo<\/a>","jetpack_publicize_connections":[],"featured_image_urls":{"full":["https:\/\/pornuestrolaredo.com\/wp-content\/uploads\/2023\/05\/PNL-20230507-1.jpg",1000,583,false],"thumbnail":["https:\/\/pornuestrolaredo.com\/wp-content\/uploads\/2023\/05\/PNL-20230507-1-150x150.jpg",150,150,true],"medium":["https:\/\/pornuestrolaredo.com\/wp-content\/uploads\/2023\/05\/PNL-20230507-1-300x175.jpg",300,175,true],"medium_large":["https:\/\/pornuestrolaredo.com\/wp-content\/uploads\/2023\/05\/PNL-20230507-1-768x448.jpg",640,373,true],"large":["https:\/\/pornuestrolaredo.com\/wp-content\/uploads\/2023\/05\/PNL-20230507-1.jpg",640,373,false],"1536x1536":["https:\/\/pornuestrolaredo.com\/wp-content\/uploads\/2023\/05\/PNL-20230507-1.jpg",1000,583,false],"2048x2048":["https:\/\/pornuestrolaredo.com\/wp-content\/uploads\/2023\/05\/PNL-20230507-1.jpg",1000,583,false],"morenews-large":["https:\/\/pornuestrolaredo.com\/wp-content\/uploads\/2023\/05\/PNL-20230507-1.jpg",825,481,false],"morenews-medium":["https:\/\/pornuestrolaredo.com\/wp-content\/uploads\/2023\/05\/PNL-20230507-1.jpg",590,344,false]},"author_info":{"info":["Redactor"]},"category_info":"<a href=\"https:\/\/pornuestrolaredo.com\/?cat=9\" rel=\"category\">El Mundo<\/a>","tag_info":"El Mundo","comment_count":"0","jetpack_featured_media_url":"https:\/\/pornuestrolaredo.com\/wp-content\/uploads\/2023\/05\/PNL-20230507-1.jpg","jetpack_sharing_enabled":true,"_links":{"self":[{"href":"https:\/\/pornuestrolaredo.com\/index.php?rest_route=\/wp\/v2\/posts\/2399","targetHints":{"allow":["GET"]}}],"collection":[{"href":"https:\/\/pornuestrolaredo.com\/index.php?rest_route=\/wp\/v2\/posts"}],"about":[{"href":"https:\/\/pornuestrolaredo.com\/index.php?rest_route=\/wp\/v2\/types\/post"}],"author":[{"embeddable":true,"href":"https:\/\/pornuestrolaredo.com\/index.php?rest_route=\/wp\/v2\/users\/1"}],"replies":[{"embeddable":true,"href":"https:\/\/pornuestrolaredo.com\/index.php?rest_route=%2Fwp%2Fv2%2Fcomments&post=2399"}],"version-history":[{"count":1,"href":"https:\/\/pornuestrolaredo.com\/index.php?rest_route=\/wp\/v2\/posts\/2399\/revisions"}],"predecessor-version":[{"id":2401,"href":"https:\/\/pornuestrolaredo.com\/index.php?rest_route=\/wp\/v2\/posts\/2399\/revisions\/2401"}],"wp:featuredmedia":[{"embeddable":true,"href":"https:\/\/pornuestrolaredo.com\/index.php?rest_route=\/wp\/v2\/media\/2400"}],"wp:attachment":[{"href":"https:\/\/pornuestrolaredo.com\/index.php?rest_route=%2Fwp%2Fv2%2Fmedia&parent=2399"}],"wp:term":[{"taxonomy":"category","embeddable":true,"href":"https:\/\/pornuestrolaredo.com\/index.php?rest_route=%2Fwp%2Fv2%2Fcategories&post=2399"},{"taxonomy":"post_tag","embeddable":true,"href":"https:\/\/pornuestrolaredo.com\/index.php?rest_route=%2Fwp%2Fv2%2Ftags&post=2399"}],"curies":[{"name":"wp","href":"https:\/\/api.w.org\/{rel}","templated":true}]}}