{"id":2414,"date":"2023-05-15T01:38:29","date_gmt":"2023-05-15T01:38:29","guid":{"rendered":"https:\/\/pornuestrolaredo.com\/?p=2414"},"modified":"2023-05-15T01:38:29","modified_gmt":"2023-05-15T01:38:29","slug":"visita-amlo-nuevo-laredo-supervisa-avance-de-la-anam","status":"publish","type":"post","link":"https:\/\/pornuestrolaredo.com\/?p=2414","title":{"rendered":"Visita AMLO Nuevo Laredo; supervisa avance de la ANAM"},"content":{"rendered":"<p><strong>NUEVO LAREDO.-<\/strong> El el presidente Andr\u00e9s\u00a0 Manuel L\u00f3pez Obrador realiz\u00f3 ayer una r\u00e1pida visita a Nuevo Laredo para supervisar las obras de la Agencia Nacional de Aduanas de M\u00e9xico y el avance en la modernizaci\u00f3n del Puente del Comercio Mundial, popularmente conocido como Tres.<\/p>\n<p>Fue cerca del mediod\u00eda que L\u00f3pez Obrador arrib\u00f3 al lugar donde se construye la Agencia Nacional de Aduanas de M\u00e9xico (ANAM), a bordo de un helic\u00f3ptero de la Fuerza A\u00e9rea, las alas del Ej\u00e9rcito Mexicano.<\/p>\n<p>Esta visita es parte de una gira de dos d\u00edas que L\u00f3pez Obrador realiz\u00f3 al norte de M\u00e9xico, entgre las que se incluyeron visitas a la refiner\u00eda de Cadereyta, Matamoros, Reynosa y Nuevo Laredo.<\/p>\n<p>Acompa\u00f1ado del gobernador tamaulipeco, Am\u00e9rico Villarreal Anaya, L\u00f3pez Obrador estuvo poco menos de una hora en la zona en donde adem\u00e1s de la ANAM se construye un cuartel del Ej\u00e9rcito.<\/p>\n<p>L\u00f3pez Obrador pas\u00f3 la mayor parte en una especie de carpa que fue levantada en el lugar, que se ubica a un costado del Bulevar Luis Donaldo Colosio.<\/p>\n<p>Villarreal Anaya public\u00f3 la visita presidencial a trav\u00e9s de su cuenta oficial de Twitter.<\/p>\n<blockquote><p>Estamos en Nuevo Laredo con el Presidente Andr\u00e9s Manuel L\u00f3pez Obrador, en la supervisi\u00f3n de la obra de la nueva direcci\u00f3n general de Aduanas, que brindar\u00e1 servicios en esta ciudad&#8221;, escribi\u00f3 Villarreal Anaya.<\/p><\/blockquote>\n<p>L\u00f3pez Obrador arrib\u00f3 a Nuevo Laredo poco despu\u00e9s de visitar Reynosa, para supervisar el avance en la Aduana de all\u00e1. Tambi\u00e9n estuvo en Matamoros, el s\u00e1bado, para hablar sobre el problema de migraci\u00f3n. Un grupo de personas, algunos de ellos vecinos de colonias populares, como La Concordia estuvieron esperando a L\u00f3pez Obrador, pero no pudieron tener contacto con el presidente.<\/p>\n","protected":false},"excerpt":{"rendered":"<p>El presidente realiza una gira en el noreste de M\u00e9xico, que incluy\u00f3 a Cadereyta, Matamoros, Reynosa y esta frontera<\/p>\n","protected":false},"author":1,"featured_media":2415,"comment_status":"closed","ping_status":"closed","sticky":false,"template":"","format":"standard","meta":{"_crdt_document":"","_jetpack_memberships_contains_paid_content":false,"footnotes":"","jetpack_publicize_message":"","jetpack_publicize_feature_enabled":true,"jetpack_social_post_already_shared":true,"jetpack_social_options":{"image_generator_settings":{"template":"highway","default_image_id":0,"font":"","enabled":false},"version":2},"_wpas_customize_per_network":false},"categories":[4],"tags":[],"class_list":["post-2414","post","type-post","status-publish","format-standard","has-post-thumbnail","hentry","category-los-dos-laredos"],"magazineBlocksPostFeaturedMedia":{"thumbnail":"https:\/\/pornuestrolaredo.com\/wp-content\/uploads\/2023\/05\/84C52898-6ED6-4340-B4A6-A703F01C9C61-150x150.jpeg","medium":"https:\/\/pornuestrolaredo.com\/wp-content\/uploads\/2023\/05\/84C52898-6ED6-4340-B4A6-A703F01C9C61-300x205.jpeg","medium_large":"https:\/\/pornuestrolaredo.com\/wp-content\/uploads\/2023\/05\/84C52898-6ED6-4340-B4A6-A703F01C9C61-768x525.jpeg","large":"https:\/\/pornuestrolaredo.com\/wp-content\/uploads\/2023\/05\/84C52898-6ED6-4340-B4A6-A703F01C9C61-1000x683.jpeg","1536x1536":"https:\/\/pornuestrolaredo.com\/wp-content\/uploads\/2023\/05\/84C52898-6ED6-4340-B4A6-A703F01C9C61.jpeg","2048x2048":"https:\/\/pornuestrolaredo.com\/wp-content\/uploads\/2023\/05\/84C52898-6ED6-4340-B4A6-A703F01C9C61.jpeg","morenews-large":"https:\/\/pornuestrolaredo.com\/wp-content\/uploads\/2023\/05\/84C52898-6ED6-4340-B4A6-A703F01C9C61.jpeg","morenews-medium":"https:\/\/pornuestrolaredo.com\/wp-content\/uploads\/2023\/05\/84C52898-6ED6-4340-B4A6-A703F01C9C61.jpeg"},"magazineBlocksPostAuthor":{"name":"Redactor","avatar":"https:\/\/pornuestrolaredo.com\/wp-content\/litespeed\/avatar\/dca1d7ec750c399f025f23b0b314f4cf.jpg?ver=1777007253"},"magazineBlocksPostCommentsNumber":false,"magazineBlocksPostExcerpt":"El presidente realiza una gira en el noreste de M\u00e9xico, que incluy\u00f3 a Cadereyta, Matamoros, Reynosa y esta frontera","magazineBlocksPostCategories":["Los dos Laredos"],"magazineBlocksPostViewCount":173,"magazineBlocksPostReadTime":2,"magazine_blocks_featured_image_url":{"full":["https:\/\/pornuestrolaredo.com\/wp-content\/uploads\/2023\/05\/84C52898-6ED6-4340-B4A6-A703F01C9C61.jpeg",1080,738,false],"medium":["https:\/\/pornuestrolaredo.com\/wp-content\/uploads\/2023\/05\/84C52898-6ED6-4340-B4A6-A703F01C9C61-300x205.jpeg",300,205,true],"thumbnail":["https:\/\/pornuestrolaredo.com\/wp-content\/uploads\/2023\/05\/84C52898-6ED6-4340-B4A6-A703F01C9C61-150x150.jpeg",150,150,true]},"magazine_blocks_author":{"display_name":"Redactor","author_link":"https:\/\/pornuestrolaredo.com\/?author=1"},"magazine_blocks_comment":0,"magazine_blocks_author_image":"https:\/\/pornuestrolaredo.com\/wp-content\/litespeed\/avatar\/dca1d7ec750c399f025f23b0b314f4cf.jpg?ver=1777007253","magazine_blocks_category":"<a href=\"#\" class=\"category-link category-link-4\">Los dos Laredos<\/a>","jetpack_publicize_connections":[],"featured_image_urls":{"full":["https:\/\/pornuestrolaredo.com\/wp-content\/uploads\/2023\/05\/84C52898-6ED6-4340-B4A6-A703F01C9C61.jpeg",1080,738,false],"thumbnail":["https:\/\/pornuestrolaredo.com\/wp-content\/uploads\/2023\/05\/84C52898-6ED6-4340-B4A6-A703F01C9C61-150x150.jpeg",150,150,true],"medium":["https:\/\/pornuestrolaredo.com\/wp-content\/uploads\/2023\/05\/84C52898-6ED6-4340-B4A6-A703F01C9C61-300x205.jpeg",300,205,true],"medium_large":["https:\/\/pornuestrolaredo.com\/wp-content\/uploads\/2023\/05\/84C52898-6ED6-4340-B4A6-A703F01C9C61-768x525.jpeg",640,438,true],"large":["https:\/\/pornuestrolaredo.com\/wp-content\/uploads\/2023\/05\/84C52898-6ED6-4340-B4A6-A703F01C9C61-1000x683.jpeg",640,437,true],"1536x1536":["https:\/\/pornuestrolaredo.com\/wp-content\/uploads\/2023\/05\/84C52898-6ED6-4340-B4A6-A703F01C9C61.jpeg",1080,738,false],"2048x2048":["https:\/\/pornuestrolaredo.com\/wp-content\/uploads\/2023\/05\/84C52898-6ED6-4340-B4A6-A703F01C9C61.jpeg",1080,738,false],"morenews-large":["https:\/\/pornuestrolaredo.com\/wp-content\/uploads\/2023\/05\/84C52898-6ED6-4340-B4A6-A703F01C9C61.jpeg",825,564,false],"morenews-medium":["https:\/\/pornuestrolaredo.com\/wp-content\/uploads\/2023\/05\/84C52898-6ED6-4340-B4A6-A703F01C9C61.jpeg",590,403,false]},"author_info":{"info":["Redactor"]},"category_info":"<a href=\"https:\/\/pornuestrolaredo.com\/?cat=4\" rel=\"category\">Los dos Laredos<\/a>","tag_info":"Los dos Laredos","comment_count":"0","jetpack_featured_media_url":"https:\/\/pornuestrolaredo.com\/wp-content\/uploads\/2023\/05\/84C52898-6ED6-4340-B4A6-A703F01C9C61.jpeg","jetpack_sharing_enabled":true,"_links":{"self":[{"href":"https:\/\/pornuestrolaredo.com\/index.php?rest_route=\/wp\/v2\/posts\/2414","targetHints":{"allow":["GET"]}}],"collection":[{"href":"https:\/\/pornuestrolaredo.com\/index.php?rest_route=\/wp\/v2\/posts"}],"about":[{"href":"https:\/\/pornuestrolaredo.com\/index.php?rest_route=\/wp\/v2\/types\/post"}],"author":[{"embeddable":true,"href":"https:\/\/pornuestrolaredo.com\/index.php?rest_route=\/wp\/v2\/users\/1"}],"replies":[{"embeddable":true,"href":"https:\/\/pornuestrolaredo.com\/index.php?rest_route=%2Fwp%2Fv2%2Fcomments&post=2414"}],"version-history":[{"count":1,"href":"https:\/\/pornuestrolaredo.com\/index.php?rest_route=\/wp\/v2\/posts\/2414\/revisions"}],"predecessor-version":[{"id":2416,"href":"https:\/\/pornuestrolaredo.com\/index.php?rest_route=\/wp\/v2\/posts\/2414\/revisions\/2416"}],"wp:featuredmedia":[{"embeddable":true,"href":"https:\/\/pornuestrolaredo.com\/index.php?rest_route=\/wp\/v2\/media\/2415"}],"wp:attachment":[{"href":"https:\/\/pornuestrolaredo.com\/index.php?rest_route=%2Fwp%2Fv2%2Fmedia&parent=2414"}],"wp:term":[{"taxonomy":"category","embeddable":true,"href":"https:\/\/pornuestrolaredo.com\/index.php?rest_route=%2Fwp%2Fv2%2Fcategories&post=2414"},{"taxonomy":"post_tag","embeddable":true,"href":"https:\/\/pornuestrolaredo.com\/index.php?rest_route=%2Fwp%2Fv2%2Ftags&post=2414"}],"curies":[{"name":"wp","href":"https:\/\/api.w.org\/{rel}","templated":true}]}}