{"id":242,"date":"2022-09-09T21:43:02","date_gmt":"2022-09-09T21:43:02","guid":{"rendered":"https:\/\/pornuestrolaredo.com\/?p=242"},"modified":"2022-09-10T23:02:32","modified_gmt":"2022-09-10T23:02:32","slug":"brinda-gobierno-municipal-atenciones-para-las-mascotas","status":"publish","type":"post","link":"https:\/\/pornuestrolaredo.com\/?p=242","title":{"rendered":"Brinda Gobierno Municipal atenciones para las mascotas"},"content":{"rendered":"\n<p class=\"wp-block-paragraph\"><strong><em>NUEVO LAREDO.-<\/em><\/strong> El gobierno municipal realiz\u00f3 la brigada de Salud Animal a la Colonia Lomas del R\u00edo por segunda ocasi\u00f3n ante la solicitud de los vecinos, para acercar servicios de salud para las mascotas de las familias neolaredenses. <\/p>\n\n\n\n<p class=\"wp-block-paragraph\">Este viernes, desde las 9:00 de la ma\u00f1ana los&nbsp; ciudadanos llegaron con sus mascotas para\naprovechar gratuitamente desde consultas veterinarias, est\u00e9tica canina,\nlimpieza dental b\u00e1sica, corte de u\u00f1as, desparasitaciones entre otros servicios,\nquienes se ahorraron 132 mil 450 pesos. <\/p>\n\n\n\n<blockquote class=\"wp-block-quote is-layout-flow wp-block-quote-is-layout-flow\"><p>Son cl\u00ednicas m\u00f3viles en el sector donde realizamos todo tipo de servicios para los animalitos, son muchos los beneficios y as\u00ed no necesitan trasladarse a otro lugar\u201d, mencion\u00f3, Pablo Garza, jefe de Salud Animal.<\/p><\/blockquote>\n\n\n\n<p class=\"wp-block-paragraph\">Tambi\u00e9n se les proporcion\u00f3 un jab\u00f3n y una pastilla contra\nlas garrapatas para las m\u00e1s de 100 mascotas que llevaron los ciudadanos. <\/p>\n\n\n\n<p class=\"wp-block-paragraph\">La pr\u00f3xima brigada de salud animal se realizar\u00e1 el 23 de\nseptiembre en la Plaza Restaurada ubicada en calle Guatemala 5514, Colonia\nPalacios. <\/p>\n\n\n\n<p class=\"wp-block-paragraph\">El jefe de Salud Animal invit\u00f3 a la ciudadan\u00eda a dar refugio\na&nbsp; una mascota en la \u201cFeria de adopci\u00f3n\u201d\nque se realizar\u00e1 este domingo 11 de septiembre en el Parque Viveros, a partir\nde las 12:00 del mediod\u00eda. Esta feria se realizar\u00e1 en conjunto con el Consejo\nMunicipal de Salud Animal (Comusa).<\/p>\n","protected":false},"excerpt":{"rendered":"<p>NUEVO LAREDO.- El gobierno municipal realiz\u00f3 la brigada de Salud Animal a la Colonia Lomas del R\u00edo por<\/p>\n","protected":false},"author":1,"featured_media":243,"comment_status":"closed","ping_status":"closed","sticky":false,"template":"","format":"standard","meta":{"_crdt_document":"","_jetpack_memberships_contains_paid_content":false,"footnotes":"","jetpack_publicize_message":"Por segunda ocasi\u00f3n y a petici\u00f3n de los vecinos, se benefici\u00f3 a la colonia Lomas del R\u00edo","jetpack_publicize_feature_enabled":true,"jetpack_social_post_already_shared":true,"jetpack_social_options":{"image_generator_settings":{"template":"highway","default_image_id":0,"font":"","enabled":false},"version":2},"_wpas_customize_per_network":false},"categories":[5],"tags":[],"class_list":["post-242","post","type-post","status-publish","format-standard","has-post-thumbnail","hentry","category-dos-laredos"],"magazineBlocksPostFeaturedMedia":{"thumbnail":"https:\/\/pornuestrolaredo.com\/wp-content\/uploads\/2022\/09\/Mascotas-1-150x150.jpeg","medium":"https:\/\/pornuestrolaredo.com\/wp-content\/uploads\/2022\/09\/Mascotas-1-300x200.jpeg","medium_large":"https:\/\/pornuestrolaredo.com\/wp-content\/uploads\/2022\/09\/Mascotas-1-768x512.jpeg","large":"https:\/\/pornuestrolaredo.com\/wp-content\/uploads\/2022\/09\/Mascotas-1-1024x682.jpeg","1536x1536":"https:\/\/pornuestrolaredo.com\/wp-content\/uploads\/2022\/09\/Mascotas-1.jpeg","2048x2048":"https:\/\/pornuestrolaredo.com\/wp-content\/uploads\/2022\/09\/Mascotas-1.jpeg","morenews-large":"https:\/\/pornuestrolaredo.com\/wp-content\/uploads\/2022\/09\/Mascotas-1.jpeg","morenews-medium":"https:\/\/pornuestrolaredo.com\/wp-content\/uploads\/2022\/09\/Mascotas-1.jpeg"},"magazineBlocksPostAuthor":{"name":"Redactor","avatar":"https:\/\/pornuestrolaredo.com\/wp-content\/litespeed\/avatar\/dca1d7ec750c399f025f23b0b314f4cf.jpg?ver=1777612120"},"magazineBlocksPostCommentsNumber":false,"magazineBlocksPostExcerpt":"NUEVO LAREDO.- El gobierno municipal realiz\u00f3 la brigada de Salud Animal a la Colonia Lomas del R\u00edo por","magazineBlocksPostCategories":["Dos Laredos"],"magazineBlocksPostViewCount":152,"magazineBlocksPostReadTime":2,"magazine_blocks_featured_image_url":{"full":["https:\/\/pornuestrolaredo.com\/wp-content\/uploads\/2022\/09\/Mascotas-1.jpeg",1280,853,false],"medium":["https:\/\/pornuestrolaredo.com\/wp-content\/uploads\/2022\/09\/Mascotas-1-300x200.jpeg",300,200,true],"thumbnail":["https:\/\/pornuestrolaredo.com\/wp-content\/uploads\/2022\/09\/Mascotas-1-150x150.jpeg",150,150,true]},"magazine_blocks_author":{"display_name":"Redactor","author_link":"https:\/\/pornuestrolaredo.com\/?author=1"},"magazine_blocks_comment":0,"magazine_blocks_author_image":"https:\/\/pornuestrolaredo.com\/wp-content\/litespeed\/avatar\/dca1d7ec750c399f025f23b0b314f4cf.jpg?ver=1777612120","magazine_blocks_category":"<a href=\"#\" class=\"category-link category-link-5\">Dos Laredos<\/a>","jetpack_publicize_connections":[],"featured_image_urls":{"full":["https:\/\/pornuestrolaredo.com\/wp-content\/uploads\/2022\/09\/Mascotas-1.jpeg",1280,853,false],"thumbnail":["https:\/\/pornuestrolaredo.com\/wp-content\/uploads\/2022\/09\/Mascotas-1-150x150.jpeg",150,150,true],"medium":["https:\/\/pornuestrolaredo.com\/wp-content\/uploads\/2022\/09\/Mascotas-1-300x200.jpeg",300,200,true],"medium_large":["https:\/\/pornuestrolaredo.com\/wp-content\/uploads\/2022\/09\/Mascotas-1-768x512.jpeg",640,427,true],"large":["https:\/\/pornuestrolaredo.com\/wp-content\/uploads\/2022\/09\/Mascotas-1-1024x682.jpeg",640,426,true],"1536x1536":["https:\/\/pornuestrolaredo.com\/wp-content\/uploads\/2022\/09\/Mascotas-1.jpeg",1280,853,false],"2048x2048":["https:\/\/pornuestrolaredo.com\/wp-content\/uploads\/2022\/09\/Mascotas-1.jpeg",1280,853,false],"morenews-large":["https:\/\/pornuestrolaredo.com\/wp-content\/uploads\/2022\/09\/Mascotas-1.jpeg",825,550,false],"morenews-medium":["https:\/\/pornuestrolaredo.com\/wp-content\/uploads\/2022\/09\/Mascotas-1.jpeg",590,393,false]},"author_info":{"info":["Redactor"]},"category_info":"<a href=\"https:\/\/pornuestrolaredo.com\/?cat=5\" rel=\"category\">Dos Laredos<\/a>","tag_info":"Dos Laredos","comment_count":"0","jetpack_featured_media_url":"https:\/\/pornuestrolaredo.com\/wp-content\/uploads\/2022\/09\/Mascotas-1.jpeg","jetpack_sharing_enabled":true,"_links":{"self":[{"href":"https:\/\/pornuestrolaredo.com\/index.php?rest_route=\/wp\/v2\/posts\/242","targetHints":{"allow":["GET"]}}],"collection":[{"href":"https:\/\/pornuestrolaredo.com\/index.php?rest_route=\/wp\/v2\/posts"}],"about":[{"href":"https:\/\/pornuestrolaredo.com\/index.php?rest_route=\/wp\/v2\/types\/post"}],"author":[{"embeddable":true,"href":"https:\/\/pornuestrolaredo.com\/index.php?rest_route=\/wp\/v2\/users\/1"}],"replies":[{"embeddable":true,"href":"https:\/\/pornuestrolaredo.com\/index.php?rest_route=%2Fwp%2Fv2%2Fcomments&post=242"}],"version-history":[{"count":2,"href":"https:\/\/pornuestrolaredo.com\/index.php?rest_route=\/wp\/v2\/posts\/242\/revisions"}],"predecessor-version":[{"id":262,"href":"https:\/\/pornuestrolaredo.com\/index.php?rest_route=\/wp\/v2\/posts\/242\/revisions\/262"}],"wp:featuredmedia":[{"embeddable":true,"href":"https:\/\/pornuestrolaredo.com\/index.php?rest_route=\/wp\/v2\/media\/243"}],"wp:attachment":[{"href":"https:\/\/pornuestrolaredo.com\/index.php?rest_route=%2Fwp%2Fv2%2Fmedia&parent=242"}],"wp:term":[{"taxonomy":"category","embeddable":true,"href":"https:\/\/pornuestrolaredo.com\/index.php?rest_route=%2Fwp%2Fv2%2Fcategories&post=242"},{"taxonomy":"post_tag","embeddable":true,"href":"https:\/\/pornuestrolaredo.com\/index.php?rest_route=%2Fwp%2Fv2%2Ftags&post=242"}],"curies":[{"name":"wp","href":"https:\/\/api.w.org\/{rel}","templated":true}]}}