{"id":2427,"date":"2023-05-16T17:46:20","date_gmt":"2023-05-16T17:46:20","guid":{"rendered":"https:\/\/pornuestrolaredo.com\/?p=2427"},"modified":"2023-05-16T17:46:20","modified_gmt":"2023-05-16T17:46:20","slug":"historica-tormenta-azota-sabinas-hidalgo","status":"publish","type":"post","link":"https:\/\/pornuestrolaredo.com\/?p=2427","title":{"rendered":"Hist\u00f3rica tormenta azota Sabinas Hidalgo"},"content":{"rendered":"<p><strong><em>MONTERREY.-<\/em><\/strong> Poderosas tormentas azotaron el centro, sur y norte de Nuevo Le\u00f3n, un evento que fue tomado m\u00e1s con alegr\u00eda que como un desastre natural, especialmente en Sabinas Hidalgo, en donde las lluvias alcanzaron m\u00e1s de 100 mil\u00edmetros, 4 pulgadas.<\/p>\n<p>Las tormentas son el resultado de una baja presi\u00f3n que afect\u00f3 a Nuevo Le\u00f3n y algunas zonas de Coahuila.<\/p>\n<p>La lluvia har\u00e1 que r\u00edos y presas recuperen parte de su nivel.<\/p>\n<p>Erick Cavazos, director de Protecci\u00f3n Civil estatal, inform\u00f3 este martes que el fen\u00f3meno meteorol\u00f3gico se registr\u00f3 desde ayer por la tarde en varias partes de Nuevo Le\u00f3n.<\/p>\n<blockquote><p>Lo que se present\u00f3 ayer fue un n\u00facleo de tormenta en la parte norte del Estado, fue una lluvia ben\u00e9fica, ayer espec\u00edficamente y desde el s\u00e1bado, tanto en los Ramones como en Sabinas Hidalgo ten\u00eda mucho que no lluvia en esa cantidad\u201d, dijo Cavazos.<\/p><\/blockquote>\n<p>Agreg\u00f3 que en Sabinas se presentaron algunas inundaciones en el hospital, pero no hubo da\u00f1os, s\u00f3lo algunas inundaciones.<\/p>\n<p>Cavazos consider\u00f3 la lluvia como hist\u00f3rica.<\/p>\n<blockquote><p>Al parecer s\u00ed es una captaci\u00f3n hist\u00f3rica de 4 pulgadas en dos horas, lo estamos checando con CNA (Comisi\u00f3n Nacional del Agua) para que sea un dato certificado, pero la captaci\u00f3n de 4 pulgadas en dos horas s\u00ed es hist\u00f3rica&#8221;, dijo el funcionario.<\/p><\/blockquote>\n<p>Protecci\u00f3n Civil report\u00f3 que el fen\u00f3meno caus\u00f3 algunas complicaciones en Sabinas Hidalgo, especialmente en el Hospital General, en donde hubo filtraciones de agua, tambi\u00e9n inundaciones de varias calles de la cabecera municipal, con veh\u00edculos varados en medio del agua.<\/p>\n<p>Hacia el sur del Estado se reportaron fuertes precipitaciones acompa\u00f1adas de granizo, que causaron algunos da\u00f1os en comunidades como Santa Clara de Ci\u00e9nega, San Jorge, Refugio de los Ibarra, Puerto Nopalillos, Jes\u00fas Mar\u00eda Aguirre en el municipio de Galeana.<\/p>\n<p>En su mayor\u00eda fueron da\u00f1os en techos de l\u00e1mina. En la Carretera 57, en los l\u00edmites con San Luis Potos\u00ed, la v\u00eda fue cerrada a la circulaci\u00f3n debido a la inundaci\u00f3n provocada por la fuerte lluvia, por lo que personal de esta dependencia auxilio a los automovilistas que quedaron atrapados en las inundaciones.<\/p>\n","protected":false},"excerpt":{"rendered":"<p>Protecci\u00f3n Civil Estatal reporta m\u00e1s de 100 mil\u00edmetros de lluvia, unas 4 pulgadas<\/p>\n","protected":false},"author":1,"featured_media":2428,"comment_status":"closed","ping_status":"closed","sticky":false,"template":"","format":"standard","meta":{"_crdt_document":"","_jetpack_memberships_contains_paid_content":false,"footnotes":"","jetpack_publicize_message":"","jetpack_publicize_feature_enabled":true,"jetpack_social_post_already_shared":true,"jetpack_social_options":{"image_generator_settings":{"template":"highway","default_image_id":0,"font":"","enabled":false},"version":2},"_wpas_customize_per_network":false},"categories":[33],"tags":[],"class_list":["post-2427","post","type-post","status-publish","format-standard","has-post-thumbnail","hentry","category-mexico"],"magazineBlocksPostFeaturedMedia":{"thumbnail":"https:\/\/pornuestrolaredo.com\/wp-content\/uploads\/2023\/05\/Stereo21-20230516-6-150x150.jpg","medium":"https:\/\/pornuestrolaredo.com\/wp-content\/uploads\/2023\/05\/Stereo21-20230516-6-300x169.jpg","medium_large":"https:\/\/pornuestrolaredo.com\/wp-content\/uploads\/2023\/05\/Stereo21-20230516-6-768x432.jpg","large":"https:\/\/pornuestrolaredo.com\/wp-content\/uploads\/2023\/05\/Stereo21-20230516-6-1000x563.jpg","1536x1536":"https:\/\/pornuestrolaredo.com\/wp-content\/uploads\/2023\/05\/Stereo21-20230516-6.jpg","2048x2048":"https:\/\/pornuestrolaredo.com\/wp-content\/uploads\/2023\/05\/Stereo21-20230516-6.jpg","morenews-large":"https:\/\/pornuestrolaredo.com\/wp-content\/uploads\/2023\/05\/Stereo21-20230516-6.jpg","morenews-medium":"https:\/\/pornuestrolaredo.com\/wp-content\/uploads\/2023\/05\/Stereo21-20230516-6.jpg"},"magazineBlocksPostAuthor":{"name":"Redactor","avatar":"https:\/\/pornuestrolaredo.com\/wp-content\/litespeed\/avatar\/dca1d7ec750c399f025f23b0b314f4cf.jpg?ver=1777007253"},"magazineBlocksPostCommentsNumber":false,"magazineBlocksPostExcerpt":"Protecci\u00f3n Civil Estatal reporta m\u00e1s de 100 mil\u00edmetros de lluvia, unas 4 pulgadas","magazineBlocksPostCategories":["Mexico"],"magazineBlocksPostViewCount":145,"magazineBlocksPostReadTime":2,"magazine_blocks_featured_image_url":{"full":["https:\/\/pornuestrolaredo.com\/wp-content\/uploads\/2023\/05\/Stereo21-20230516-6.jpg",1280,720,false],"medium":["https:\/\/pornuestrolaredo.com\/wp-content\/uploads\/2023\/05\/Stereo21-20230516-6-300x169.jpg",300,169,true],"thumbnail":["https:\/\/pornuestrolaredo.com\/wp-content\/uploads\/2023\/05\/Stereo21-20230516-6-150x150.jpg",150,150,true]},"magazine_blocks_author":{"display_name":"Redactor","author_link":"https:\/\/pornuestrolaredo.com\/?author=1"},"magazine_blocks_comment":0,"magazine_blocks_author_image":"https:\/\/pornuestrolaredo.com\/wp-content\/litespeed\/avatar\/dca1d7ec750c399f025f23b0b314f4cf.jpg?ver=1777007253","magazine_blocks_category":"<a href=\"#\" class=\"category-link category-link-33\">Mexico<\/a>","jetpack_publicize_connections":[],"featured_image_urls":{"full":["https:\/\/pornuestrolaredo.com\/wp-content\/uploads\/2023\/05\/Stereo21-20230516-6.jpg",1280,720,false],"thumbnail":["https:\/\/pornuestrolaredo.com\/wp-content\/uploads\/2023\/05\/Stereo21-20230516-6-150x150.jpg",150,150,true],"medium":["https:\/\/pornuestrolaredo.com\/wp-content\/uploads\/2023\/05\/Stereo21-20230516-6-300x169.jpg",300,169,true],"medium_large":["https:\/\/pornuestrolaredo.com\/wp-content\/uploads\/2023\/05\/Stereo21-20230516-6-768x432.jpg",640,360,true],"large":["https:\/\/pornuestrolaredo.com\/wp-content\/uploads\/2023\/05\/Stereo21-20230516-6-1000x563.jpg",640,360,true],"1536x1536":["https:\/\/pornuestrolaredo.com\/wp-content\/uploads\/2023\/05\/Stereo21-20230516-6.jpg",1280,720,false],"2048x2048":["https:\/\/pornuestrolaredo.com\/wp-content\/uploads\/2023\/05\/Stereo21-20230516-6.jpg",1280,720,false],"morenews-large":["https:\/\/pornuestrolaredo.com\/wp-content\/uploads\/2023\/05\/Stereo21-20230516-6.jpg",825,464,false],"morenews-medium":["https:\/\/pornuestrolaredo.com\/wp-content\/uploads\/2023\/05\/Stereo21-20230516-6.jpg",590,332,false]},"author_info":{"info":["Redactor"]},"category_info":"<a href=\"https:\/\/pornuestrolaredo.com\/?cat=33\" rel=\"category\">Mexico<\/a>","tag_info":"Mexico","comment_count":"0","jetpack_featured_media_url":"https:\/\/pornuestrolaredo.com\/wp-content\/uploads\/2023\/05\/Stereo21-20230516-6.jpg","jetpack_sharing_enabled":true,"_links":{"self":[{"href":"https:\/\/pornuestrolaredo.com\/index.php?rest_route=\/wp\/v2\/posts\/2427","targetHints":{"allow":["GET"]}}],"collection":[{"href":"https:\/\/pornuestrolaredo.com\/index.php?rest_route=\/wp\/v2\/posts"}],"about":[{"href":"https:\/\/pornuestrolaredo.com\/index.php?rest_route=\/wp\/v2\/types\/post"}],"author":[{"embeddable":true,"href":"https:\/\/pornuestrolaredo.com\/index.php?rest_route=\/wp\/v2\/users\/1"}],"replies":[{"embeddable":true,"href":"https:\/\/pornuestrolaredo.com\/index.php?rest_route=%2Fwp%2Fv2%2Fcomments&post=2427"}],"version-history":[{"count":1,"href":"https:\/\/pornuestrolaredo.com\/index.php?rest_route=\/wp\/v2\/posts\/2427\/revisions"}],"predecessor-version":[{"id":2429,"href":"https:\/\/pornuestrolaredo.com\/index.php?rest_route=\/wp\/v2\/posts\/2427\/revisions\/2429"}],"wp:featuredmedia":[{"embeddable":true,"href":"https:\/\/pornuestrolaredo.com\/index.php?rest_route=\/wp\/v2\/media\/2428"}],"wp:attachment":[{"href":"https:\/\/pornuestrolaredo.com\/index.php?rest_route=%2Fwp%2Fv2%2Fmedia&parent=2427"}],"wp:term":[{"taxonomy":"category","embeddable":true,"href":"https:\/\/pornuestrolaredo.com\/index.php?rest_route=%2Fwp%2Fv2%2Fcategories&post=2427"},{"taxonomy":"post_tag","embeddable":true,"href":"https:\/\/pornuestrolaredo.com\/index.php?rest_route=%2Fwp%2Fv2%2Ftags&post=2427"}],"curies":[{"name":"wp","href":"https:\/\/api.w.org\/{rel}","templated":true}]}}