{"id":2445,"date":"2023-05-18T06:34:23","date_gmt":"2023-05-18T06:34:23","guid":{"rendered":"https:\/\/pornuestrolaredo.com\/?p=2445"},"modified":"2023-05-18T06:34:23","modified_gmt":"2023-05-18T06:34:23","slug":"obliga-el-popo-a-suspender-clases-presenciales","status":"publish","type":"post","link":"https:\/\/pornuestrolaredo.com\/?p=2445","title":{"rendered":"Obliga el \u2018Popo\u2019 a suspender clases presenciales"},"content":{"rendered":"<p><strong><em>CIUDAD DE M\u00c9XICO.-<\/em><\/strong> El \u201cPopo\u201d se puso furioso y los poblanos pagan los platos rotos. La ceniza que lanza el volc\u00e1n oblig\u00f3 a tomar acciones de emergencia, entre ellas la suspensi\u00f3n clases presenciales y mantener las lecciones a distancia en la regi\u00f3n del Izta-Popo.<\/p>\n<p>Desde la tarde del mi\u00e9rcoles, el gobernador Sergio Salom\u00f3n C\u00e9spedes Peregrina plante\u00f3 la posibilidad de tomar esta decisi\u00f3n por la ca\u00edda de ceniza producto de las erupciones generadas por el coloso poblano.<\/p>\n<p>Tras una reuni\u00f3n que sostuvo con su gabinete y Presidentes Municipales en el municipio de San Andr\u00e9s Calpan, sali\u00f3 a recorrer la zona aleda\u00f1a al volc\u00e1n y emiti\u00f3 un mensaje en el que confirm\u00f3 la medida de clases virtuales en esta zona.<\/p>\n<blockquote><p>Tuvimos una reuni\u00f3n con todos los presidentes del Izta-Popo para poder revisar las rutas de evacuaci\u00f3n y poder dar cuenta de las acciones de forma preventiva que se tienen que tomar&#8221;, expuso.<\/p><\/blockquote>\n<p>&#8220;Se ha determinado que se cambie la modalidad de educaci\u00f3n para que sea educaci\u00f3n a distancia, como fue durante la pandemia en toda la regi\u00f3n de estas escuelas que daremos a conocer pronto en un comunicado&#8221;, agreg\u00f3.<\/p>\n<p>C\u00e9spedes Peregrina se\u00f1al\u00f3 que se mantiene la Fase Amarilla en el sem\u00e1foro de riesgo, con lo que dijo, la actividad del coloso se mantiene en est\u00e1ndares &#8220;dentro de la normalidad&#8221; de una Fase 2, y que existe coordinaci\u00f3n con dependencias de los tres niveles de gobierno.<\/p>\n<blockquote><p>Ya est\u00e1 ahorita Protecci\u00f3n Civil estatal en comunicaci\u00f3n permanente generando las condiciones necesarias y est\u00e1n en reuni\u00f3n permanente las \u00e1reas competentes: Salud, Secretar\u00eda de Educaci\u00f3n P\u00fablica, Protecci\u00f3n Civil, Gobernaci\u00f3n y estaremos muy atentos a dar el comunicado en el transcurso del d\u00eda y ma\u00f1ana con mayor exactitud, pero hasta hoy se mantiene estable en la misma fase&#8221;, refiri\u00f3.<\/p><\/blockquote>\n<p>C\u00e9spedes Peregrina indic\u00f3 que las medidas son principalmente preventivas para estar preparados ante cualquier eventualidad en la actividad volc\u00e1nica de este volc\u00e1n, s\u00edmbolo milenario de la entidad.<\/p>\n<blockquote><p>Hemos designado ya una c\u00e9lula de Protecci\u00f3n Civil estatal de forma permanente y buscando que haya una plena coordinaci\u00f3n con todos los Presidentes Municipales y tomar todas las acciones que sean pertinentes para poder privilegiar y cuidar a la ciudadan\u00eda.<\/p><\/blockquote>\n<blockquote><p>Salud ya est\u00e1 preparada para poder atender cualquier tema de prevenci\u00f3n y de contingencia, pero esperamos que primeramente Dios no exista&#8221;, confi\u00f3. Tambi\u00e9n indic\u00f3 que otra medida prevista es la de habilitar albergues.<\/p><\/blockquote>\n","protected":false},"excerpt":{"rendered":"<p>La ceniza en la regi\u00f3n del Izta-Popo pone en Fase 2 la situaci\u00f3n y las autoridades se mantienen en alerta<\/p>\n","protected":false},"author":1,"featured_media":2446,"comment_status":"closed","ping_status":"closed","sticky":false,"template":"","format":"standard","meta":{"_crdt_document":"","_jetpack_memberships_contains_paid_content":false,"footnotes":"","jetpack_publicize_message":"","jetpack_publicize_feature_enabled":true,"jetpack_social_post_already_shared":true,"jetpack_social_options":{"image_generator_settings":{"template":"highway","default_image_id":0,"font":"","enabled":false},"version":2},"_wpas_customize_per_network":false},"categories":[33],"tags":[],"class_list":["post-2445","post","type-post","status-publish","format-standard","has-post-thumbnail","hentry","category-mexico"],"magazineBlocksPostFeaturedMedia":{"thumbnail":"https:\/\/pornuestrolaredo.com\/wp-content\/uploads\/2023\/05\/Stereo91-20230518-5-150x150.jpg","medium":"https:\/\/pornuestrolaredo.com\/wp-content\/uploads\/2023\/05\/Stereo91-20230518-5-300x169.jpg","medium_large":"https:\/\/pornuestrolaredo.com\/wp-content\/uploads\/2023\/05\/Stereo91-20230518-5-768x432.jpg","large":"https:\/\/pornuestrolaredo.com\/wp-content\/uploads\/2023\/05\/Stereo91-20230518-5.jpg","1536x1536":"https:\/\/pornuestrolaredo.com\/wp-content\/uploads\/2023\/05\/Stereo91-20230518-5.jpg","2048x2048":"https:\/\/pornuestrolaredo.com\/wp-content\/uploads\/2023\/05\/Stereo91-20230518-5.jpg","morenews-large":"https:\/\/pornuestrolaredo.com\/wp-content\/uploads\/2023\/05\/Stereo91-20230518-5.jpg","morenews-medium":"https:\/\/pornuestrolaredo.com\/wp-content\/uploads\/2023\/05\/Stereo91-20230518-5.jpg"},"magazineBlocksPostAuthor":{"name":"Redactor","avatar":"https:\/\/pornuestrolaredo.com\/wp-content\/litespeed\/avatar\/dca1d7ec750c399f025f23b0b314f4cf.jpg?ver=1777007253"},"magazineBlocksPostCommentsNumber":false,"magazineBlocksPostExcerpt":"La ceniza en la regi\u00f3n del Izta-Popo pone en Fase 2 la situaci\u00f3n y las autoridades se mantienen en alerta","magazineBlocksPostCategories":["Mexico"],"magazineBlocksPostViewCount":131,"magazineBlocksPostReadTime":3,"magazine_blocks_featured_image_url":{"full":["https:\/\/pornuestrolaredo.com\/wp-content\/uploads\/2023\/05\/Stereo91-20230518-5.jpg",1000,563,false],"medium":["https:\/\/pornuestrolaredo.com\/wp-content\/uploads\/2023\/05\/Stereo91-20230518-5-300x169.jpg",300,169,true],"thumbnail":["https:\/\/pornuestrolaredo.com\/wp-content\/uploads\/2023\/05\/Stereo91-20230518-5-150x150.jpg",150,150,true]},"magazine_blocks_author":{"display_name":"Redactor","author_link":"https:\/\/pornuestrolaredo.com\/?author=1"},"magazine_blocks_comment":0,"magazine_blocks_author_image":"https:\/\/pornuestrolaredo.com\/wp-content\/litespeed\/avatar\/dca1d7ec750c399f025f23b0b314f4cf.jpg?ver=1777007253","magazine_blocks_category":"<a href=\"#\" class=\"category-link category-link-33\">Mexico<\/a>","jetpack_publicize_connections":[],"featured_image_urls":{"full":["https:\/\/pornuestrolaredo.com\/wp-content\/uploads\/2023\/05\/Stereo91-20230518-5.jpg",1000,563,false],"thumbnail":["https:\/\/pornuestrolaredo.com\/wp-content\/uploads\/2023\/05\/Stereo91-20230518-5-150x150.jpg",150,150,true],"medium":["https:\/\/pornuestrolaredo.com\/wp-content\/uploads\/2023\/05\/Stereo91-20230518-5-300x169.jpg",300,169,true],"medium_large":["https:\/\/pornuestrolaredo.com\/wp-content\/uploads\/2023\/05\/Stereo91-20230518-5-768x432.jpg",640,360,true],"large":["https:\/\/pornuestrolaredo.com\/wp-content\/uploads\/2023\/05\/Stereo91-20230518-5.jpg",640,360,false],"1536x1536":["https:\/\/pornuestrolaredo.com\/wp-content\/uploads\/2023\/05\/Stereo91-20230518-5.jpg",1000,563,false],"2048x2048":["https:\/\/pornuestrolaredo.com\/wp-content\/uploads\/2023\/05\/Stereo91-20230518-5.jpg",1000,563,false],"morenews-large":["https:\/\/pornuestrolaredo.com\/wp-content\/uploads\/2023\/05\/Stereo91-20230518-5.jpg",825,464,false],"morenews-medium":["https:\/\/pornuestrolaredo.com\/wp-content\/uploads\/2023\/05\/Stereo91-20230518-5.jpg",590,332,false]},"author_info":{"info":["Redactor"]},"category_info":"<a href=\"https:\/\/pornuestrolaredo.com\/?cat=33\" rel=\"category\">Mexico<\/a>","tag_info":"Mexico","comment_count":"0","jetpack_featured_media_url":"https:\/\/pornuestrolaredo.com\/wp-content\/uploads\/2023\/05\/Stereo91-20230518-5.jpg","jetpack_sharing_enabled":true,"_links":{"self":[{"href":"https:\/\/pornuestrolaredo.com\/index.php?rest_route=\/wp\/v2\/posts\/2445","targetHints":{"allow":["GET"]}}],"collection":[{"href":"https:\/\/pornuestrolaredo.com\/index.php?rest_route=\/wp\/v2\/posts"}],"about":[{"href":"https:\/\/pornuestrolaredo.com\/index.php?rest_route=\/wp\/v2\/types\/post"}],"author":[{"embeddable":true,"href":"https:\/\/pornuestrolaredo.com\/index.php?rest_route=\/wp\/v2\/users\/1"}],"replies":[{"embeddable":true,"href":"https:\/\/pornuestrolaredo.com\/index.php?rest_route=%2Fwp%2Fv2%2Fcomments&post=2445"}],"version-history":[{"count":1,"href":"https:\/\/pornuestrolaredo.com\/index.php?rest_route=\/wp\/v2\/posts\/2445\/revisions"}],"predecessor-version":[{"id":2447,"href":"https:\/\/pornuestrolaredo.com\/index.php?rest_route=\/wp\/v2\/posts\/2445\/revisions\/2447"}],"wp:featuredmedia":[{"embeddable":true,"href":"https:\/\/pornuestrolaredo.com\/index.php?rest_route=\/wp\/v2\/media\/2446"}],"wp:attachment":[{"href":"https:\/\/pornuestrolaredo.com\/index.php?rest_route=%2Fwp%2Fv2%2Fmedia&parent=2445"}],"wp:term":[{"taxonomy":"category","embeddable":true,"href":"https:\/\/pornuestrolaredo.com\/index.php?rest_route=%2Fwp%2Fv2%2Fcategories&post=2445"},{"taxonomy":"post_tag","embeddable":true,"href":"https:\/\/pornuestrolaredo.com\/index.php?rest_route=%2Fwp%2Fv2%2Ftags&post=2445"}],"curies":[{"name":"wp","href":"https:\/\/api.w.org\/{rel}","templated":true}]}}