{"id":2448,"date":"2023-05-19T04:16:21","date_gmt":"2023-05-19T04:16:21","guid":{"rendered":"https:\/\/pornuestrolaredo.com\/?p=2448"},"modified":"2023-05-19T04:16:21","modified_gmt":"2023-05-19T04:16:21","slug":"mato-a-su-violador-ira-6-anos-a-prision","status":"publish","type":"post","link":"https:\/\/pornuestrolaredo.com\/?p=2448","title":{"rendered":"Mat\u00f3 a su violador; ir\u00e1 6 a\u00f1os a prisi\u00f3n"},"content":{"rendered":"<p><strong>CIUDAD DE M\u00c9XICO.-<\/strong> Una mexicana que mat\u00f3 a un hombre al defenderse cuando la atac\u00f3 y viol\u00f3 en 2021 fue sentenciada a m\u00e1s de seis a\u00f1os de prisi\u00f3n, una decisi\u00f3n que su abogado calific\u00f3 de \u201cdiscriminatoria\u201d y prometi\u00f3 que apelar\u00e1.<\/p>\n<p>El fallo contra Roxana Ruiz desat\u00f3 indignaci\u00f3n entre expertos y grupos feministas, que dijeron que pone de manifiesto la profundidad de la violencia de g\u00e9nero y el deficiente historial de M\u00e9xico en hacer que los autores de violencia sexual rindan cuentas de sus delitos.<\/p>\n<blockquote><p>Ser\u00eda un mal precedente si este fallo de condena subsistiera. Est\u00e1 dando un mensaje a las mujeres de que sabes que la ley autoriza que te defiendas, pero hasta cierto l\u00edmite\u201d, expres\u00f3 el martes \u00c1ngel Carrera, abogado de Ruiz. \u201cTe violaron sexualmente, pero no ten\u00edas derecho a hacer nada\u201d.<\/p><\/blockquote>\n<p>The Associated Press no suele nombrar a las v\u00edctimas de abusos sexuales, pero Ruiz dio su autorizaci\u00f3n para ser identificada y participa en manifestaciones p\u00fablicas encabezadas por activistas que la apoyan.<\/p>\n<p>Aunque el tribunal del Estado de M\u00e9xico determin\u00f3 el lunes que Ruiz hab\u00eda sido violada, fall\u00f3 que la joven de 23 a\u00f1os era culpable de homicidio con un uso excesivo de defensa leg\u00edtima, y a\u00f1adi\u00f3 que golpear al hombre en la cabeza habr\u00eda sido suficiente para defenderse. Ruiz tambi\u00e9n recibi\u00f3 la orden de pagar m\u00e1s de 16 mil d\u00f3lares en reparaci\u00f3n de da\u00f1os a la familia del hombre que la viol\u00f3.<\/p>\n<p>En mayo de 2021, Ruiz trabajaba vendiendo papas a la francesa en Nezahualc\u00f3yotl, uno de 11 municipios del Estado de M\u00e9xico que se encuentran bajo una alerta de g\u00e9nero por feminicidios y otra por desapariciones forzadas de mujeres.<\/p>\n<p>Mientras tomaba una cerveza con una amiga, Ruiz \u2014una mujer ind\u00edgena mixteca y madre soltera oriunda del estado de Oaxaca\u2014 conoci\u00f3 a un hombre que hab\u00eda visto en el vecindario. Despu\u00e9s de salir, \u00e9l le ofreci\u00f3 acompa\u00f1arla a su casa y posteriormente le pidi\u00f3 quedarse a pasar la noche porque era tarde y estaba lejos de su hogar.<\/p>\n<p>Ruiz accedi\u00f3 a dejarlo quedarse a dormir en un colch\u00f3n sobre el piso, pero mientras ella dorm\u00eda, el hombre se subi\u00f3 a su cama, le arranc\u00f3 la ropa y la viol\u00f3, de acuerdo con el equipo jur\u00eddico de la mujer. Ella se defendi\u00f3, golpe\u00e1ndolo en la nariz, y \u00e9l amenaz\u00f3 con matarla. En el forcejeo por liberarse ella lo mat\u00f3 en defensa propia.<\/p>\n<p>En un ataque de p\u00e1nico, Ruiz puso el cuerpo del hombre en una bolsa y lo arrastr\u00f3 hasta la calle, donde unos polic\u00edas que pasaban por all\u00ed la detuvieron.<\/p>\n<p>A pesar de decirle a la polic\u00eda que hab\u00eda sido violada, Carrera dijo que nunca le realizaron un examen forense, un paso crucial para procesar los casos de violencia sexual. En lugar de eso, un agente respondi\u00f3 que probablemente en un principio ella quiso tener relaciones sexuales con el hombre y que luego cambi\u00f3 de parecer, de acuerdo con el abogado.<\/p>\n<blockquote><p>Me arrepiento de lo que hice, pero de no haberlo hecho, yo ser\u00eda hoy la muerta\u201d, coment\u00f3 Ruiz a la AP en una entrevista el a\u00f1o pasado. \u201cEs evidente que el Estado nos quiere calladas, nos quiere sumisas, nos quiere encerradas, nos quiere muertas\u201d.<\/p><\/blockquote>\n<p>Grupos defensores de los derechos de las mujeres han acusado reiteradamente a las autoridades mexicanas de revictimizar a las sobrevivientes y de no juzgar los casos con perspectiva de g\u00e9nero.<\/p>\n<p>Ruiz pas\u00f3 nueve meses en prisi\u00f3n bajo cargos de homicidio por uso excesivo de leg\u00edtima defensa, y finalmente fue liberada a la espera de su juicio.<\/p>\n<p>La corte respondi\u00f3 el mi\u00e9rcoles a la indignaci\u00f3n p\u00fablica por la sentencia se\u00f1alando que el juez s\u00ed revis\u00f3 el caso con perspectiva de g\u00e9nero. Tambi\u00e9n afirm\u00f3 que un golpe a la cabeza durante el forcejeo dej\u00f3 al hombre inconsciente en un momento dado, algo que la corte consider\u00f3 que era \u201csuficiente para contener la agresi\u00f3n f\u00edsica\u201d.<\/p>\n<p>El abogado de Ruiz dijo que la defensa del tribunal \u201ces totalmente falsa\u201d. Carrera indic\u00f3 que, si bien exist\u00eda algo de evidencia de que el agresor recibi\u00f3 un golpe en la cabeza, nunca se comprob\u00f3 que hubiera quedado inconsciente. Se\u00f1al\u00f3 que la defensa espera impugnar la afirmaci\u00f3n de la corte en su apelaci\u00f3n.<\/p>\n<p>Pese a la sentencia, Ruiz sigue en libertad a la espera de nuevos pasos judiciales.<\/p>\n<p>Casi la mitad de las mujeres mexicanas han sufrido violencia sexual en su vida, de acuerdo con datos del gobierno.<\/p>\n<p>En 2022, el gobierno mexicano registr\u00f3 un total de 3.754 mujeres asesinadas \u2014un promedio de 10 al d\u00eda\u2014 , lo que supone un aumento significativo respecto al a\u00f1o anterior. S\u00f3lo un tercio de los casos fueron investigados como feminicidios.<\/p>\n<p>Es probable que esa cifra sea s\u00f3lo una fracci\u00f3n del n\u00famero real, debido al aumento de las desapariciones y a la falta de denuncias en el pa\u00eds de los casos de violencia.<\/p>\n<p>Ang\u00e9lica Ospina, investigadora de g\u00e9nero del International Crisis Group en M\u00e9xico, dice que le preocupa que la sentencia pueda darle \u00e1nimos a los victimarios y desalentar a las mujeres a denunciar la violencia de g\u00e9nero o a defenderse.<\/p>\n<p>El caso expone lo \u201cnormalizada\u201d que est\u00e1 la violencia de g\u00e9nero en M\u00e9xico y en otras partes de Am\u00e9rica Latina, comenta Ospina.<\/p>\n<blockquote><p>Cuando una mujer se defiende, el sistema es particularmente eficiente en procesarla y sentenciarla, sin tener en cuenta las condiciones en que ella asesin\u00f3 a este muchacho\u201d, a\u00f1adi\u00f3 Ospina.<\/p><\/blockquote>\n<p>En tanto, afuera del tribunal, mujeres sosten\u00edan letreros y gritaban \u201c\u00a1Justicia!\u201d. Ruiz, entre l\u00e1grimas, estaba de pie entre la multitud, agradeciendo a los grupos feministas y a las mujeres que la han apoyado durante el proceso judicial de a\u00f1os. <\/p>\n<p>Ante la multitud, Ruiz envi\u00f3 un mensaje a su hijo de 4 a\u00f1os: \u201cA mi hijo, que espero volverlo a ver y seguir con \u00e9l, y ser yo quien lo vea crecer\u201d.<\/p>\n","protected":false},"excerpt":{"rendered":"<p>El fallo contra Roxana Ruiz desat\u00f3 indignaci\u00f3n entre expertos y grupos feministas<\/p>\n","protected":false},"author":1,"featured_media":2449,"comment_status":"closed","ping_status":"closed","sticky":false,"template":"","format":"standard","meta":{"_crdt_document":"","_jetpack_memberships_contains_paid_content":false,"footnotes":"","jetpack_publicize_message":"","jetpack_publicize_feature_enabled":true,"jetpack_social_post_already_shared":true,"jetpack_social_options":{"image_generator_settings":{"template":"highway","default_image_id":0,"font":"","enabled":false},"version":2},"_wpas_customize_per_network":false},"categories":[33],"tags":[],"class_list":["post-2448","post","type-post","status-publish","format-standard","has-post-thumbnail","hentry","category-mexico"],"magazineBlocksPostFeaturedMedia":{"thumbnail":"https:\/\/pornuestrolaredo.com\/wp-content\/uploads\/2023\/05\/PNL-20239519-1-150x150.jpg","medium":"https:\/\/pornuestrolaredo.com\/wp-content\/uploads\/2023\/05\/PNL-20239519-1-300x200.jpg","medium_large":"https:\/\/pornuestrolaredo.com\/wp-content\/uploads\/2023\/05\/PNL-20239519-1-768x512.jpg","large":"https:\/\/pornuestrolaredo.com\/wp-content\/uploads\/2023\/05\/PNL-20239519-1.jpg","1536x1536":"https:\/\/pornuestrolaredo.com\/wp-content\/uploads\/2023\/05\/PNL-20239519-1.jpg","2048x2048":"https:\/\/pornuestrolaredo.com\/wp-content\/uploads\/2023\/05\/PNL-20239519-1.jpg","morenews-large":"https:\/\/pornuestrolaredo.com\/wp-content\/uploads\/2023\/05\/PNL-20239519-1.jpg","morenews-medium":"https:\/\/pornuestrolaredo.com\/wp-content\/uploads\/2023\/05\/PNL-20239519-1.jpg"},"magazineBlocksPostAuthor":{"name":"Redactor","avatar":"https:\/\/pornuestrolaredo.com\/wp-content\/litespeed\/avatar\/dca1d7ec750c399f025f23b0b314f4cf.jpg?ver=1777007253"},"magazineBlocksPostCommentsNumber":false,"magazineBlocksPostExcerpt":"El fallo contra Roxana Ruiz desat\u00f3 indignaci\u00f3n entre expertos y grupos feministas","magazineBlocksPostCategories":["Mexico"],"magazineBlocksPostViewCount":148,"magazineBlocksPostReadTime":6,"magazine_blocks_featured_image_url":{"full":["https:\/\/pornuestrolaredo.com\/wp-content\/uploads\/2023\/05\/PNL-20239519-1.jpg",1000,667,false],"medium":["https:\/\/pornuestrolaredo.com\/wp-content\/uploads\/2023\/05\/PNL-20239519-1-300x200.jpg",300,200,true],"thumbnail":["https:\/\/pornuestrolaredo.com\/wp-content\/uploads\/2023\/05\/PNL-20239519-1-150x150.jpg",150,150,true]},"magazine_blocks_author":{"display_name":"Redactor","author_link":"https:\/\/pornuestrolaredo.com\/?author=1"},"magazine_blocks_comment":0,"magazine_blocks_author_image":"https:\/\/pornuestrolaredo.com\/wp-content\/litespeed\/avatar\/dca1d7ec750c399f025f23b0b314f4cf.jpg?ver=1777007253","magazine_blocks_category":"<a href=\"#\" class=\"category-link category-link-33\">Mexico<\/a>","jetpack_publicize_connections":[],"featured_image_urls":{"full":["https:\/\/pornuestrolaredo.com\/wp-content\/uploads\/2023\/05\/PNL-20239519-1.jpg",1000,667,false],"thumbnail":["https:\/\/pornuestrolaredo.com\/wp-content\/uploads\/2023\/05\/PNL-20239519-1-150x150.jpg",150,150,true],"medium":["https:\/\/pornuestrolaredo.com\/wp-content\/uploads\/2023\/05\/PNL-20239519-1-300x200.jpg",300,200,true],"medium_large":["https:\/\/pornuestrolaredo.com\/wp-content\/uploads\/2023\/05\/PNL-20239519-1-768x512.jpg",640,427,true],"large":["https:\/\/pornuestrolaredo.com\/wp-content\/uploads\/2023\/05\/PNL-20239519-1.jpg",640,427,false],"1536x1536":["https:\/\/pornuestrolaredo.com\/wp-content\/uploads\/2023\/05\/PNL-20239519-1.jpg",1000,667,false],"2048x2048":["https:\/\/pornuestrolaredo.com\/wp-content\/uploads\/2023\/05\/PNL-20239519-1.jpg",1000,667,false],"morenews-large":["https:\/\/pornuestrolaredo.com\/wp-content\/uploads\/2023\/05\/PNL-20239519-1.jpg",825,550,false],"morenews-medium":["https:\/\/pornuestrolaredo.com\/wp-content\/uploads\/2023\/05\/PNL-20239519-1.jpg",590,394,false]},"author_info":{"info":["Redactor"]},"category_info":"<a href=\"https:\/\/pornuestrolaredo.com\/?cat=33\" rel=\"category\">Mexico<\/a>","tag_info":"Mexico","comment_count":"0","jetpack_featured_media_url":"https:\/\/pornuestrolaredo.com\/wp-content\/uploads\/2023\/05\/PNL-20239519-1.jpg","jetpack_sharing_enabled":true,"_links":{"self":[{"href":"https:\/\/pornuestrolaredo.com\/index.php?rest_route=\/wp\/v2\/posts\/2448","targetHints":{"allow":["GET"]}}],"collection":[{"href":"https:\/\/pornuestrolaredo.com\/index.php?rest_route=\/wp\/v2\/posts"}],"about":[{"href":"https:\/\/pornuestrolaredo.com\/index.php?rest_route=\/wp\/v2\/types\/post"}],"author":[{"embeddable":true,"href":"https:\/\/pornuestrolaredo.com\/index.php?rest_route=\/wp\/v2\/users\/1"}],"replies":[{"embeddable":true,"href":"https:\/\/pornuestrolaredo.com\/index.php?rest_route=%2Fwp%2Fv2%2Fcomments&post=2448"}],"version-history":[{"count":1,"href":"https:\/\/pornuestrolaredo.com\/index.php?rest_route=\/wp\/v2\/posts\/2448\/revisions"}],"predecessor-version":[{"id":2450,"href":"https:\/\/pornuestrolaredo.com\/index.php?rest_route=\/wp\/v2\/posts\/2448\/revisions\/2450"}],"wp:featuredmedia":[{"embeddable":true,"href":"https:\/\/pornuestrolaredo.com\/index.php?rest_route=\/wp\/v2\/media\/2449"}],"wp:attachment":[{"href":"https:\/\/pornuestrolaredo.com\/index.php?rest_route=%2Fwp%2Fv2%2Fmedia&parent=2448"}],"wp:term":[{"taxonomy":"category","embeddable":true,"href":"https:\/\/pornuestrolaredo.com\/index.php?rest_route=%2Fwp%2Fv2%2Fcategories&post=2448"},{"taxonomy":"post_tag","embeddable":true,"href":"https:\/\/pornuestrolaredo.com\/index.php?rest_route=%2Fwp%2Fv2%2Ftags&post=2448"}],"curies":[{"name":"wp","href":"https:\/\/api.w.org\/{rel}","templated":true}]}}