{"id":245,"date":"2022-09-09T21:50:25","date_gmt":"2022-09-09T21:50:25","guid":{"rendered":"https:\/\/pornuestrolaredo.com\/?p=245"},"modified":"2022-09-10T23:02:14","modified_gmt":"2022-09-10T23:02:14","slug":"llora-gran-bretana-muerte-de-elizabeth-ii","status":"publish","type":"post","link":"https:\/\/pornuestrolaredo.com\/?p=245","title":{"rendered":"Llora Gran Breta\u00f1a muerte de Elizabeth II"},"content":{"rendered":"\n<p class=\"wp-block-paragraph\"><strong><em>LONDRES.- <\/em><\/strong>Ta\u00f1eron las campanas, y multitudes acud\u00edan a las puertas del palacio de Buckingham, mientras el pa\u00eds se preparaba para una nueva era con un nuevo monarca.<\/p>\n\n\n\n<p class=\"wp-block-paragraph\">El rey Carlos III, que pas\u00f3 muchos de sus 73 a\u00f1os de vida\nprepar\u00e1ndose para la funci\u00f3n, planeaba reunirse con la primera ministra el\nviernes y dirigirse a una naci\u00f3n que llora a Isabel II, la \u00fanica monarca\nbrit\u00e1nica que hab\u00eda conocido la mayor parte del mundo. Llega al trono en una\nera de incertidumbre para el pa\u00eds y para la monarqu\u00eda misma.<\/p>\n\n\n\n<p class=\"wp-block-paragraph\">El pa\u00eds comenz\u00f3 el viernes un periodo de luto oficial de 10\nd\u00edas. En la capital, Londres, se lanzar\u00e1n 96 salvas de ca\u00f1\u00f3n, una por cada a\u00f1o\nde vida de la reina. Personas de todo el mundo se congregaron ante las\nembajadas brit\u00e1nicas para rendir homenaje a la monarca, que falleci\u00f3 el jueves\nen el castillo de Balmoral, en Escocia.<\/p>\n\n\n\n<p class=\"wp-block-paragraph\">Carlos III, que ha pasado gran parte de sus 73 a\u00f1os\nprepar\u00e1ndose para reinar, sube al trono en una \u00e9poca de incertidumbre tanto\npara su pa\u00eds como para la propia monarqu\u00eda.<\/p>\n\n\n\n<p class=\"wp-block-paragraph\">El viernes, en su primer d\u00eda completo en el cargo, se espera\nque regrese a Londres; se re\u00fana con la primera ministra, Liz Truss, quien fue\nnombrada por su madre a principios de semana, y ofrezca un discurso a la naci\u00f3n\nen un momento en que muchos brit\u00e1nicos est\u00e1n preocupados por la crisis\nenerg\u00e9tica, el encarecimiento del costo de la vida, la guerra en Ucrania y las\nconsecuencias del Brexit.<\/p>\n\n\n\n<p class=\"wp-block-paragraph\">Isabel ostent\u00f3 el reinado m\u00e1s largo en la historia del pa\u00eds\ny fue un s\u00edmbolo de constancia en una \u00e9poca turbulenta que vio el declive del\nimperio brit\u00e1nico y la decadencia de su propia familia, cuyos miembros\nacudieron a su lado en la residencia de verano de Balmoral tras el\nempeoramiento de su salud.<\/p>\n\n\n\n<p class=\"wp-block-paragraph\">El largo periodo de luto comienza el viernes con una misa de\nrecuerdo en la catedral de San Pablo de Londres, a la que se espera que asistan\nTruss y los principales ministros del gobierno. Carlos, que se convirti\u00f3 en rey\ninmediatamente despu\u00e9s del deceso de su madre, ser\u00e1 proclamado formalmente en\nuna ceremonia especial el s\u00e1bado.<\/p>\n\n\n\n<p class=\"wp-block-paragraph\">Tras una vigilia en Edimburgo, el f\u00e9retro de la reina ser\u00e1\nllevado a Londres, donde estar\u00e1 en una capilla ardiente por varios d\u00edas antes\nde su funeral en la Abad\u00eda de Westminster.<\/p>\n\n\n\n<p class=\"wp-block-paragraph\">Marcando el fin de la segunda era isabelina, cuando se\nanunci\u00f3 la muerte de Isabel II, la televisora p\u00fablica BBC emiti\u00f3 el himno\nnacional brit\u00e1nico, \u201cGod Save the Queen\u201d (\u201cDios salve a la reina\u201d), sobre un\nretrato de la monarca con su atuendo completo, y la bandera del Palacio de\nBuckingham se coloc\u00f3 a media asta. En el primero de los muchos cambios que\nvendr\u00e1n, el himno que son\u00f3 el viernes fue \u201cGod Save the King\u201d (\u201cDios salve al\nrey\u201d).<\/p>\n\n\n\n<p class=\"wp-block-paragraph\">El impacto de la p\u00e9rdida de Isabel ser\u00e1 enorme e\nimpredecible para Gran Breta\u00f1a. La reina ayud\u00f3 a estabilizar y a modernizar la\nmonarqu\u00eda a lo largo de d\u00e9cadas de enormes cambios sociales, pero su relevancia\nen el siglo XXI ha sido cuestionada a menudo.<\/p>\n\n\n\n<p class=\"wp-block-paragraph\">El afecto permanente del p\u00fablico por la monarca hab\u00eda\nayudado a mantener el respaldo a la instituci\u00f3n a pesar de los esc\u00e1ndalos\nfamiliares, pero Carlos no es, ni de lejos, tan popular.<\/p>\n\n\n\n<p class=\"wp-block-paragraph\">El nuevo rey calific\u00f3 la muerte de su madre como \u201cun momento\nde la m\u00e1s grande tristeza para m\u00ed y para todos los miembros de mi familia\u201d, y\na\u00f1adi\u00f3 que \u201cS\u00e9 que su p\u00e9rdida ser\u00e1 profundamente sentida en el pa\u00eds, los reinos\ny la Mancomunidad de Naciones, y por innumerables personas en todo el mundo\u201d.<\/p>\n\n\n\n<p class=\"wp-block-paragraph\">El cambio de guardia se produce en un momento delicado para\nel pa\u00eds, apenas unos d\u00edas despu\u00e9s de que la nueva primera ministra tomase las\nriendas. Truss, designada por la reina para el cargo apenas 48 horas antes de\nsu deceso, se\u00f1al\u00f3 que Isabel II era \u201cla roca sobre la cual se construy\u00f3 la Gran\nBreta\u00f1a moderna\u201d.<\/p>\n","protected":false},"excerpt":{"rendered":"<p>LONDRES.- Ta\u00f1eron las campanas, y multitudes acud\u00edan a las puertas del palacio de Buckingham, mientras el pa\u00eds se<\/p>\n","protected":false},"author":1,"featured_media":246,"comment_status":"closed","ping_status":"closed","sticky":false,"template":"","format":"standard","meta":{"_crdt_document":"","_jetpack_memberships_contains_paid_content":false,"footnotes":"","jetpack_publicize_message":"Mientras, el Rey Juan Carlos II se alista para asumir al trono, en una era de incertidumbre para el pa\u00eds y para la monarqu\u00eda misma","jetpack_publicize_feature_enabled":true,"jetpack_social_post_already_shared":true,"jetpack_social_options":{"image_generator_settings":{"template":"highway","default_image_id":0,"font":"","enabled":false},"version":2},"_wpas_customize_per_network":false},"categories":[9],"tags":[],"class_list":["post-245","post","type-post","status-publish","format-standard","has-post-thumbnail","hentry","category-el-mundo"],"magazineBlocksPostFeaturedMedia":{"thumbnail":"https:\/\/pornuestrolaredo.com\/wp-content\/uploads\/2022\/09\/Reina-150x150.jpeg","medium":"https:\/\/pornuestrolaredo.com\/wp-content\/uploads\/2022\/09\/Reina-300x200.jpeg","medium_large":"https:\/\/pornuestrolaredo.com\/wp-content\/uploads\/2022\/09\/Reina-768x513.jpeg","large":"https:\/\/pornuestrolaredo.com\/wp-content\/uploads\/2022\/09\/Reina.jpeg","1536x1536":"https:\/\/pornuestrolaredo.com\/wp-content\/uploads\/2022\/09\/Reina.jpeg","2048x2048":"https:\/\/pornuestrolaredo.com\/wp-content\/uploads\/2022\/09\/Reina.jpeg","morenews-large":"https:\/\/pornuestrolaredo.com\/wp-content\/uploads\/2022\/09\/Reina.jpeg","morenews-medium":"https:\/\/pornuestrolaredo.com\/wp-content\/uploads\/2022\/09\/Reina.jpeg"},"magazineBlocksPostAuthor":{"name":"Redactor","avatar":"https:\/\/pornuestrolaredo.com\/wp-content\/litespeed\/avatar\/dca1d7ec750c399f025f23b0b314f4cf.jpg?ver=1777612120"},"magazineBlocksPostCommentsNumber":false,"magazineBlocksPostExcerpt":"LONDRES.- Ta\u00f1eron las campanas, y multitudes acud\u00edan a las puertas del palacio de Buckingham, mientras el pa\u00eds se","magazineBlocksPostCategories":["El Mundo"],"magazineBlocksPostViewCount":134,"magazineBlocksPostReadTime":4,"magazine_blocks_featured_image_url":{"full":["https:\/\/pornuestrolaredo.com\/wp-content\/uploads\/2022\/09\/Reina.jpeg",1000,668,false],"medium":["https:\/\/pornuestrolaredo.com\/wp-content\/uploads\/2022\/09\/Reina-300x200.jpeg",300,200,true],"thumbnail":["https:\/\/pornuestrolaredo.com\/wp-content\/uploads\/2022\/09\/Reina-150x150.jpeg",150,150,true]},"magazine_blocks_author":{"display_name":"Redactor","author_link":"https:\/\/pornuestrolaredo.com\/?author=1"},"magazine_blocks_comment":0,"magazine_blocks_author_image":"https:\/\/pornuestrolaredo.com\/wp-content\/litespeed\/avatar\/dca1d7ec750c399f025f23b0b314f4cf.jpg?ver=1777612120","magazine_blocks_category":"<a href=\"#\" class=\"category-link category-link-9\">El Mundo<\/a>","jetpack_publicize_connections":[],"featured_image_urls":{"full":["https:\/\/pornuestrolaredo.com\/wp-content\/uploads\/2022\/09\/Reina.jpeg",1000,668,false],"thumbnail":["https:\/\/pornuestrolaredo.com\/wp-content\/uploads\/2022\/09\/Reina-150x150.jpeg",150,150,true],"medium":["https:\/\/pornuestrolaredo.com\/wp-content\/uploads\/2022\/09\/Reina-300x200.jpeg",300,200,true],"medium_large":["https:\/\/pornuestrolaredo.com\/wp-content\/uploads\/2022\/09\/Reina-768x513.jpeg",640,428,true],"large":["https:\/\/pornuestrolaredo.com\/wp-content\/uploads\/2022\/09\/Reina.jpeg",640,428,false],"1536x1536":["https:\/\/pornuestrolaredo.com\/wp-content\/uploads\/2022\/09\/Reina.jpeg",1000,668,false],"2048x2048":["https:\/\/pornuestrolaredo.com\/wp-content\/uploads\/2022\/09\/Reina.jpeg",1000,668,false],"morenews-large":["https:\/\/pornuestrolaredo.com\/wp-content\/uploads\/2022\/09\/Reina.jpeg",825,551,false],"morenews-medium":["https:\/\/pornuestrolaredo.com\/wp-content\/uploads\/2022\/09\/Reina.jpeg",590,394,false]},"author_info":{"info":["Redactor"]},"category_info":"<a href=\"https:\/\/pornuestrolaredo.com\/?cat=9\" rel=\"category\">El Mundo<\/a>","tag_info":"El Mundo","comment_count":"0","jetpack_featured_media_url":"https:\/\/pornuestrolaredo.com\/wp-content\/uploads\/2022\/09\/Reina.jpeg","jetpack_sharing_enabled":true,"_links":{"self":[{"href":"https:\/\/pornuestrolaredo.com\/index.php?rest_route=\/wp\/v2\/posts\/245","targetHints":{"allow":["GET"]}}],"collection":[{"href":"https:\/\/pornuestrolaredo.com\/index.php?rest_route=\/wp\/v2\/posts"}],"about":[{"href":"https:\/\/pornuestrolaredo.com\/index.php?rest_route=\/wp\/v2\/types\/post"}],"author":[{"embeddable":true,"href":"https:\/\/pornuestrolaredo.com\/index.php?rest_route=\/wp\/v2\/users\/1"}],"replies":[{"embeddable":true,"href":"https:\/\/pornuestrolaredo.com\/index.php?rest_route=%2Fwp%2Fv2%2Fcomments&post=245"}],"version-history":[{"count":1,"href":"https:\/\/pornuestrolaredo.com\/index.php?rest_route=\/wp\/v2\/posts\/245\/revisions"}],"predecessor-version":[{"id":247,"href":"https:\/\/pornuestrolaredo.com\/index.php?rest_route=\/wp\/v2\/posts\/245\/revisions\/247"}],"wp:featuredmedia":[{"embeddable":true,"href":"https:\/\/pornuestrolaredo.com\/index.php?rest_route=\/wp\/v2\/media\/246"}],"wp:attachment":[{"href":"https:\/\/pornuestrolaredo.com\/index.php?rest_route=%2Fwp%2Fv2%2Fmedia&parent=245"}],"wp:term":[{"taxonomy":"category","embeddable":true,"href":"https:\/\/pornuestrolaredo.com\/index.php?rest_route=%2Fwp%2Fv2%2Fcategories&post=245"},{"taxonomy":"post_tag","embeddable":true,"href":"https:\/\/pornuestrolaredo.com\/index.php?rest_route=%2Fwp%2Fv2%2Ftags&post=245"}],"curies":[{"name":"wp","href":"https:\/\/api.w.org\/{rel}","templated":true}]}}