{"id":2451,"date":"2023-05-19T04:53:06","date_gmt":"2023-05-19T04:53:06","guid":{"rendered":"https:\/\/pornuestrolaredo.com\/?p=2451"},"modified":"2023-05-19T04:53:06","modified_gmt":"2023-05-19T04:53:06","slug":"instalaran-dos-nuevos-parques-industriales","status":"publish","type":"post","link":"https:\/\/pornuestrolaredo.com\/?p=2451","title":{"rendered":"Instalar\u00e1n dos nuevos parques industriales"},"content":{"rendered":"<p><strong><em>NUEVO LAREDO.-<\/em><\/strong> Dos nuevos parques industriales ser\u00e1n instalados en Nuevo Laredo, en el sector poniente, lo que traer\u00e1 una gran derrama econ\u00f3mica a la ciudad.<\/p>\n<blockquote><p>Hay confianza para invertir en Nuevo Laredo\u201d, dijo Rolando Guevara Gonz\u00e1lez, secretario de Desarrollo Econ\u00f3mico del Gobierno Municipal.<\/p><\/blockquote>\n<p>Dijo que despu\u00e9s de 10 a\u00f1os hubo el inter\u00e9s por parte de un grupo de inversionistas locales y otro de Coahuila.<\/p>\n<blockquote><p>Hemos estado en esa l\u00ednea ascendente de llegada de inversi\u00f3n, tanto nacional, extranjera as\u00ed como tambi\u00e9n ha habido un crecimiento enorme de la inversi\u00f3n local, que es muy positivo para la ciudad\u201d, se\u00f1al\u00f3 Guevara Gonz\u00e1lez.<\/p><\/blockquote>\n<p>Uno de los Parques Industriales ser\u00e1 instalado en una superficie de 150 hect\u00e1reas, mientras que el otro ser\u00e1 de 30 hect\u00e1reas. El arranque de la construcci\u00f3n se realizar\u00e1 dentro de algunos meses mientras tanto iniciar\u00e1 el proceso del traslado o la llegada de nuevas naves industriales.<\/p>\n<p>Guevara Gonz\u00e1lez destac\u00f3 que la alcaldesa Carmen Lilia Canturosas Villarreal ha dado instrucciones para otorgar todas las facilidades a inversionistas y reforzar las acciones del gobierno para continuar impulsando el desarrollo econ\u00f3mico de la frontera. <\/p>\n<p>La llegada de estos parques consolida a Nuevo Laredo como un referente en desarrollo industrial, pues se suma a la llegada de nuevas empresas,\u00a0 ampliaci\u00f3n de plantas y apertura de bodegas que fortalecen las ventajas competitivas de la ciudad.<\/p>\n","protected":false},"excerpt":{"rendered":"<p>Inversionistas locales y de Coahuila retoman planes al conseguir facilidades del Gobierno Municipal<\/p>\n","protected":false},"author":1,"featured_media":2452,"comment_status":"closed","ping_status":"closed","sticky":false,"template":"","format":"standard","meta":{"_crdt_document":"","_jetpack_memberships_contains_paid_content":false,"footnotes":"","jetpack_publicize_message":"","jetpack_publicize_feature_enabled":true,"jetpack_social_post_already_shared":true,"jetpack_social_options":{"image_generator_settings":{"template":"highway","default_image_id":0,"font":"","enabled":false},"version":2},"_wpas_customize_per_network":false},"categories":[4],"tags":[],"class_list":["post-2451","post","type-post","status-publish","format-standard","has-post-thumbnail","hentry","category-los-dos-laredos"],"magazineBlocksPostFeaturedMedia":{"thumbnail":"https:\/\/pornuestrolaredo.com\/wp-content\/uploads\/2023\/05\/Stereo91-20239519-3-150x150.jpg","medium":"https:\/\/pornuestrolaredo.com\/wp-content\/uploads\/2023\/05\/Stereo91-20239519-3-300x154.jpg","medium_large":"https:\/\/pornuestrolaredo.com\/wp-content\/uploads\/2023\/05\/Stereo91-20239519-3-768x394.jpg","large":"https:\/\/pornuestrolaredo.com\/wp-content\/uploads\/2023\/05\/Stereo91-20239519-3-1000x513.jpg","1536x1536":"https:\/\/pornuestrolaredo.com\/wp-content\/uploads\/2023\/05\/Stereo91-20239519-3.jpg","2048x2048":"https:\/\/pornuestrolaredo.com\/wp-content\/uploads\/2023\/05\/Stereo91-20239519-3.jpg","morenews-large":"https:\/\/pornuestrolaredo.com\/wp-content\/uploads\/2023\/05\/Stereo91-20239519-3.jpg","morenews-medium":"https:\/\/pornuestrolaredo.com\/wp-content\/uploads\/2023\/05\/Stereo91-20239519-3.jpg"},"magazineBlocksPostAuthor":{"name":"Redactor","avatar":"https:\/\/pornuestrolaredo.com\/wp-content\/litespeed\/avatar\/dca1d7ec750c399f025f23b0b314f4cf.jpg?ver=1777007253"},"magazineBlocksPostCommentsNumber":false,"magazineBlocksPostExcerpt":"Inversionistas locales y de Coahuila retoman planes al conseguir facilidades del Gobierno Municipal","magazineBlocksPostCategories":["Los dos Laredos"],"magazineBlocksPostViewCount":150,"magazineBlocksPostReadTime":2,"magazine_blocks_featured_image_url":{"full":["https:\/\/pornuestrolaredo.com\/wp-content\/uploads\/2023\/05\/Stereo91-20239519-3.jpg",1280,657,false],"medium":["https:\/\/pornuestrolaredo.com\/wp-content\/uploads\/2023\/05\/Stereo91-20239519-3-300x154.jpg",300,154,true],"thumbnail":["https:\/\/pornuestrolaredo.com\/wp-content\/uploads\/2023\/05\/Stereo91-20239519-3-150x150.jpg",150,150,true]},"magazine_blocks_author":{"display_name":"Redactor","author_link":"https:\/\/pornuestrolaredo.com\/?author=1"},"magazine_blocks_comment":0,"magazine_blocks_author_image":"https:\/\/pornuestrolaredo.com\/wp-content\/litespeed\/avatar\/dca1d7ec750c399f025f23b0b314f4cf.jpg?ver=1777007253","magazine_blocks_category":"<a href=\"#\" class=\"category-link category-link-4\">Los dos Laredos<\/a>","jetpack_publicize_connections":[],"featured_image_urls":{"full":["https:\/\/pornuestrolaredo.com\/wp-content\/uploads\/2023\/05\/Stereo91-20239519-3.jpg",1280,657,false],"thumbnail":["https:\/\/pornuestrolaredo.com\/wp-content\/uploads\/2023\/05\/Stereo91-20239519-3-150x150.jpg",150,150,true],"medium":["https:\/\/pornuestrolaredo.com\/wp-content\/uploads\/2023\/05\/Stereo91-20239519-3-300x154.jpg",300,154,true],"medium_large":["https:\/\/pornuestrolaredo.com\/wp-content\/uploads\/2023\/05\/Stereo91-20239519-3-768x394.jpg",640,328,true],"large":["https:\/\/pornuestrolaredo.com\/wp-content\/uploads\/2023\/05\/Stereo91-20239519-3-1000x513.jpg",640,328,true],"1536x1536":["https:\/\/pornuestrolaredo.com\/wp-content\/uploads\/2023\/05\/Stereo91-20239519-3.jpg",1280,657,false],"2048x2048":["https:\/\/pornuestrolaredo.com\/wp-content\/uploads\/2023\/05\/Stereo91-20239519-3.jpg",1280,657,false],"morenews-large":["https:\/\/pornuestrolaredo.com\/wp-content\/uploads\/2023\/05\/Stereo91-20239519-3.jpg",825,423,false],"morenews-medium":["https:\/\/pornuestrolaredo.com\/wp-content\/uploads\/2023\/05\/Stereo91-20239519-3.jpg",590,303,false]},"author_info":{"info":["Redactor"]},"category_info":"<a href=\"https:\/\/pornuestrolaredo.com\/?cat=4\" rel=\"category\">Los dos Laredos<\/a>","tag_info":"Los dos Laredos","comment_count":"0","jetpack_featured_media_url":"https:\/\/pornuestrolaredo.com\/wp-content\/uploads\/2023\/05\/Stereo91-20239519-3.jpg","jetpack_sharing_enabled":true,"_links":{"self":[{"href":"https:\/\/pornuestrolaredo.com\/index.php?rest_route=\/wp\/v2\/posts\/2451","targetHints":{"allow":["GET"]}}],"collection":[{"href":"https:\/\/pornuestrolaredo.com\/index.php?rest_route=\/wp\/v2\/posts"}],"about":[{"href":"https:\/\/pornuestrolaredo.com\/index.php?rest_route=\/wp\/v2\/types\/post"}],"author":[{"embeddable":true,"href":"https:\/\/pornuestrolaredo.com\/index.php?rest_route=\/wp\/v2\/users\/1"}],"replies":[{"embeddable":true,"href":"https:\/\/pornuestrolaredo.com\/index.php?rest_route=%2Fwp%2Fv2%2Fcomments&post=2451"}],"version-history":[{"count":1,"href":"https:\/\/pornuestrolaredo.com\/index.php?rest_route=\/wp\/v2\/posts\/2451\/revisions"}],"predecessor-version":[{"id":2453,"href":"https:\/\/pornuestrolaredo.com\/index.php?rest_route=\/wp\/v2\/posts\/2451\/revisions\/2453"}],"wp:featuredmedia":[{"embeddable":true,"href":"https:\/\/pornuestrolaredo.com\/index.php?rest_route=\/wp\/v2\/media\/2452"}],"wp:attachment":[{"href":"https:\/\/pornuestrolaredo.com\/index.php?rest_route=%2Fwp%2Fv2%2Fmedia&parent=2451"}],"wp:term":[{"taxonomy":"category","embeddable":true,"href":"https:\/\/pornuestrolaredo.com\/index.php?rest_route=%2Fwp%2Fv2%2Fcategories&post=2451"},{"taxonomy":"post_tag","embeddable":true,"href":"https:\/\/pornuestrolaredo.com\/index.php?rest_route=%2Fwp%2Fv2%2Ftags&post=2451"}],"curies":[{"name":"wp","href":"https:\/\/api.w.org\/{rel}","templated":true}]}}