{"id":2454,"date":"2023-05-19T05:01:50","date_gmt":"2023-05-19T05:01:50","guid":{"rendered":"https:\/\/pornuestrolaredo.com\/?p=2454"},"modified":"2023-05-19T05:01:50","modified_gmt":"2023-05-19T05:01:50","slug":"daran-becas-a-estudiantes-con-discapacidad","status":"publish","type":"post","link":"https:\/\/pornuestrolaredo.com\/?p=2454","title":{"rendered":"Dar\u00e1n becas a estudiantes con discapacidad"},"content":{"rendered":"<p><strong><em>NUEVO LAREDO.-<\/em> <\/strong>El Programa de \u201cLazos de Esperanza\u201d del Centro de Rehabilitaci\u00f3n Integral (CRI) estar\u00e1 recibiendo la documentaci\u00f3n de los estudiantes que deseen aplicar para la beca \u201cPara la Inclusi\u00f3n Social de Tamaulipas\u201d que ofrece el Gobierno de Tamaulipas a trav\u00e9s de la Secretar\u00eda de Educaci\u00f3n y el Instituto Tamaulipeco de Becas, Est\u00edmulos y Cr\u00e9ditos Educativos (ITABEC).<\/p>\n<p>Mirtha Oralia Castillo Y\u00e1\u00f1ez, jefa del Departamento \u201cLazos de Esperanza\u201d,\u00a0 inform\u00f3 que este apoyo va dirigido especialmente para los ni\u00f1os y j\u00f3venes que tengan una discapacidad motriz, visual, auditiva o intelectual leve y est\u00e9n cursando sus estudios de primaria, secundaria, media superior o superior en instituciones p\u00fablicas o privadas.<\/p>\n<blockquote><p>Esta convocatoria brinda la oportunidad a las personas con discapacidad\u00a0 de tener un apoyo para que puedan continuar sus estudios, aqu\u00ed estaremos recibiendo y orientando a las personas que quieran solicitar este est\u00edmulo\u201d manifest\u00f3 Castillo Y\u00e1\u00f1ez.<\/p><\/blockquote>\n<p>Los interesados deber\u00e1n de llevar original y copia de la solicitud, aviso de privacidad firmada por los padres, copia de acta de nacimiento; CURP, identificaci\u00f3n del padre o tutor, constancia original de inscripci\u00f3n, Formato \u00danico de Discapacidad emitido por el Sistema DIF Municipal y boletas de calificaci\u00f3n reciente.<\/p>\n<p>En caso de que el menor tenga tutores tendr\u00e1n que presentar su documento como responsable que expide la Procuradur\u00eda de Protecci\u00f3n a Ni\u00f1as, Ni\u00f1os y Adolescentes o copia de la resoluci\u00f3n judicial que acredite la tutor\u00eda legal.<\/p>\n<p>Los requisitos se deber\u00e1n presentar del 22 al 26 de mayo en el CRI ubicado en Jaumave #6970 en la colonia La Fe, en un horario de lunes a viernes de 8 de la ma\u00f1ana a 3:30 de la tarde.<\/p>\n","protected":false},"excerpt":{"rendered":"<p>Las solicitudes las recibe el Programa de \u201cLazos de Esperanza\u201d del Centro de Rehabilitaci\u00f3n Integral<\/p>\n","protected":false},"author":1,"featured_media":2455,"comment_status":"closed","ping_status":"closed","sticky":false,"template":"","format":"standard","meta":{"_crdt_document":"","_jetpack_memberships_contains_paid_content":false,"footnotes":"","jetpack_publicize_message":"","jetpack_publicize_feature_enabled":true,"jetpack_social_post_already_shared":true,"jetpack_social_options":{"image_generator_settings":{"template":"highway","default_image_id":0,"font":"","enabled":false},"version":2},"_wpas_customize_per_network":false},"categories":[4],"tags":[],"class_list":["post-2454","post","type-post","status-publish","format-standard","has-post-thumbnail","hentry","category-los-dos-laredos"],"magazineBlocksPostFeaturedMedia":{"thumbnail":"https:\/\/pornuestrolaredo.com\/wp-content\/uploads\/2023\/05\/Stereo91-20239519-4-150x150.jpg","medium":"https:\/\/pornuestrolaredo.com\/wp-content\/uploads\/2023\/05\/Stereo91-20239519-4-300x164.jpg","medium_large":"https:\/\/pornuestrolaredo.com\/wp-content\/uploads\/2023\/05\/Stereo91-20239519-4-768x419.jpg","large":"https:\/\/pornuestrolaredo.com\/wp-content\/uploads\/2023\/05\/Stereo91-20239519-4-1000x546.jpg","1536x1536":"https:\/\/pornuestrolaredo.com\/wp-content\/uploads\/2023\/05\/Stereo91-20239519-4.jpg","2048x2048":"https:\/\/pornuestrolaredo.com\/wp-content\/uploads\/2023\/05\/Stereo91-20239519-4.jpg","morenews-large":"https:\/\/pornuestrolaredo.com\/wp-content\/uploads\/2023\/05\/Stereo91-20239519-4.jpg","morenews-medium":"https:\/\/pornuestrolaredo.com\/wp-content\/uploads\/2023\/05\/Stereo91-20239519-4.jpg"},"magazineBlocksPostAuthor":{"name":"Redactor","avatar":"https:\/\/pornuestrolaredo.com\/wp-content\/litespeed\/avatar\/dca1d7ec750c399f025f23b0b314f4cf.jpg?ver=1777007253"},"magazineBlocksPostCommentsNumber":false,"magazineBlocksPostExcerpt":"Las solicitudes las recibe el Programa de \u201cLazos de Esperanza\u201d del Centro de Rehabilitaci\u00f3n Integral","magazineBlocksPostCategories":["Los dos Laredos"],"magazineBlocksPostViewCount":118,"magazineBlocksPostReadTime":2,"magazine_blocks_featured_image_url":{"full":["https:\/\/pornuestrolaredo.com\/wp-content\/uploads\/2023\/05\/Stereo91-20239519-4.jpg",1280,699,false],"medium":["https:\/\/pornuestrolaredo.com\/wp-content\/uploads\/2023\/05\/Stereo91-20239519-4-300x164.jpg",300,164,true],"thumbnail":["https:\/\/pornuestrolaredo.com\/wp-content\/uploads\/2023\/05\/Stereo91-20239519-4-150x150.jpg",150,150,true]},"magazine_blocks_author":{"display_name":"Redactor","author_link":"https:\/\/pornuestrolaredo.com\/?author=1"},"magazine_blocks_comment":0,"magazine_blocks_author_image":"https:\/\/pornuestrolaredo.com\/wp-content\/litespeed\/avatar\/dca1d7ec750c399f025f23b0b314f4cf.jpg?ver=1777007253","magazine_blocks_category":"<a href=\"#\" class=\"category-link category-link-4\">Los dos Laredos<\/a>","jetpack_publicize_connections":[],"featured_image_urls":{"full":["https:\/\/pornuestrolaredo.com\/wp-content\/uploads\/2023\/05\/Stereo91-20239519-4.jpg",1280,699,false],"thumbnail":["https:\/\/pornuestrolaredo.com\/wp-content\/uploads\/2023\/05\/Stereo91-20239519-4-150x150.jpg",150,150,true],"medium":["https:\/\/pornuestrolaredo.com\/wp-content\/uploads\/2023\/05\/Stereo91-20239519-4-300x164.jpg",300,164,true],"medium_large":["https:\/\/pornuestrolaredo.com\/wp-content\/uploads\/2023\/05\/Stereo91-20239519-4-768x419.jpg",640,349,true],"large":["https:\/\/pornuestrolaredo.com\/wp-content\/uploads\/2023\/05\/Stereo91-20239519-4-1000x546.jpg",640,349,true],"1536x1536":["https:\/\/pornuestrolaredo.com\/wp-content\/uploads\/2023\/05\/Stereo91-20239519-4.jpg",1280,699,false],"2048x2048":["https:\/\/pornuestrolaredo.com\/wp-content\/uploads\/2023\/05\/Stereo91-20239519-4.jpg",1280,699,false],"morenews-large":["https:\/\/pornuestrolaredo.com\/wp-content\/uploads\/2023\/05\/Stereo91-20239519-4.jpg",825,451,false],"morenews-medium":["https:\/\/pornuestrolaredo.com\/wp-content\/uploads\/2023\/05\/Stereo91-20239519-4.jpg",590,322,false]},"author_info":{"info":["Redactor"]},"category_info":"<a href=\"https:\/\/pornuestrolaredo.com\/?cat=4\" rel=\"category\">Los dos Laredos<\/a>","tag_info":"Los dos Laredos","comment_count":"0","jetpack_featured_media_url":"https:\/\/pornuestrolaredo.com\/wp-content\/uploads\/2023\/05\/Stereo91-20239519-4.jpg","jetpack_sharing_enabled":true,"_links":{"self":[{"href":"https:\/\/pornuestrolaredo.com\/index.php?rest_route=\/wp\/v2\/posts\/2454","targetHints":{"allow":["GET"]}}],"collection":[{"href":"https:\/\/pornuestrolaredo.com\/index.php?rest_route=\/wp\/v2\/posts"}],"about":[{"href":"https:\/\/pornuestrolaredo.com\/index.php?rest_route=\/wp\/v2\/types\/post"}],"author":[{"embeddable":true,"href":"https:\/\/pornuestrolaredo.com\/index.php?rest_route=\/wp\/v2\/users\/1"}],"replies":[{"embeddable":true,"href":"https:\/\/pornuestrolaredo.com\/index.php?rest_route=%2Fwp%2Fv2%2Fcomments&post=2454"}],"version-history":[{"count":1,"href":"https:\/\/pornuestrolaredo.com\/index.php?rest_route=\/wp\/v2\/posts\/2454\/revisions"}],"predecessor-version":[{"id":2456,"href":"https:\/\/pornuestrolaredo.com\/index.php?rest_route=\/wp\/v2\/posts\/2454\/revisions\/2456"}],"wp:featuredmedia":[{"embeddable":true,"href":"https:\/\/pornuestrolaredo.com\/index.php?rest_route=\/wp\/v2\/media\/2455"}],"wp:attachment":[{"href":"https:\/\/pornuestrolaredo.com\/index.php?rest_route=%2Fwp%2Fv2%2Fmedia&parent=2454"}],"wp:term":[{"taxonomy":"category","embeddable":true,"href":"https:\/\/pornuestrolaredo.com\/index.php?rest_route=%2Fwp%2Fv2%2Fcategories&post=2454"},{"taxonomy":"post_tag","embeddable":true,"href":"https:\/\/pornuestrolaredo.com\/index.php?rest_route=%2Fwp%2Fv2%2Ftags&post=2454"}],"curies":[{"name":"wp","href":"https:\/\/api.w.org\/{rel}","templated":true}]}}