{"id":2461,"date":"2023-05-20T19:23:50","date_gmt":"2023-05-20T19:23:50","guid":{"rendered":"https:\/\/pornuestrolaredo.com\/?p=2461"},"modified":"2023-05-20T19:23:50","modified_gmt":"2023-05-20T19:23:50","slug":"se-acerca-fin-del-plazo-para-nacionalizar-vehiculos","status":"publish","type":"post","link":"https:\/\/pornuestrolaredo.com\/?p=2461","title":{"rendered":"Se acerca fin del plazo para nacionalizar veh\u00edculos"},"content":{"rendered":"<p><strong>NUEVO LAREDO.-<\/strong> El plazo para legalizar su veh\u00edculo y hacerlo nacional se acerca a su fin. S\u00f3lo son 2 mil 500 pesos el precio para proteger su patrimonio y ya 34 mil 321 ciudadanos han aprovechado esta oportunidad.<\/p>\n<p>Adri\u00e1n L\u00f3pez, director de Atenci\u00f3n Ciudadana, invit\u00f3 a la ciudadan\u00eda para que aprovechen las \u00faltimas semanas y que se sumen a las miles de familias que ya cuentan con un carro o camioneta legalmente en la ciudad.<\/p>\n<blockquote><p>Desde que se inici\u00f3 con este programa del Gobierno Federal, nuestra alcaldesa Carmen Lilia Canturosas ha otorgado todas las facilidades para que este beneficio llegue a m\u00e1s personas y por eso estamos haciendo la invitaci\u00f3n a que aprovechen esta oportunidad de legalizar a muy bajo costo su veh\u00edculo\u201d, destac\u00f3 el funcionario.<\/p><\/blockquote>\n<p>Los interesados a\u00fan tienen la opci\u00f3n de beneficiarse con este programa del gobierno federal hasta el 30 de junio, fecha l\u00edmite para realizar el tr\u00e1mite de regularizaci\u00f3n.<\/p>\n<p>De enero a la fecha 8 mil 531 veh\u00edculos fueron regularizados por lo que ahora la poblaci\u00f3n cuenta con certeza jur\u00eddica sobre su patrimonio vehicular.<\/p>\n<p>El m\u00f3dulo del gobierno municipal cuenta con 20 carriles para darle a la ciudadan\u00eda una atenci\u00f3n m\u00e1s r\u00e1pida. Adem\u00e1s por la buena relaci\u00f3n con el gobierno del estado el proceso de solicitud de placas se puede efectuar en tan solo 24 horas.<\/p>\n<p>El horario es de lunes a viernes de 8:00 de la ma\u00f1ana a 4:00 de la tarde y quien desee asesor\u00eda puede acudir de 4:00 a 7:00 de la tarde, en la sala Sergio Pe\u00f1a.<\/p>\n","protected":false},"excerpt":{"rendered":"<p>El tr\u00e1mite es muy r\u00e1pido, gracias a que hay 20 carriles en el m\u00f3dulo del Gobierno Municipal y s\u00f3lo hay que pagar 2 mil 500 pesos<\/p>\n","protected":false},"author":1,"featured_media":2462,"comment_status":"closed","ping_status":"closed","sticky":false,"template":"","format":"standard","meta":{"_crdt_document":"","_jetpack_memberships_contains_paid_content":false,"footnotes":"","jetpack_publicize_message":"","jetpack_publicize_feature_enabled":true,"jetpack_social_post_already_shared":true,"jetpack_social_options":{"image_generator_settings":{"template":"highway","default_image_id":0,"font":"","enabled":false},"version":2},"_wpas_customize_per_network":false},"categories":[4],"tags":[],"class_list":["post-2461","post","type-post","status-publish","format-standard","has-post-thumbnail","hentry","category-los-dos-laredos"],"magazineBlocksPostFeaturedMedia":{"thumbnail":"https:\/\/pornuestrolaredo.com\/wp-content\/uploads\/2023\/05\/Autos-150x150.jpg","medium":"https:\/\/pornuestrolaredo.com\/wp-content\/uploads\/2023\/05\/Autos-300x149.jpg","medium_large":"https:\/\/pornuestrolaredo.com\/wp-content\/uploads\/2023\/05\/Autos-768x381.jpg","large":"https:\/\/pornuestrolaredo.com\/wp-content\/uploads\/2023\/05\/Autos-1000x496.jpg","1536x1536":"https:\/\/pornuestrolaredo.com\/wp-content\/uploads\/2023\/05\/Autos.jpg","2048x2048":"https:\/\/pornuestrolaredo.com\/wp-content\/uploads\/2023\/05\/Autos.jpg","morenews-large":"https:\/\/pornuestrolaredo.com\/wp-content\/uploads\/2023\/05\/Autos.jpg","morenews-medium":"https:\/\/pornuestrolaredo.com\/wp-content\/uploads\/2023\/05\/Autos.jpg"},"magazineBlocksPostAuthor":{"name":"Redactor","avatar":"https:\/\/pornuestrolaredo.com\/wp-content\/litespeed\/avatar\/dca1d7ec750c399f025f23b0b314f4cf.jpg?ver=1777007253"},"magazineBlocksPostCommentsNumber":false,"magazineBlocksPostExcerpt":"El tr\u00e1mite es muy r\u00e1pido, gracias a que hay 20 carriles en el m\u00f3dulo del Gobierno Municipal y s\u00f3lo hay que pagar 2 mil 500 pesos","magazineBlocksPostCategories":["Los dos Laredos"],"magazineBlocksPostViewCount":132,"magazineBlocksPostReadTime":2,"magazine_blocks_featured_image_url":{"full":["https:\/\/pornuestrolaredo.com\/wp-content\/uploads\/2023\/05\/Autos.jpg",1280,635,false],"medium":["https:\/\/pornuestrolaredo.com\/wp-content\/uploads\/2023\/05\/Autos-300x149.jpg",300,149,true],"thumbnail":["https:\/\/pornuestrolaredo.com\/wp-content\/uploads\/2023\/05\/Autos-150x150.jpg",150,150,true]},"magazine_blocks_author":{"display_name":"Redactor","author_link":"https:\/\/pornuestrolaredo.com\/?author=1"},"magazine_blocks_comment":0,"magazine_blocks_author_image":"https:\/\/pornuestrolaredo.com\/wp-content\/litespeed\/avatar\/dca1d7ec750c399f025f23b0b314f4cf.jpg?ver=1777007253","magazine_blocks_category":"<a href=\"#\" class=\"category-link category-link-4\">Los dos Laredos<\/a>","jetpack_publicize_connections":[],"featured_image_urls":{"full":["https:\/\/pornuestrolaredo.com\/wp-content\/uploads\/2023\/05\/Autos.jpg",1280,635,false],"thumbnail":["https:\/\/pornuestrolaredo.com\/wp-content\/uploads\/2023\/05\/Autos-150x150.jpg",150,150,true],"medium":["https:\/\/pornuestrolaredo.com\/wp-content\/uploads\/2023\/05\/Autos-300x149.jpg",300,149,true],"medium_large":["https:\/\/pornuestrolaredo.com\/wp-content\/uploads\/2023\/05\/Autos-768x381.jpg",640,318,true],"large":["https:\/\/pornuestrolaredo.com\/wp-content\/uploads\/2023\/05\/Autos-1000x496.jpg",640,317,true],"1536x1536":["https:\/\/pornuestrolaredo.com\/wp-content\/uploads\/2023\/05\/Autos.jpg",1280,635,false],"2048x2048":["https:\/\/pornuestrolaredo.com\/wp-content\/uploads\/2023\/05\/Autos.jpg",1280,635,false],"morenews-large":["https:\/\/pornuestrolaredo.com\/wp-content\/uploads\/2023\/05\/Autos.jpg",825,409,false],"morenews-medium":["https:\/\/pornuestrolaredo.com\/wp-content\/uploads\/2023\/05\/Autos.jpg",590,293,false]},"author_info":{"info":["Redactor"]},"category_info":"<a href=\"https:\/\/pornuestrolaredo.com\/?cat=4\" rel=\"category\">Los dos Laredos<\/a>","tag_info":"Los dos Laredos","comment_count":"0","jetpack_featured_media_url":"https:\/\/pornuestrolaredo.com\/wp-content\/uploads\/2023\/05\/Autos.jpg","jetpack_sharing_enabled":true,"_links":{"self":[{"href":"https:\/\/pornuestrolaredo.com\/index.php?rest_route=\/wp\/v2\/posts\/2461","targetHints":{"allow":["GET"]}}],"collection":[{"href":"https:\/\/pornuestrolaredo.com\/index.php?rest_route=\/wp\/v2\/posts"}],"about":[{"href":"https:\/\/pornuestrolaredo.com\/index.php?rest_route=\/wp\/v2\/types\/post"}],"author":[{"embeddable":true,"href":"https:\/\/pornuestrolaredo.com\/index.php?rest_route=\/wp\/v2\/users\/1"}],"replies":[{"embeddable":true,"href":"https:\/\/pornuestrolaredo.com\/index.php?rest_route=%2Fwp%2Fv2%2Fcomments&post=2461"}],"version-history":[{"count":1,"href":"https:\/\/pornuestrolaredo.com\/index.php?rest_route=\/wp\/v2\/posts\/2461\/revisions"}],"predecessor-version":[{"id":2463,"href":"https:\/\/pornuestrolaredo.com\/index.php?rest_route=\/wp\/v2\/posts\/2461\/revisions\/2463"}],"wp:featuredmedia":[{"embeddable":true,"href":"https:\/\/pornuestrolaredo.com\/index.php?rest_route=\/wp\/v2\/media\/2462"}],"wp:attachment":[{"href":"https:\/\/pornuestrolaredo.com\/index.php?rest_route=%2Fwp%2Fv2%2Fmedia&parent=2461"}],"wp:term":[{"taxonomy":"category","embeddable":true,"href":"https:\/\/pornuestrolaredo.com\/index.php?rest_route=%2Fwp%2Fv2%2Fcategories&post=2461"},{"taxonomy":"post_tag","embeddable":true,"href":"https:\/\/pornuestrolaredo.com\/index.php?rest_route=%2Fwp%2Fv2%2Ftags&post=2461"}],"curies":[{"name":"wp","href":"https:\/\/api.w.org\/{rel}","templated":true}]}}