{"id":2468,"date":"2023-05-31T04:24:39","date_gmt":"2023-05-31T04:24:39","guid":{"rendered":"https:\/\/pornuestrolaredo.com\/?p=2468"},"modified":"2023-05-31T04:25:11","modified_gmt":"2023-05-31T04:25:11","slug":"lanza-perro-a-aceite-hirviendo-ya-esta-detenido","status":"publish","type":"post","link":"https:\/\/pornuestrolaredo.com\/?p=2468","title":{"rendered":"Lanza perro a aceite hirviendo; ya est\u00e1 detenido"},"content":{"rendered":"<p><strong>TOLUCA.- <\/strong>Sergio &#8220;N&#8221;, identificado como probable responsable de matar a un perro tras lanzarlo a un cazo con aceite hirviendo, en el Municipio de Tec\u00e1mac, fue detenido en Coyoac\u00e1n.<\/p>\n<p>Elementos de la Fiscal\u00eda General de Justicia del Estado de M\u00e9xico (FGJEM) y de la Secretar\u00eda de Seguridad y Protecci\u00f3n Ciudadana federal (SSPC) cumplimentaron la orden de aprehensi\u00f3n contra este sujeto en un domicilio de dicha Alcald\u00eda.<\/p>\n<p>Sergio &#8220;N&#8221; est\u00e1 acusado del delito de maltrato animal, por los hechos registrados el domingo pasado en una carnicer\u00eda ubicada en el poblado de San Pablo Tecalco.<\/p>\n<p>De acuerdo con la indagatoria, este individuo agredi\u00f3 verbalmente al propietario del establecimiento y lo amag\u00f3 con un objeto punzocortante.<\/p>\n<p>Al salir, sujet\u00f3 a un perro que se encontraba en el lugar y lo arroj\u00f3 dentro del cazo, lo que fue grabado por una c\u00e1mara de videovigilancia.<\/p>\n<p>El detenido es trasladado a la Agencia 50 de la Fiscal\u00eda General de Justicia de la CDMX para su certificaci\u00f3n y posterior puesta a disposici\u00f3n de la Autoridad Judicial correspondiente, quien determinar\u00e1 su situaci\u00f3n jur\u00eddica&#8221;, inform\u00f3 la Fiscal\u00eda estatal.<\/p>\n<p>El C\u00f3digo Penal de la entidad mexiquense establece condenas de tres a seis a\u00f1os de prisi\u00f3n y de 200 a 400 d\u00edas multa, a quien cause la muerte por cualquier medio y prolongue la agon\u00eda de un animal que no constituya plaga.<\/p>\n<p>La Fiscal\u00eda tambi\u00e9n dio vista a la Procuradur\u00eda de Protecci\u00f3n al Ambiente del Estado de M\u00e9xico, a fin de que inicie el procedimiento administrativo correspondiente.<\/p>\n<p>Por la ma\u00f1ana, la FGJEM obtuvo una orden de aprehensi\u00f3n contra Sergio &#8220;N&#8221;.<\/p>\n<p>Se obtuvo la orden de aprehensi\u00f3n correspondiente que ser\u00e1 cumplimentada pr\u00f3ximamente, ello sin perjuicio de su probable responsabilidad en la comisi\u00f3n de otros delitos que se actualicen en el marco de estos hechos&#8221;, inform\u00f3 la FGJEM.<\/p>\n<p>Sergio &#8220;N&#8221; sali\u00f3 en punto de las 15:50 horas, rumbo al Centro de Justicia de Ecatepec &#8220;Palmas&#8221; de la Fiscal\u00eda General de Justicia del Estado de M\u00e9xico, en donde un Juez de Control lo requiere.<\/p>\n<p>En m\u00e1s de cuatro horas m\u00e9dicos legistas corroboraron su estado de salud adem\u00e1s de certificados biom\u00e9tricos. Fue escoltado por elementos del Est<\/p>\n","protected":false},"excerpt":{"rendered":"<p>Sergio &#8220;N&#8221; est\u00e1 acusado del delito de maltrato animal, por los hechos registrados el domingo pasado en una carnicer\u00eda ubicada en el poblado de San Pablo Tecalco<\/p>\n","protected":false},"author":1,"featured_media":2470,"comment_status":"closed","ping_status":"closed","sticky":false,"template":"","format":"standard","meta":{"_crdt_document":"","_jetpack_memberships_contains_paid_content":false,"footnotes":"","jetpack_publicize_message":"","jetpack_publicize_feature_enabled":true,"jetpack_social_post_already_shared":true,"jetpack_social_options":{"image_generator_settings":{"template":"highway","default_image_id":0,"font":"","enabled":false},"version":2},"_wpas_customize_per_network":false},"categories":[33],"tags":[],"class_list":["post-2468","post","type-post","status-publish","format-standard","has-post-thumbnail","hentry","category-mexico"],"magazineBlocksPostFeaturedMedia":{"thumbnail":"https:\/\/pornuestrolaredo.com\/wp-content\/uploads\/2023\/05\/Stereo91-20230530-4-150x150.jpg","medium":"https:\/\/pornuestrolaredo.com\/wp-content\/uploads\/2023\/05\/Stereo91-20230530-4-300x200.jpg","medium_large":"https:\/\/pornuestrolaredo.com\/wp-content\/uploads\/2023\/05\/Stereo91-20230530-4-768x512.jpg","large":"https:\/\/pornuestrolaredo.com\/wp-content\/uploads\/2023\/05\/Stereo91-20230530-4.jpg","1536x1536":"https:\/\/pornuestrolaredo.com\/wp-content\/uploads\/2023\/05\/Stereo91-20230530-4.jpg","2048x2048":"https:\/\/pornuestrolaredo.com\/wp-content\/uploads\/2023\/05\/Stereo91-20230530-4.jpg","morenews-large":"https:\/\/pornuestrolaredo.com\/wp-content\/uploads\/2023\/05\/Stereo91-20230530-4.jpg","morenews-medium":"https:\/\/pornuestrolaredo.com\/wp-content\/uploads\/2023\/05\/Stereo91-20230530-4.jpg"},"magazineBlocksPostAuthor":{"name":"Redactor","avatar":"https:\/\/pornuestrolaredo.com\/wp-content\/litespeed\/avatar\/dca1d7ec750c399f025f23b0b314f4cf.jpg?ver=1777007253"},"magazineBlocksPostCommentsNumber":false,"magazineBlocksPostExcerpt":"Sergio \"N\" est\u00e1 acusado del delito de maltrato animal, por los hechos registrados el domingo pasado en una carnicer\u00eda ubicada en el poblado de San Pablo Tecalco","magazineBlocksPostCategories":["Mexico"],"magazineBlocksPostViewCount":151,"magazineBlocksPostReadTime":2,"magazine_blocks_featured_image_url":{"full":["https:\/\/pornuestrolaredo.com\/wp-content\/uploads\/2023\/05\/Stereo91-20230530-4.jpg",960,640,false],"medium":["https:\/\/pornuestrolaredo.com\/wp-content\/uploads\/2023\/05\/Stereo91-20230530-4-300x200.jpg",300,200,true],"thumbnail":["https:\/\/pornuestrolaredo.com\/wp-content\/uploads\/2023\/05\/Stereo91-20230530-4-150x150.jpg",150,150,true]},"magazine_blocks_author":{"display_name":"Redactor","author_link":"https:\/\/pornuestrolaredo.com\/?author=1"},"magazine_blocks_comment":0,"magazine_blocks_author_image":"https:\/\/pornuestrolaredo.com\/wp-content\/litespeed\/avatar\/dca1d7ec750c399f025f23b0b314f4cf.jpg?ver=1777007253","magazine_blocks_category":"<a href=\"#\" class=\"category-link category-link-33\">Mexico<\/a>","jetpack_publicize_connections":[],"featured_image_urls":{"full":["https:\/\/pornuestrolaredo.com\/wp-content\/uploads\/2023\/05\/Stereo91-20230530-4.jpg",960,640,false],"thumbnail":["https:\/\/pornuestrolaredo.com\/wp-content\/uploads\/2023\/05\/Stereo91-20230530-4-150x150.jpg",150,150,true],"medium":["https:\/\/pornuestrolaredo.com\/wp-content\/uploads\/2023\/05\/Stereo91-20230530-4-300x200.jpg",300,200,true],"medium_large":["https:\/\/pornuestrolaredo.com\/wp-content\/uploads\/2023\/05\/Stereo91-20230530-4-768x512.jpg",640,427,true],"large":["https:\/\/pornuestrolaredo.com\/wp-content\/uploads\/2023\/05\/Stereo91-20230530-4.jpg",640,427,false],"1536x1536":["https:\/\/pornuestrolaredo.com\/wp-content\/uploads\/2023\/05\/Stereo91-20230530-4.jpg",960,640,false],"2048x2048":["https:\/\/pornuestrolaredo.com\/wp-content\/uploads\/2023\/05\/Stereo91-20230530-4.jpg",960,640,false],"morenews-large":["https:\/\/pornuestrolaredo.com\/wp-content\/uploads\/2023\/05\/Stereo91-20230530-4.jpg",825,550,false],"morenews-medium":["https:\/\/pornuestrolaredo.com\/wp-content\/uploads\/2023\/05\/Stereo91-20230530-4.jpg",590,393,false]},"author_info":{"info":["Redactor"]},"category_info":"<a href=\"https:\/\/pornuestrolaredo.com\/?cat=33\" rel=\"category\">Mexico<\/a>","tag_info":"Mexico","comment_count":"0","jetpack_featured_media_url":"https:\/\/pornuestrolaredo.com\/wp-content\/uploads\/2023\/05\/Stereo91-20230530-4.jpg","jetpack_sharing_enabled":true,"_links":{"self":[{"href":"https:\/\/pornuestrolaredo.com\/index.php?rest_route=\/wp\/v2\/posts\/2468","targetHints":{"allow":["GET"]}}],"collection":[{"href":"https:\/\/pornuestrolaredo.com\/index.php?rest_route=\/wp\/v2\/posts"}],"about":[{"href":"https:\/\/pornuestrolaredo.com\/index.php?rest_route=\/wp\/v2\/types\/post"}],"author":[{"embeddable":true,"href":"https:\/\/pornuestrolaredo.com\/index.php?rest_route=\/wp\/v2\/users\/1"}],"replies":[{"embeddable":true,"href":"https:\/\/pornuestrolaredo.com\/index.php?rest_route=%2Fwp%2Fv2%2Fcomments&post=2468"}],"version-history":[{"count":1,"href":"https:\/\/pornuestrolaredo.com\/index.php?rest_route=\/wp\/v2\/posts\/2468\/revisions"}],"predecessor-version":[{"id":2469,"href":"https:\/\/pornuestrolaredo.com\/index.php?rest_route=\/wp\/v2\/posts\/2468\/revisions\/2469"}],"wp:featuredmedia":[{"embeddable":true,"href":"https:\/\/pornuestrolaredo.com\/index.php?rest_route=\/wp\/v2\/media\/2470"}],"wp:attachment":[{"href":"https:\/\/pornuestrolaredo.com\/index.php?rest_route=%2Fwp%2Fv2%2Fmedia&parent=2468"}],"wp:term":[{"taxonomy":"category","embeddable":true,"href":"https:\/\/pornuestrolaredo.com\/index.php?rest_route=%2Fwp%2Fv2%2Fcategories&post=2468"},{"taxonomy":"post_tag","embeddable":true,"href":"https:\/\/pornuestrolaredo.com\/index.php?rest_route=%2Fwp%2Fv2%2Ftags&post=2468"}],"curies":[{"name":"wp","href":"https:\/\/api.w.org\/{rel}","templated":true}]}}