{"id":2475,"date":"2023-06-03T03:09:54","date_gmt":"2023-06-03T03:09:54","guid":{"rendered":"https:\/\/pornuestrolaredo.com\/?p=2475"},"modified":"2023-06-03T03:09:54","modified_gmt":"2023-06-03T03:09:54","slug":"aparece-arlene-primera-tormenta-tropical-del-atlantico","status":"publish","type":"post","link":"https:\/\/pornuestrolaredo.com\/?p=2475","title":{"rendered":"Aparece Arlene, primera tormenta tropical del Atl\u00e1ntico"},"content":{"rendered":"<p><strong><em>MIAMI.-<\/em><\/strong> La tormenta tropical Arlene, la primera con nombre de la temporada de huracanes en el oc\u00e9ano Atl\u00e1ntico, se form\u00f3 el viernes en el Golfo de M\u00e9xico en una trayectoria que la llevaba hacia el sur, en direcci\u00f3n al extremo occidental de Cuba.<\/p>\n<p>Los meteor\u00f3logos del Centro Nacional de Huracanes dijeron en un aviso emitido a la 1:30 de la tarde que Arlene ten\u00eda vientos sostenidos de 65 kil\u00f3metros por hora (40 millas por hora) y se ubicaba a unos 425 kil\u00f3metros (265 millas) al oeste de Fort Myers, Florida. Se mueve hacia el sur a unos 7 km\/h (5 mph).<\/p>\n<p>No se han emitido avisos ni alertas de tormenta para Cuba o Florida. Los meteor\u00f3logos dijeron que la tormenta podr\u00eda deshacerse antes de tocar tierra firme.<\/p>\n<p>Las tormentas tropicales tienen vientos de al menos 63 km\/h (39 mph); cualquier tormenta con vientos de 119 km\/h (74 mph) o m\u00e1s se designa un hurac\u00e1n. <\/p>\n<p>La temporada de huracanes en el Atl\u00e1ntico comenz\u00f3 oficialmente el jueves y se prolongar\u00e1 hasta el 30 de noviembre. <\/p>\n<p>El a\u00f1o pasado hubo 14 tormentas con nombre, con grandes da\u00f1os causados por los huracanes Ian, Nicole y Fiona.<\/p>\n","protected":false},"excerpt":{"rendered":"<p>El 1 de junio marca el arranque de la temporada de huracanes y este a\u00f1o Arlene lleg\u00f3 apenas un d\u00eda despu\u00e9s<\/p>\n","protected":false},"author":1,"featured_media":2476,"comment_status":"closed","ping_status":"closed","sticky":false,"template":"","format":"standard","meta":{"_crdt_document":"","_jetpack_memberships_contains_paid_content":false,"footnotes":"","jetpack_publicize_message":"","jetpack_publicize_feature_enabled":true,"jetpack_social_post_already_shared":true,"jetpack_social_options":{"image_generator_settings":{"template":"highway","default_image_id":0,"font":"","enabled":false},"version":2},"_wpas_customize_per_network":false},"categories":[9],"tags":[],"class_list":["post-2475","post","type-post","status-publish","format-standard","has-post-thumbnail","hentry","category-el-mundo"],"magazineBlocksPostFeaturedMedia":{"thumbnail":"https:\/\/pornuestrolaredo.com\/wp-content\/uploads\/2023\/06\/Stereo91-20230602-3-150x150.jpg","medium":"https:\/\/pornuestrolaredo.com\/wp-content\/uploads\/2023\/06\/Stereo91-20230602-3-300x163.jpg","medium_large":"https:\/\/pornuestrolaredo.com\/wp-content\/uploads\/2023\/06\/Stereo91-20230602-3-768x416.jpg","large":"https:\/\/pornuestrolaredo.com\/wp-content\/uploads\/2023\/06\/Stereo91-20230602-3.jpg","1536x1536":"https:\/\/pornuestrolaredo.com\/wp-content\/uploads\/2023\/06\/Stereo91-20230602-3.jpg","2048x2048":"https:\/\/pornuestrolaredo.com\/wp-content\/uploads\/2023\/06\/Stereo91-20230602-3.jpg","morenews-large":"https:\/\/pornuestrolaredo.com\/wp-content\/uploads\/2023\/06\/Stereo91-20230602-3.jpg","morenews-medium":"https:\/\/pornuestrolaredo.com\/wp-content\/uploads\/2023\/06\/Stereo91-20230602-3.jpg"},"magazineBlocksPostAuthor":{"name":"Redactor","avatar":"https:\/\/pornuestrolaredo.com\/wp-content\/litespeed\/avatar\/dca1d7ec750c399f025f23b0b314f4cf.jpg?ver=1777007253"},"magazineBlocksPostCommentsNumber":false,"magazineBlocksPostExcerpt":"El 1 de junio marca el arranque de la temporada de huracanes y este a\u00f1o Arlene lleg\u00f3 apenas un d\u00eda despu\u00e9s","magazineBlocksPostCategories":["El Mundo"],"magazineBlocksPostViewCount":128,"magazineBlocksPostReadTime":1,"magazine_blocks_featured_image_url":{"full":["https:\/\/pornuestrolaredo.com\/wp-content\/uploads\/2023\/06\/Stereo91-20230602-3.jpg",1000,542,false],"medium":["https:\/\/pornuestrolaredo.com\/wp-content\/uploads\/2023\/06\/Stereo91-20230602-3-300x163.jpg",300,163,true],"thumbnail":["https:\/\/pornuestrolaredo.com\/wp-content\/uploads\/2023\/06\/Stereo91-20230602-3-150x150.jpg",150,150,true]},"magazine_blocks_author":{"display_name":"Redactor","author_link":"https:\/\/pornuestrolaredo.com\/?author=1"},"magazine_blocks_comment":0,"magazine_blocks_author_image":"https:\/\/pornuestrolaredo.com\/wp-content\/litespeed\/avatar\/dca1d7ec750c399f025f23b0b314f4cf.jpg?ver=1777007253","magazine_blocks_category":"<a href=\"#\" class=\"category-link category-link-9\">El Mundo<\/a>","jetpack_publicize_connections":[],"featured_image_urls":{"full":["https:\/\/pornuestrolaredo.com\/wp-content\/uploads\/2023\/06\/Stereo91-20230602-3.jpg",1000,542,false],"thumbnail":["https:\/\/pornuestrolaredo.com\/wp-content\/uploads\/2023\/06\/Stereo91-20230602-3-150x150.jpg",150,150,true],"medium":["https:\/\/pornuestrolaredo.com\/wp-content\/uploads\/2023\/06\/Stereo91-20230602-3-300x163.jpg",300,163,true],"medium_large":["https:\/\/pornuestrolaredo.com\/wp-content\/uploads\/2023\/06\/Stereo91-20230602-3-768x416.jpg",640,347,true],"large":["https:\/\/pornuestrolaredo.com\/wp-content\/uploads\/2023\/06\/Stereo91-20230602-3.jpg",640,347,false],"1536x1536":["https:\/\/pornuestrolaredo.com\/wp-content\/uploads\/2023\/06\/Stereo91-20230602-3.jpg",1000,542,false],"2048x2048":["https:\/\/pornuestrolaredo.com\/wp-content\/uploads\/2023\/06\/Stereo91-20230602-3.jpg",1000,542,false],"morenews-large":["https:\/\/pornuestrolaredo.com\/wp-content\/uploads\/2023\/06\/Stereo91-20230602-3.jpg",825,447,false],"morenews-medium":["https:\/\/pornuestrolaredo.com\/wp-content\/uploads\/2023\/06\/Stereo91-20230602-3.jpg",590,320,false]},"author_info":{"info":["Redactor"]},"category_info":"<a href=\"https:\/\/pornuestrolaredo.com\/?cat=9\" rel=\"category\">El Mundo<\/a>","tag_info":"El Mundo","comment_count":"0","jetpack_featured_media_url":"https:\/\/pornuestrolaredo.com\/wp-content\/uploads\/2023\/06\/Stereo91-20230602-3.jpg","jetpack_sharing_enabled":true,"_links":{"self":[{"href":"https:\/\/pornuestrolaredo.com\/index.php?rest_route=\/wp\/v2\/posts\/2475","targetHints":{"allow":["GET"]}}],"collection":[{"href":"https:\/\/pornuestrolaredo.com\/index.php?rest_route=\/wp\/v2\/posts"}],"about":[{"href":"https:\/\/pornuestrolaredo.com\/index.php?rest_route=\/wp\/v2\/types\/post"}],"author":[{"embeddable":true,"href":"https:\/\/pornuestrolaredo.com\/index.php?rest_route=\/wp\/v2\/users\/1"}],"replies":[{"embeddable":true,"href":"https:\/\/pornuestrolaredo.com\/index.php?rest_route=%2Fwp%2Fv2%2Fcomments&post=2475"}],"version-history":[{"count":1,"href":"https:\/\/pornuestrolaredo.com\/index.php?rest_route=\/wp\/v2\/posts\/2475\/revisions"}],"predecessor-version":[{"id":2477,"href":"https:\/\/pornuestrolaredo.com\/index.php?rest_route=\/wp\/v2\/posts\/2475\/revisions\/2477"}],"wp:featuredmedia":[{"embeddable":true,"href":"https:\/\/pornuestrolaredo.com\/index.php?rest_route=\/wp\/v2\/media\/2476"}],"wp:attachment":[{"href":"https:\/\/pornuestrolaredo.com\/index.php?rest_route=%2Fwp%2Fv2%2Fmedia&parent=2475"}],"wp:term":[{"taxonomy":"category","embeddable":true,"href":"https:\/\/pornuestrolaredo.com\/index.php?rest_route=%2Fwp%2Fv2%2Fcategories&post=2475"},{"taxonomy":"post_tag","embeddable":true,"href":"https:\/\/pornuestrolaredo.com\/index.php?rest_route=%2Fwp%2Fv2%2Ftags&post=2475"}],"curies":[{"name":"wp","href":"https:\/\/api.w.org\/{rel}","templated":true}]}}