{"id":248,"date":"2022-09-10T00:14:06","date_gmt":"2022-09-10T00:14:06","guid":{"rendered":"https:\/\/pornuestrolaredo.com\/?p=248"},"modified":"2022-09-10T23:02:05","modified_gmt":"2022-09-10T23:02:05","slug":"se-dispara-en-nld-la-generacion-de-empleo","status":"publish","type":"post","link":"https:\/\/pornuestrolaredo.com\/?p=248","title":{"rendered":"Se dispara en NLD la generaci\u00f3n de empleo"},"content":{"rendered":"\n<p class=\"wp-block-paragraph\"><strong><em>NUEVO LAREDO.- <\/em><\/strong>En lo que va del a\u00f1o, Nuevo Laredo registra una cifra r\u00e9cord en generaci\u00f3n de empleo, de acuerdo a los indicadores del&nbsp; Instituto Mexicano del Seguro Social (IMSS), quienes reportan 4 mil 21 empleos nuevos puestos de trabajo.<\/p>\n\n\n\n<p class=\"wp-block-paragraph\">Carmen Lilia Canturosas Villarreal, alcaldesa, se\u00f1al\u00f3 que\nconfianza de los inversionistas por generar m\u00e1s trabajo en la ciudad y la\niniciativa de la administraci\u00f3n municipal por&nbsp;\nacercar las oportunidades laborales por medio de programas como \u201cEmpleo\nen tu Colonia\u201d ha rendido frutos y se ve reflejado en los m\u00e1s de 500 empleos\ngenerados cada mes.<\/p>\n\n\n\n<blockquote class=\"wp-block-quote is-layout-flow wp-block-quote-is-layout-flow\"><p>&nbsp;Estamos trabajando muy fuerte en el tema de desarrollo econ\u00f3mico, es un compromiso del gobierno municipal seguir apostando por el empleo, para que los ciudadanos tengan una mejor calidad de vida\u201d, dijo&nbsp; la presidenta.<\/p><\/blockquote>\n\n\n\n<p class=\"wp-block-paragraph\">En 11 meses de administraci\u00f3n municipal, cuatro nuevas\nplantas industriales han iniciado operaciones, lo que ha dejado una derrama\necon\u00f3mica que supera los 87 millones de pesos y&nbsp;\nm\u00e1s de 3 mil empleos directos.<\/p>\n\n\n\n<figure class=\"wp-block-gallery has-nested-images columns-default is-cropped wp-block-gallery-1 is-layout-flex wp-block-gallery-is-layout-flex\">\n<figure class=\"wp-block-image\"><img decoding=\"async\" data-id=\"10608\" src=\"http:\/\/www.xhgts.com\/wp-content\/uploads\/2022\/09\/Empleos-2-1024x682.jpeg\" alt=\"\" class=\"wp-image-10608\"\/><\/figure>\n\n\n\n<figure class=\"wp-block-image\"><img decoding=\"async\" data-id=\"10609\" src=\"http:\/\/www.xhgts.com\/wp-content\/uploads\/2022\/09\/Empleos-3.jpeg\" alt=\"\" class=\"wp-image-10609\"\/><\/figure>\n<\/figure>\n\n\n\n<p class=\"wp-block-paragraph\">El IMSS cerr\u00f3 el 2021 con&nbsp;\n101 mil 70 cotizantes; y hasta agosto de 2022 en la cifra se&nbsp; ha incrementado a&nbsp; 105 mil 91 cotizantes.<\/p>\n\n\n\n<blockquote class=\"wp-block-quote is-layout-flow wp-block-quote-is-layout-flow\"><p>&nbsp;Una de las prioridades del gobierno municipal era este, que la gente tuviera empleo permanente y eso es lo que estamos haciendo, traemos muy buenos datos, han sido una gran acierto realizar estos programas en donde impulsamos el empleo en la ciudad\u201d, enfatiz\u00f3 Rolando Guevara Gonz\u00e1lez, Secretario de Desarrollo Econ\u00f3mico.<\/p><\/blockquote>\n\n\n\n<p class=\"wp-block-paragraph\">Adem\u00e1s de \u201cEmpleo en tu Colonia\u201d tambi\u00e9n&nbsp; se han realizado los programas \u201cBolsa de\nEmpleo Municipal\u201d, \u201cFerias de Empleo\u201d, \u201cFerias de empleo para la Industria\nMaquiladora\u201d y \u201cFeria del Empleo Joven 2022\u201d en las que se han ofertado cientos\nde vacantes para que la ciudadan\u00eda tenga oportunidades de encontrar una opci\u00f3n\nlaboral.<\/p>\n\n\n\n<p class=\"wp-block-paragraph\">Con el programa \u201cEmpleo en tu colonia\u201d tan solo&nbsp; en esta semana se han vinculado a 283\npersonas.\n\nEl pr\u00f3ximo lunes el programa \u201cEmpleo en tu\ncolonia\u201d, se realizar\u00e1 en la Plaza Hidalgo de 9:00 de la ma\u00f1ana a 1:00 de la\ntarde.\n\n\n\n<\/p>\n","protected":false},"excerpt":{"rendered":"<p>NUEVO LAREDO.- En lo que va del a\u00f1o, Nuevo Laredo registra una cifra r\u00e9cord en generaci\u00f3n de empleo,<\/p>\n","protected":false},"author":1,"featured_media":249,"comment_status":"closed","ping_status":"closed","sticky":false,"template":"","format":"standard","meta":{"_crdt_document":"","_jetpack_memberships_contains_paid_content":false,"footnotes":"","jetpack_publicize_message":"Programas como Empleo en tu Colonia han dado impulso a la contrataci\u00f3n de personal en maquiladoras, comercios y prestadores de servicios","jetpack_publicize_feature_enabled":true,"jetpack_social_post_already_shared":true,"jetpack_social_options":{"image_generator_settings":{"template":"highway","default_image_id":0,"font":"","enabled":false},"version":2},"_wpas_customize_per_network":false},"categories":[5],"tags":[],"class_list":["post-248","post","type-post","status-publish","format-standard","has-post-thumbnail","hentry","category-dos-laredos"],"magazineBlocksPostFeaturedMedia":{"thumbnail":"https:\/\/pornuestrolaredo.com\/wp-content\/uploads\/2022\/09\/Empleos-1-150x150.jpeg","medium":"https:\/\/pornuestrolaredo.com\/wp-content\/uploads\/2022\/09\/Empleos-1-300x200.jpeg","medium_large":"https:\/\/pornuestrolaredo.com\/wp-content\/uploads\/2022\/09\/Empleos-1-768x512.jpeg","large":"https:\/\/pornuestrolaredo.com\/wp-content\/uploads\/2022\/09\/Empleos-1-1024x682.jpeg","1536x1536":"https:\/\/pornuestrolaredo.com\/wp-content\/uploads\/2022\/09\/Empleos-1.jpeg","2048x2048":"https:\/\/pornuestrolaredo.com\/wp-content\/uploads\/2022\/09\/Empleos-1.jpeg","morenews-large":"https:\/\/pornuestrolaredo.com\/wp-content\/uploads\/2022\/09\/Empleos-1.jpeg","morenews-medium":"https:\/\/pornuestrolaredo.com\/wp-content\/uploads\/2022\/09\/Empleos-1.jpeg"},"magazineBlocksPostAuthor":{"name":"Redactor","avatar":"https:\/\/pornuestrolaredo.com\/wp-content\/litespeed\/avatar\/dca1d7ec750c399f025f23b0b314f4cf.jpg?ver=1777612120"},"magazineBlocksPostCommentsNumber":false,"magazineBlocksPostExcerpt":"NUEVO LAREDO.- En lo que va del a\u00f1o, Nuevo Laredo registra una cifra r\u00e9cord en generaci\u00f3n de empleo,","magazineBlocksPostCategories":["Dos Laredos"],"magazineBlocksPostViewCount":149,"magazineBlocksPostReadTime":2,"magazine_blocks_featured_image_url":{"full":["https:\/\/pornuestrolaredo.com\/wp-content\/uploads\/2022\/09\/Empleos-1.jpeg",1280,853,false],"medium":["https:\/\/pornuestrolaredo.com\/wp-content\/uploads\/2022\/09\/Empleos-1-300x200.jpeg",300,200,true],"thumbnail":["https:\/\/pornuestrolaredo.com\/wp-content\/uploads\/2022\/09\/Empleos-1-150x150.jpeg",150,150,true]},"magazine_blocks_author":{"display_name":"Redactor","author_link":"https:\/\/pornuestrolaredo.com\/?author=1"},"magazine_blocks_comment":0,"magazine_blocks_author_image":"https:\/\/pornuestrolaredo.com\/wp-content\/litespeed\/avatar\/dca1d7ec750c399f025f23b0b314f4cf.jpg?ver=1777612120","magazine_blocks_category":"<a href=\"#\" class=\"category-link category-link-5\">Dos Laredos<\/a>","jetpack_publicize_connections":[],"featured_image_urls":{"full":["https:\/\/pornuestrolaredo.com\/wp-content\/uploads\/2022\/09\/Empleos-1.jpeg",1280,853,false],"thumbnail":["https:\/\/pornuestrolaredo.com\/wp-content\/uploads\/2022\/09\/Empleos-1-150x150.jpeg",150,150,true],"medium":["https:\/\/pornuestrolaredo.com\/wp-content\/uploads\/2022\/09\/Empleos-1-300x200.jpeg",300,200,true],"medium_large":["https:\/\/pornuestrolaredo.com\/wp-content\/uploads\/2022\/09\/Empleos-1-768x512.jpeg",640,427,true],"large":["https:\/\/pornuestrolaredo.com\/wp-content\/uploads\/2022\/09\/Empleos-1-1024x682.jpeg",640,426,true],"1536x1536":["https:\/\/pornuestrolaredo.com\/wp-content\/uploads\/2022\/09\/Empleos-1.jpeg",1280,853,false],"2048x2048":["https:\/\/pornuestrolaredo.com\/wp-content\/uploads\/2022\/09\/Empleos-1.jpeg",1280,853,false],"morenews-large":["https:\/\/pornuestrolaredo.com\/wp-content\/uploads\/2022\/09\/Empleos-1.jpeg",825,550,false],"morenews-medium":["https:\/\/pornuestrolaredo.com\/wp-content\/uploads\/2022\/09\/Empleos-1.jpeg",590,393,false]},"author_info":{"info":["Redactor"]},"category_info":"<a href=\"https:\/\/pornuestrolaredo.com\/?cat=5\" rel=\"category\">Dos Laredos<\/a>","tag_info":"Dos Laredos","comment_count":"0","jetpack_featured_media_url":"https:\/\/pornuestrolaredo.com\/wp-content\/uploads\/2022\/09\/Empleos-1.jpeg","jetpack_sharing_enabled":true,"_links":{"self":[{"href":"https:\/\/pornuestrolaredo.com\/index.php?rest_route=\/wp\/v2\/posts\/248","targetHints":{"allow":["GET"]}}],"collection":[{"href":"https:\/\/pornuestrolaredo.com\/index.php?rest_route=\/wp\/v2\/posts"}],"about":[{"href":"https:\/\/pornuestrolaredo.com\/index.php?rest_route=\/wp\/v2\/types\/post"}],"author":[{"embeddable":true,"href":"https:\/\/pornuestrolaredo.com\/index.php?rest_route=\/wp\/v2\/users\/1"}],"replies":[{"embeddable":true,"href":"https:\/\/pornuestrolaredo.com\/index.php?rest_route=%2Fwp%2Fv2%2Fcomments&post=248"}],"version-history":[{"count":2,"href":"https:\/\/pornuestrolaredo.com\/index.php?rest_route=\/wp\/v2\/posts\/248\/revisions"}],"predecessor-version":[{"id":261,"href":"https:\/\/pornuestrolaredo.com\/index.php?rest_route=\/wp\/v2\/posts\/248\/revisions\/261"}],"wp:featuredmedia":[{"embeddable":true,"href":"https:\/\/pornuestrolaredo.com\/index.php?rest_route=\/wp\/v2\/media\/249"}],"wp:attachment":[{"href":"https:\/\/pornuestrolaredo.com\/index.php?rest_route=%2Fwp%2Fv2%2Fmedia&parent=248"}],"wp:term":[{"taxonomy":"category","embeddable":true,"href":"https:\/\/pornuestrolaredo.com\/index.php?rest_route=%2Fwp%2Fv2%2Fcategories&post=248"},{"taxonomy":"post_tag","embeddable":true,"href":"https:\/\/pornuestrolaredo.com\/index.php?rest_route=%2Fwp%2Fv2%2Ftags&post=248"}],"curies":[{"name":"wp","href":"https:\/\/api.w.org\/{rel}","templated":true}]}}