{"id":256,"date":"2022-09-10T23:00:03","date_gmt":"2022-09-10T23:00:03","guid":{"rendered":"https:\/\/pornuestrolaredo.com\/?p=256"},"modified":"2022-09-10T23:01:45","modified_gmt":"2022-09-10T23:01:45","slug":"anuncia-clcr-proyectos-importantes-para-nld","status":"publish","type":"post","link":"https:\/\/pornuestrolaredo.com\/?p=256","title":{"rendered":"Anuncia CLCR proyectos importantes para NLD"},"content":{"rendered":"\n<p class=\"wp-block-paragraph\"><strong><em>NUEVO LAREDO.- <\/em><\/strong>Al iniciar su segunda etapa de la administraci\u00f3n municipal 2021-2024 despu\u00e9s del primer Informe de Gobierno,&nbsp; la alcaldesa, Carmen Lilia Canturosas Villarreal, mediante la plataforma Nuevo Laredo Comunica anunci\u00f3 proyectos importantes que generar\u00e1n un impacto positivo en la localidad en materia econ\u00f3mica, de comercio y calidad de vida. <\/p>\n\n\n\n<blockquote class=\"wp-block-quote is-layout-flow wp-block-quote-is-layout-flow\"><p>&nbsp;Estoy muy contenta por los resultados que tuvimos en 11 meses de trabajo, nos dedicamos a rehabilitar y levantar a Nuevo Laredo porque nuestros espacios p\u00fablicos se encontraban olvidados y les devolvimos la vida\u201d, expres\u00f3.<\/p><\/blockquote>\n\n\n\n<p class=\"wp-block-paragraph\">Destac\u00f3 el avance del proyecto federal para la instalaci\u00f3n\nde la Agencia Nacional de Aduanas de M\u00e9xico (ANAM), que se encuentra en la\netapa de&nbsp; compra-venta de terrenos.<\/p>\n\n\n\n<p class=\"wp-block-paragraph\">Se contemplan tambi\u00e9n&nbsp;\nproyectos con la finalidad de incrementar la importaci\u00f3n y exportaci\u00f3n\nde mercanc\u00edas, en ese sentido, Kansas City har\u00e1 un doble ferrocarril para tener\nm\u00e1s v\u00edas de comercializaci\u00f3n.<\/p>\n\n\n\n<p class=\"wp-block-paragraph\">La confianza de la iniciativa privada en el Gobierno\nMunicipal se acent\u00faa con la noticia de m\u00e1s expansiones en maquiladoras, as\u00ed\ncomo la llegada de m\u00e1s empresas a Nuevo Laredo. Que se sumar\u00e1 a las 4\nmaquiladoras que han iniciado operaciones desde octubre a la fecha y el\ncrecimiento r\u00e9cord de generaci\u00f3n de empleos que se registra en la ciudad.<\/p>\n\n\n\n<p class=\"wp-block-paragraph\">La presidenta municipal recalc\u00f3 que en este primer a\u00f1o de\ngobierno tuvo un alto impacto en el desarrollo econ\u00f3mico de la ciudad y doblar\u00e1\nesfuerzos para poner en alto el nombre de esta frontera.<\/p>\n\n\n\n<blockquote class=\"wp-block-quote is-layout-flow wp-block-quote-is-layout-flow\"><p>&nbsp;Hoy en d\u00eda, Nuevo Laredo es pujante, es alegre, tiene vida y nuestros ciudadanos y empresarios conf\u00edan en nosotros, continuaremos los trabajos para que se siga detonando la econom\u00eda y traer m\u00e1s beneficios a la ciudad\u201d, se\u00f1al\u00f3.<\/p><\/blockquote>\n\n\n\n<p class=\"wp-block-paragraph\">Tambi\u00e9n declar\u00f3 que se tiene planeada la construcci\u00f3n de una nueva preparatoria municipal que se ubicar\u00e1 al sur de Nuevo Laredo para atender las necesidades de estudio de los ciudadanos, adem\u00e1s adelant\u00f3 la creaci\u00f3n de un planetario, una atracci\u00f3n in\u00e9dita en la ciudad. <\/p>\n\n\n\n<p class=\"wp-block-paragraph\">La Administraci\u00f3n 2021-2024 invierte mil 340 millones 519 mil 276 pesos contemplados en el Plan de Obra P\u00fablica Municipal, los cuales se reparten en rubros como Infraestructura Educativa, Parques Industriales, Conservaci\u00f3n y Mantenimiento de la Ciudad, Alumbrado P\u00fablico, Drenaje Pluvial y Sanitario, entre otros, lo que respald\u00f3 el avance de los proyectos mencionados. <\/p>\n","protected":false},"excerpt":{"rendered":"<p>NUEVO LAREDO.- Al iniciar su segunda etapa de la administraci\u00f3n municipal 2021-2024 despu\u00e9s del primer Informe de Gobierno,&nbsp;<\/p>\n","protected":false},"author":1,"featured_media":257,"comment_status":"closed","ping_status":"closed","sticky":false,"template":"","format":"standard","meta":{"_crdt_document":"","_jetpack_memberships_contains_paid_content":false,"footnotes":"","jetpack_publicize_message":"Un hecho la instalaci\u00f3n de la Agencia Nacional de Aduanas de M\u00e9xico, vienen m\u00e1s maquiladoras y se construir\u00e1n un planetario y una nueva preparatoria municipal","jetpack_publicize_feature_enabled":true,"jetpack_social_post_already_shared":true,"jetpack_social_options":{"image_generator_settings":{"template":"highway","default_image_id":0,"font":"","enabled":false},"version":2},"_wpas_customize_per_network":false},"categories":[5],"tags":[],"class_list":["post-256","post","type-post","status-publish","format-standard","has-post-thumbnail","hentry","category-dos-laredos"],"magazineBlocksPostFeaturedMedia":{"thumbnail":"https:\/\/pornuestrolaredo.com\/wp-content\/uploads\/2022\/09\/Carmen-Proyectos-150x150.jpg","medium":"https:\/\/pornuestrolaredo.com\/wp-content\/uploads\/2022\/09\/Carmen-Proyectos-300x200.jpg","medium_large":"https:\/\/pornuestrolaredo.com\/wp-content\/uploads\/2022\/09\/Carmen-Proyectos-768x512.jpg","large":"https:\/\/pornuestrolaredo.com\/wp-content\/uploads\/2022\/09\/Carmen-Proyectos-1024x682.jpg","1536x1536":"https:\/\/pornuestrolaredo.com\/wp-content\/uploads\/2022\/09\/Carmen-Proyectos.jpg","2048x2048":"https:\/\/pornuestrolaredo.com\/wp-content\/uploads\/2022\/09\/Carmen-Proyectos.jpg","morenews-large":"https:\/\/pornuestrolaredo.com\/wp-content\/uploads\/2022\/09\/Carmen-Proyectos.jpg","morenews-medium":"https:\/\/pornuestrolaredo.com\/wp-content\/uploads\/2022\/09\/Carmen-Proyectos.jpg"},"magazineBlocksPostAuthor":{"name":"Redactor","avatar":"https:\/\/pornuestrolaredo.com\/wp-content\/litespeed\/avatar\/dca1d7ec750c399f025f23b0b314f4cf.jpg?ver=1777612120"},"magazineBlocksPostCommentsNumber":false,"magazineBlocksPostExcerpt":"NUEVO LAREDO.- Al iniciar su segunda etapa de la administraci\u00f3n municipal 2021-2024 despu\u00e9s del primer Informe de Gobierno,&nbsp;","magazineBlocksPostCategories":["Dos Laredos"],"magazineBlocksPostViewCount":148,"magazineBlocksPostReadTime":3,"magazine_blocks_featured_image_url":{"full":["https:\/\/pornuestrolaredo.com\/wp-content\/uploads\/2022\/09\/Carmen-Proyectos.jpg",1280,853,false],"medium":["https:\/\/pornuestrolaredo.com\/wp-content\/uploads\/2022\/09\/Carmen-Proyectos-300x200.jpg",300,200,true],"thumbnail":["https:\/\/pornuestrolaredo.com\/wp-content\/uploads\/2022\/09\/Carmen-Proyectos-150x150.jpg",150,150,true]},"magazine_blocks_author":{"display_name":"Redactor","author_link":"https:\/\/pornuestrolaredo.com\/?author=1"},"magazine_blocks_comment":0,"magazine_blocks_author_image":"https:\/\/pornuestrolaredo.com\/wp-content\/litespeed\/avatar\/dca1d7ec750c399f025f23b0b314f4cf.jpg?ver=1777612120","magazine_blocks_category":"<a href=\"#\" class=\"category-link category-link-5\">Dos Laredos<\/a>","jetpack_publicize_connections":[],"featured_image_urls":{"full":["https:\/\/pornuestrolaredo.com\/wp-content\/uploads\/2022\/09\/Carmen-Proyectos.jpg",1280,853,false],"thumbnail":["https:\/\/pornuestrolaredo.com\/wp-content\/uploads\/2022\/09\/Carmen-Proyectos-150x150.jpg",150,150,true],"medium":["https:\/\/pornuestrolaredo.com\/wp-content\/uploads\/2022\/09\/Carmen-Proyectos-300x200.jpg",300,200,true],"medium_large":["https:\/\/pornuestrolaredo.com\/wp-content\/uploads\/2022\/09\/Carmen-Proyectos-768x512.jpg",640,427,true],"large":["https:\/\/pornuestrolaredo.com\/wp-content\/uploads\/2022\/09\/Carmen-Proyectos-1024x682.jpg",640,426,true],"1536x1536":["https:\/\/pornuestrolaredo.com\/wp-content\/uploads\/2022\/09\/Carmen-Proyectos.jpg",1280,853,false],"2048x2048":["https:\/\/pornuestrolaredo.com\/wp-content\/uploads\/2022\/09\/Carmen-Proyectos.jpg",1280,853,false],"morenews-large":["https:\/\/pornuestrolaredo.com\/wp-content\/uploads\/2022\/09\/Carmen-Proyectos.jpg",825,550,false],"morenews-medium":["https:\/\/pornuestrolaredo.com\/wp-content\/uploads\/2022\/09\/Carmen-Proyectos.jpg",590,393,false]},"author_info":{"info":["Redactor"]},"category_info":"<a href=\"https:\/\/pornuestrolaredo.com\/?cat=5\" rel=\"category\">Dos Laredos<\/a>","tag_info":"Dos Laredos","comment_count":"0","jetpack_featured_media_url":"https:\/\/pornuestrolaredo.com\/wp-content\/uploads\/2022\/09\/Carmen-Proyectos.jpg","jetpack_sharing_enabled":true,"_links":{"self":[{"href":"https:\/\/pornuestrolaredo.com\/index.php?rest_route=\/wp\/v2\/posts\/256","targetHints":{"allow":["GET"]}}],"collection":[{"href":"https:\/\/pornuestrolaredo.com\/index.php?rest_route=\/wp\/v2\/posts"}],"about":[{"href":"https:\/\/pornuestrolaredo.com\/index.php?rest_route=\/wp\/v2\/types\/post"}],"author":[{"embeddable":true,"href":"https:\/\/pornuestrolaredo.com\/index.php?rest_route=\/wp\/v2\/users\/1"}],"replies":[{"embeddable":true,"href":"https:\/\/pornuestrolaredo.com\/index.php?rest_route=%2Fwp%2Fv2%2Fcomments&post=256"}],"version-history":[{"count":2,"href":"https:\/\/pornuestrolaredo.com\/index.php?rest_route=\/wp\/v2\/posts\/256\/revisions"}],"predecessor-version":[{"id":259,"href":"https:\/\/pornuestrolaredo.com\/index.php?rest_route=\/wp\/v2\/posts\/256\/revisions\/259"}],"wp:featuredmedia":[{"embeddable":true,"href":"https:\/\/pornuestrolaredo.com\/index.php?rest_route=\/wp\/v2\/media\/257"}],"wp:attachment":[{"href":"https:\/\/pornuestrolaredo.com\/index.php?rest_route=%2Fwp%2Fv2%2Fmedia&parent=256"}],"wp:term":[{"taxonomy":"category","embeddable":true,"href":"https:\/\/pornuestrolaredo.com\/index.php?rest_route=%2Fwp%2Fv2%2Fcategories&post=256"},{"taxonomy":"post_tag","embeddable":true,"href":"https:\/\/pornuestrolaredo.com\/index.php?rest_route=%2Fwp%2Fv2%2Ftags&post=256"}],"curies":[{"name":"wp","href":"https:\/\/api.w.org\/{rel}","templated":true}]}}