{"id":2640,"date":"2023-07-07T04:04:22","date_gmt":"2023-07-07T04:04:22","guid":{"rendered":"https:\/\/pornuestrolaredo.com\/?p=2640"},"modified":"2023-07-07T04:04:22","modified_gmt":"2023-07-07T04:04:22","slug":"consigue-threads-10-millones-de-usuarios-en-un-dia","status":"publish","type":"post","link":"https:\/\/pornuestrolaredo.com\/?p=2640","title":{"rendered":"Consigue Threads 10 millones de usuarios en un d\u00eda"},"content":{"rendered":"<p><strong>NUEVA YORK.-<\/strong> La nueva red social Threads fue lanzada este 5 de julio y el CEO de Meta, Mark Zuckerberg, afirm\u00f3 el mi\u00e9rcoles por la noche que m\u00e1s de 10 millones de personas se registraron para unirse a la aplicaci\u00f3n que busca rivalizar con Twitter y las recientes medidas tomadas por Elon Musk.<\/p>\n<p>El reporte de Zuckerberg consider\u00f3 solo las primeras siete horas del lanzamiento. Solo en las primeras cuatro horas la aplicaci\u00f3n ya hab\u00eda logrado cinco millones de registros, no solo en Estados Unidos sino tambi\u00e9n en M\u00e9xico.<\/p>\n<p>En la opini\u00f3n del CEO de Meta la intenci\u00f3n no es alcanzar la cifra de Twitter en pocos d\u00edas, sino ir generando m\u00e1s usuarios a un ritmo que permita alcanzar \u201cm\u00e1s de mil millones de personas\u201d, esto antes de mandar una indirecta a Elon Musk se\u00f1alando que tuvieron el camino para hacerlo, pero las pol\u00edticas les han impedido conseguirlo.<\/p>\n<blockquote><p>Twitter ha tenido la oportunidad de hacer esto, pero no lo ha logrado. Con suerte, lo haremos&#8221;, expres\u00f3 el tambi\u00e9n creador de Facebook.<\/p><\/blockquote>\n<p>Threads permite a los usuarios registrarse en la aplicaci\u00f3n y completar su perfil y seguir listas usando sus cuentas de Instagram.<\/p>\n<p>En un comentario el mi\u00e9rcoles por la noche, antes del alarde de Zuckerberg sobre los 5 millones, luego los 10 millones de usuarios de Threads, Musk critic\u00f3 que era &#8220;infinitamente preferible ser atacado por extra\u00f1os en Twitter, que disfrutar de la falsa felicidad de esconder el dolor en Instagram&#8221;.<\/p>\n<p>Threads ahora se encuentra disponible en 100 pa\u00edses, con excepci\u00f3n importante en la Uni\u00f3n Europea.<\/p>\n","protected":false},"excerpt":{"rendered":"<p>Se trata de una nueva red social de Meta, que pretende competir con Twitter<\/p>\n","protected":false},"author":1,"featured_media":2641,"comment_status":"closed","ping_status":"closed","sticky":false,"template":"","format":"standard","meta":{"_crdt_document":"","_jetpack_memberships_contains_paid_content":false,"footnotes":"","jetpack_publicize_message":"","jetpack_publicize_feature_enabled":true,"jetpack_social_post_already_shared":true,"jetpack_social_options":{"image_generator_settings":{"template":"highway","default_image_id":0,"font":"","enabled":false},"version":2},"_wpas_customize_per_network":false},"categories":[9],"tags":[],"class_list":["post-2640","post","type-post","status-publish","format-standard","has-post-thumbnail","hentry","category-el-mundo"],"magazineBlocksPostFeaturedMedia":{"thumbnail":"https:\/\/pornuestrolaredo.com\/wp-content\/uploads\/2023\/07\/Stereo91-20230706-10-150x150.jpg","medium":"https:\/\/pornuestrolaredo.com\/wp-content\/uploads\/2023\/07\/Stereo91-20230706-10-300x180.jpg","medium_large":"https:\/\/pornuestrolaredo.com\/wp-content\/uploads\/2023\/07\/Stereo91-20230706-10-768x460.jpg","large":"https:\/\/pornuestrolaredo.com\/wp-content\/uploads\/2023\/07\/Stereo91-20230706-10-1000x599.jpg","1536x1536":"https:\/\/pornuestrolaredo.com\/wp-content\/uploads\/2023\/07\/Stereo91-20230706-10.jpg","2048x2048":"https:\/\/pornuestrolaredo.com\/wp-content\/uploads\/2023\/07\/Stereo91-20230706-10.jpg","morenews-large":"https:\/\/pornuestrolaredo.com\/wp-content\/uploads\/2023\/07\/Stereo91-20230706-10.jpg","morenews-medium":"https:\/\/pornuestrolaredo.com\/wp-content\/uploads\/2023\/07\/Stereo91-20230706-10.jpg"},"magazineBlocksPostAuthor":{"name":"Redactor","avatar":"https:\/\/pornuestrolaredo.com\/wp-content\/litespeed\/avatar\/dca1d7ec750c399f025f23b0b314f4cf.jpg?ver=1777007253"},"magazineBlocksPostCommentsNumber":false,"magazineBlocksPostExcerpt":"Se trata de una nueva red social de Meta, que pretende competir con Twitter","magazineBlocksPostCategories":["El Mundo"],"magazineBlocksPostViewCount":107,"magazineBlocksPostReadTime":2,"magazine_blocks_featured_image_url":{"full":["https:\/\/pornuestrolaredo.com\/wp-content\/uploads\/2023\/07\/Stereo91-20230706-10.jpg",1200,719,false],"medium":["https:\/\/pornuestrolaredo.com\/wp-content\/uploads\/2023\/07\/Stereo91-20230706-10-300x180.jpg",300,180,true],"thumbnail":["https:\/\/pornuestrolaredo.com\/wp-content\/uploads\/2023\/07\/Stereo91-20230706-10-150x150.jpg",150,150,true]},"magazine_blocks_author":{"display_name":"Redactor","author_link":"https:\/\/pornuestrolaredo.com\/?author=1"},"magazine_blocks_comment":0,"magazine_blocks_author_image":"https:\/\/pornuestrolaredo.com\/wp-content\/litespeed\/avatar\/dca1d7ec750c399f025f23b0b314f4cf.jpg?ver=1777007253","magazine_blocks_category":"<a href=\"#\" class=\"category-link category-link-9\">El Mundo<\/a>","jetpack_publicize_connections":[],"featured_image_urls":{"full":["https:\/\/pornuestrolaredo.com\/wp-content\/uploads\/2023\/07\/Stereo91-20230706-10.jpg",1200,719,false],"thumbnail":["https:\/\/pornuestrolaredo.com\/wp-content\/uploads\/2023\/07\/Stereo91-20230706-10-150x150.jpg",150,150,true],"medium":["https:\/\/pornuestrolaredo.com\/wp-content\/uploads\/2023\/07\/Stereo91-20230706-10-300x180.jpg",300,180,true],"medium_large":["https:\/\/pornuestrolaredo.com\/wp-content\/uploads\/2023\/07\/Stereo91-20230706-10-768x460.jpg",640,383,true],"large":["https:\/\/pornuestrolaredo.com\/wp-content\/uploads\/2023\/07\/Stereo91-20230706-10-1000x599.jpg",640,383,true],"1536x1536":["https:\/\/pornuestrolaredo.com\/wp-content\/uploads\/2023\/07\/Stereo91-20230706-10.jpg",1200,719,false],"2048x2048":["https:\/\/pornuestrolaredo.com\/wp-content\/uploads\/2023\/07\/Stereo91-20230706-10.jpg",1200,719,false],"morenews-large":["https:\/\/pornuestrolaredo.com\/wp-content\/uploads\/2023\/07\/Stereo91-20230706-10.jpg",825,494,false],"morenews-medium":["https:\/\/pornuestrolaredo.com\/wp-content\/uploads\/2023\/07\/Stereo91-20230706-10.jpg",590,354,false]},"author_info":{"info":["Redactor"]},"category_info":"<a href=\"https:\/\/pornuestrolaredo.com\/?cat=9\" rel=\"category\">El Mundo<\/a>","tag_info":"El Mundo","comment_count":"0","jetpack_featured_media_url":"https:\/\/pornuestrolaredo.com\/wp-content\/uploads\/2023\/07\/Stereo91-20230706-10.jpg","jetpack_sharing_enabled":true,"_links":{"self":[{"href":"https:\/\/pornuestrolaredo.com\/index.php?rest_route=\/wp\/v2\/posts\/2640","targetHints":{"allow":["GET"]}}],"collection":[{"href":"https:\/\/pornuestrolaredo.com\/index.php?rest_route=\/wp\/v2\/posts"}],"about":[{"href":"https:\/\/pornuestrolaredo.com\/index.php?rest_route=\/wp\/v2\/types\/post"}],"author":[{"embeddable":true,"href":"https:\/\/pornuestrolaredo.com\/index.php?rest_route=\/wp\/v2\/users\/1"}],"replies":[{"embeddable":true,"href":"https:\/\/pornuestrolaredo.com\/index.php?rest_route=%2Fwp%2Fv2%2Fcomments&post=2640"}],"version-history":[{"count":1,"href":"https:\/\/pornuestrolaredo.com\/index.php?rest_route=\/wp\/v2\/posts\/2640\/revisions"}],"predecessor-version":[{"id":2642,"href":"https:\/\/pornuestrolaredo.com\/index.php?rest_route=\/wp\/v2\/posts\/2640\/revisions\/2642"}],"wp:featuredmedia":[{"embeddable":true,"href":"https:\/\/pornuestrolaredo.com\/index.php?rest_route=\/wp\/v2\/media\/2641"}],"wp:attachment":[{"href":"https:\/\/pornuestrolaredo.com\/index.php?rest_route=%2Fwp%2Fv2%2Fmedia&parent=2640"}],"wp:term":[{"taxonomy":"category","embeddable":true,"href":"https:\/\/pornuestrolaredo.com\/index.php?rest_route=%2Fwp%2Fv2%2Fcategories&post=2640"},{"taxonomy":"post_tag","embeddable":true,"href":"https:\/\/pornuestrolaredo.com\/index.php?rest_route=%2Fwp%2Fv2%2Ftags&post=2640"}],"curies":[{"name":"wp","href":"https:\/\/api.w.org\/{rel}","templated":true}]}}