{"id":2643,"date":"2023-07-07T04:19:14","date_gmt":"2023-07-07T04:19:14","guid":{"rendered":"https:\/\/pornuestrolaredo.com\/?p=2643"},"modified":"2023-07-07T04:19:14","modified_gmt":"2023-07-07T04:19:14","slug":"trae-julio-grandes-espectaculos-celestes","status":"publish","type":"post","link":"https:\/\/pornuestrolaredo.com\/?p=2643","title":{"rendered":"Trae julio grandes espect\u00e1culos celestes"},"content":{"rendered":"<p><strong><em>CIUDAD DE M\u00c9XICO.-<\/em><\/strong> El s\u00e9ptimo mes del a\u00f1o comenz\u00f3, y con \u00e9l varios eventos que el cielo nocturno ofrecer\u00e1 a lo largo de estos 31 d\u00edas.<\/p>\n<p>El primero de los espect\u00e1culos celestiales ya ocurri\u00f3, el d\u00eda 3 y se trata de la Superluna de Ciervo. Ese d\u00eda, nuestro sat\u00e9lite se apreci\u00f3 con un tama\u00f1o y brillo sin igual al lucir 16 por ciento m\u00e1s brillante y 7 por ciento m\u00e1s grande de lo normal.<\/p>\n<p>La Luna de julio recibe otros nombres como Luna del Trueno debido a las tormentas el\u00e9ctricas y Luna del Ciervo, \u00e9poca en la que los ciervos cambian de cornamenta.<\/p>\n<p>Tambi\u00e9n se prev\u00e9n tres lluvias de estrellas.<\/p>\n<p>El c\u00famulo globular M2 de estrellas, es uno de los c\u00famulos de estrellas globulares m\u00e1s grandes que ahora se sabe que vagan por el halo de nuestra galaxia, la V\u00eda L\u00e1ctea y que ser\u00e1 visible este meso.<\/p>\n<p>Para el 15 de julio se ver\u00e1 en el cielo el c\u00famulo globular M15 de la constelaci\u00f3n Pegaso, uno de los m\u00e1s densos con estrellas azules muy calientes y estrellas naranjas m\u00e1s fr\u00edas que se concentran m\u00e1s hacia su n\u00facleo brillante.<\/p>\n<p>Mientras que para el 19 de julio se apreciar\u00e1 en direcci\u00f3n de la constelaci\u00f3n de Sagitario, el C\u00famulo globular M55.<\/p>\n<p>Entre el 15 de julio al 10 de agosto, podr\u00e1 observarse esta lluvia de estrellas, y su m\u00e1ximo ser\u00e1 el 29 de julio, fecha en la que se espera que se observen cinco meteoros por hora.<\/p>\n<p>Otro fen\u00f3meno ser\u00e1n las\u00a0 Acu\u00e1ridas del Sur. Actividad entre el 12 de julio al 23 de agosto, con un m\u00e1ximo el 30 de julio. La tasa m\u00e1xima observable ser\u00e1 de 25 meteoros por hora. El objeto que da origen a esa lluvia de meteoros es el cometa 96P\/Machholz. <\/p>\n<p>Y al final, las Capric\u00f3rnidas cuya tasa m\u00e1xima observable ser\u00e1 de cinco meteoros por hora y ocurrir\u00e1 tambi\u00e9n el 30 de julio<\/p>\n","protected":false},"excerpt":{"rendered":"<p>Se espera que el d\u00eda 15 se ver\u00e1 en el cielo el c\u00famulo globular M15 de la constelaci\u00f3n Pegaso y habr\u00e1 tres lluvias de estrellas<\/p>\n","protected":false},"author":1,"featured_media":2644,"comment_status":"closed","ping_status":"closed","sticky":false,"template":"","format":"standard","meta":{"_crdt_document":"","_jetpack_memberships_contains_paid_content":false,"footnotes":"","jetpack_publicize_message":"","jetpack_publicize_feature_enabled":true,"jetpack_social_post_already_shared":true,"jetpack_social_options":{"image_generator_settings":{"template":"highway","default_image_id":0,"font":"","enabled":false},"version":2},"_wpas_customize_per_network":false},"categories":[9],"tags":[],"class_list":["post-2643","post","type-post","status-publish","format-standard","has-post-thumbnail","hentry","category-el-mundo"],"magazineBlocksPostFeaturedMedia":{"thumbnail":"https:\/\/pornuestrolaredo.com\/wp-content\/uploads\/2023\/07\/Stereo91-20230706-11-150x150.jpeg","medium":"https:\/\/pornuestrolaredo.com\/wp-content\/uploads\/2023\/07\/Stereo91-20230706-11-300x225.jpeg","medium_large":"https:\/\/pornuestrolaredo.com\/wp-content\/uploads\/2023\/07\/Stereo91-20230706-11-768x576.jpeg","large":"https:\/\/pornuestrolaredo.com\/wp-content\/uploads\/2023\/07\/Stereo91-20230706-11.jpeg","1536x1536":"https:\/\/pornuestrolaredo.com\/wp-content\/uploads\/2023\/07\/Stereo91-20230706-11.jpeg","2048x2048":"https:\/\/pornuestrolaredo.com\/wp-content\/uploads\/2023\/07\/Stereo91-20230706-11.jpeg","morenews-large":"https:\/\/pornuestrolaredo.com\/wp-content\/uploads\/2023\/07\/Stereo91-20230706-11.jpeg","morenews-medium":"https:\/\/pornuestrolaredo.com\/wp-content\/uploads\/2023\/07\/Stereo91-20230706-11.jpeg"},"magazineBlocksPostAuthor":{"name":"Redactor","avatar":"https:\/\/pornuestrolaredo.com\/wp-content\/litespeed\/avatar\/dca1d7ec750c399f025f23b0b314f4cf.jpg?ver=1777007253"},"magazineBlocksPostCommentsNumber":false,"magazineBlocksPostExcerpt":"Se espera que el d\u00eda 15 se ver\u00e1 en el cielo el c\u00famulo globular M15 de la constelaci\u00f3n Pegaso y habr\u00e1 tres lluvias de estrellas","magazineBlocksPostCategories":["El Mundo"],"magazineBlocksPostViewCount":122,"magazineBlocksPostReadTime":2,"magazine_blocks_featured_image_url":{"full":["https:\/\/pornuestrolaredo.com\/wp-content\/uploads\/2023\/07\/Stereo91-20230706-11.jpeg",800,600,false],"medium":["https:\/\/pornuestrolaredo.com\/wp-content\/uploads\/2023\/07\/Stereo91-20230706-11-300x225.jpeg",300,225,true],"thumbnail":["https:\/\/pornuestrolaredo.com\/wp-content\/uploads\/2023\/07\/Stereo91-20230706-11-150x150.jpeg",150,150,true]},"magazine_blocks_author":{"display_name":"Redactor","author_link":"https:\/\/pornuestrolaredo.com\/?author=1"},"magazine_blocks_comment":0,"magazine_blocks_author_image":"https:\/\/pornuestrolaredo.com\/wp-content\/litespeed\/avatar\/dca1d7ec750c399f025f23b0b314f4cf.jpg?ver=1777007253","magazine_blocks_category":"<a href=\"#\" class=\"category-link category-link-9\">El Mundo<\/a>","jetpack_publicize_connections":[],"featured_image_urls":{"full":["https:\/\/pornuestrolaredo.com\/wp-content\/uploads\/2023\/07\/Stereo91-20230706-11.jpeg",800,600,false],"thumbnail":["https:\/\/pornuestrolaredo.com\/wp-content\/uploads\/2023\/07\/Stereo91-20230706-11-150x150.jpeg",150,150,true],"medium":["https:\/\/pornuestrolaredo.com\/wp-content\/uploads\/2023\/07\/Stereo91-20230706-11-300x225.jpeg",300,225,true],"medium_large":["https:\/\/pornuestrolaredo.com\/wp-content\/uploads\/2023\/07\/Stereo91-20230706-11-768x576.jpeg",640,480,true],"large":["https:\/\/pornuestrolaredo.com\/wp-content\/uploads\/2023\/07\/Stereo91-20230706-11.jpeg",640,480,false],"1536x1536":["https:\/\/pornuestrolaredo.com\/wp-content\/uploads\/2023\/07\/Stereo91-20230706-11.jpeg",800,600,false],"2048x2048":["https:\/\/pornuestrolaredo.com\/wp-content\/uploads\/2023\/07\/Stereo91-20230706-11.jpeg",800,600,false],"morenews-large":["https:\/\/pornuestrolaredo.com\/wp-content\/uploads\/2023\/07\/Stereo91-20230706-11.jpeg",767,575,false],"morenews-medium":["https:\/\/pornuestrolaredo.com\/wp-content\/uploads\/2023\/07\/Stereo91-20230706-11.jpeg",547,410,false]},"author_info":{"info":["Redactor"]},"category_info":"<a href=\"https:\/\/pornuestrolaredo.com\/?cat=9\" rel=\"category\">El Mundo<\/a>","tag_info":"El Mundo","comment_count":"0","jetpack_featured_media_url":"https:\/\/pornuestrolaredo.com\/wp-content\/uploads\/2023\/07\/Stereo91-20230706-11.jpeg","jetpack_sharing_enabled":true,"_links":{"self":[{"href":"https:\/\/pornuestrolaredo.com\/index.php?rest_route=\/wp\/v2\/posts\/2643","targetHints":{"allow":["GET"]}}],"collection":[{"href":"https:\/\/pornuestrolaredo.com\/index.php?rest_route=\/wp\/v2\/posts"}],"about":[{"href":"https:\/\/pornuestrolaredo.com\/index.php?rest_route=\/wp\/v2\/types\/post"}],"author":[{"embeddable":true,"href":"https:\/\/pornuestrolaredo.com\/index.php?rest_route=\/wp\/v2\/users\/1"}],"replies":[{"embeddable":true,"href":"https:\/\/pornuestrolaredo.com\/index.php?rest_route=%2Fwp%2Fv2%2Fcomments&post=2643"}],"version-history":[{"count":1,"href":"https:\/\/pornuestrolaredo.com\/index.php?rest_route=\/wp\/v2\/posts\/2643\/revisions"}],"predecessor-version":[{"id":2645,"href":"https:\/\/pornuestrolaredo.com\/index.php?rest_route=\/wp\/v2\/posts\/2643\/revisions\/2645"}],"wp:featuredmedia":[{"embeddable":true,"href":"https:\/\/pornuestrolaredo.com\/index.php?rest_route=\/wp\/v2\/media\/2644"}],"wp:attachment":[{"href":"https:\/\/pornuestrolaredo.com\/index.php?rest_route=%2Fwp%2Fv2%2Fmedia&parent=2643"}],"wp:term":[{"taxonomy":"category","embeddable":true,"href":"https:\/\/pornuestrolaredo.com\/index.php?rest_route=%2Fwp%2Fv2%2Fcategories&post=2643"},{"taxonomy":"post_tag","embeddable":true,"href":"https:\/\/pornuestrolaredo.com\/index.php?rest_route=%2Fwp%2Fv2%2Ftags&post=2643"}],"curies":[{"name":"wp","href":"https:\/\/api.w.org\/{rel}","templated":true}]}}