{"id":2655,"date":"2023-07-11T14:27:39","date_gmt":"2023-07-11T14:27:39","guid":{"rendered":"https:\/\/pornuestrolaredo.com\/?p=2655"},"modified":"2023-07-11T14:27:39","modified_gmt":"2023-07-11T14:27:39","slug":"mueren-cinco-mexicanos-al-caer-helicoptero-en-nepal","status":"publish","type":"post","link":"https:\/\/pornuestrolaredo.com\/?p=2655","title":{"rendered":"Mueren cinco mexicanos al caer helic\u00f3ptero en Nepal"},"content":{"rendered":"<p><strong><em>KATMANDU, NEPAL.- <\/em><\/strong>Cinco turistas mexicanos y un piloto murieron este martes en Nepal en el accidente de un helic\u00f3ptero que se estrell\u00f3 poco despu\u00e9s de despegar cerca del Everest, informaron autoridades a\u00e9reas.<\/p>\n<p>El aparato de la compa\u00f1\u00eda Manang Air sali\u00f3 el martes desde cerca de Lukla, el punto de entrada para las expediciones para subir al Everest, y se dirig\u00eda a la capital, Katmand\u00fa, con los cinco viajeros, dos hombres y tres mujeres.<\/p>\n<p>Las v\u00edctimas fueron identificadas como Fernando Sifuentes, Abric Gonz\u00e1lez, Luz Gonz\u00e1lez Olacio, Mar\u00eda Jos\u00e9 Sifuentes, e Ismael Rinc\u00f3n; el piloto nepal\u00ed era C.B. Gurung, seg\u00fan la compa\u00f1\u00eda tur\u00edstica.<\/p>\n<p>De forma preliminar se inform\u00f3 que los mexicanos fallecidos eran familiares.<\/p>\n<p>El helic\u00f3ptero perdi\u00f3 el contacto ocho minutos despu\u00e9s de despegar, dijo la Autoridad de Aviaci\u00f3n Civil de Nepal (CAAN) en un comunicado.<\/p>\n<p>Las condiciones meteorol\u00f3gicas hab\u00edan provocado cambios en la ruta de vuelo, se\u00f1al\u00f3 un funcionario de aeropuerto Sagar Kadel.<\/p>\n<blockquote><p>Los habitantes y la polic\u00eda en el lugar informan que los seis cuerpos han sido recuperados&#8221;, dijo a la AFP Pratap Babu Tiwari, el director del aeropuerto internacional de Tribhuvan.<\/p><\/blockquote>\n<p>Dos helic\u00f3pteros y varios equipos terrestres fueron desplegados para una misi\u00f3n de b\u00fasqueda y rescate pero no pudieron aterrizar cerca del lugar del accidente debido al clima.<\/p>\n<blockquote><p>Los cuerpos est\u00e1n siendo desplazados por v\u00eda terrestre a los helic\u00f3pteros para que puedan ser transportados a Katmand\u00fa&#8221;, dijo Tiwari.<\/p><\/blockquote>\n<p>Lhakpa Sherpa, un residente de la zona que se uni\u00f3 a los esfuerzos de b\u00fasqueda y rescate, dijo que el lugar del accidente es &#8220;muy aterrador&#8221;.<\/p>\n<blockquote><p>Parece que el helic\u00f3ptero choc\u00f3 primero con un \u00e1rbol y luego se estrell\u00f3 contra el suelo. Dej\u00f3 un peque\u00f1o agujero en el suelo&#8221;, dijo.<\/p><\/blockquote>\n<p>El Primer Ministro Pushpa Kamal Dahal expres\u00f3 su &#8220;dolor&#8221; por el accidente, dijo su oficina en Twitter, mientras que la Embajada de M\u00e9xico en India indic\u00f3 en la misma red social que est\u00e1 &#8220;en continua comunicaci\u00f3n y trabajando con las autoridades de Nepal en relaci\u00f3n al tr\u00e1gico accidente&#8221;.<\/p>\n<p>Las demoras y los cambios de ruta en los vuelos cerca del Everest son frecuentes durante las fuertes lluvias de la temporada del monz\u00f3n. La temporada tur\u00edstica y de escalada termin\u00f3 en mayo con el comienzo de la temporada de lluvias, y los vuelos tur\u00edsticos a las monta\u00f1as no son habituales en esta \u00e9poca del a\u00f1o porque la visibilidad es mala y las condiciones meteorol\u00f3gicas son impredecibles.<\/p>\n","protected":false},"excerpt":{"rendered":"<p>El accidente ocurri\u00f3 en el Everest poco despu\u00e9s de que el aparato despeg\u00f3<\/p>\n","protected":false},"author":1,"featured_media":2656,"comment_status":"closed","ping_status":"closed","sticky":false,"template":"","format":"standard","meta":{"_crdt_document":"","_jetpack_memberships_contains_paid_content":false,"footnotes":"","jetpack_publicize_message":"","jetpack_publicize_feature_enabled":true,"jetpack_social_post_already_shared":true,"jetpack_social_options":{"image_generator_settings":{"template":"highway","default_image_id":0,"font":"","enabled":false},"version":2},"_wpas_customize_per_network":false},"categories":[9],"tags":[],"class_list":["post-2655","post","type-post","status-publish","format-standard","has-post-thumbnail","hentry","category-el-mundo"],"magazineBlocksPostFeaturedMedia":{"thumbnail":"https:\/\/pornuestrolaredo.com\/wp-content\/uploads\/2023\/07\/Stereo91-20230711-1-150x150.jpeg","medium":"https:\/\/pornuestrolaredo.com\/wp-content\/uploads\/2023\/07\/Stereo91-20230711-1-300x200.jpeg","medium_large":"https:\/\/pornuestrolaredo.com\/wp-content\/uploads\/2023\/07\/Stereo91-20230711-1-768x512.jpeg","large":"https:\/\/pornuestrolaredo.com\/wp-content\/uploads\/2023\/07\/Stereo91-20230711-1.jpeg","1536x1536":"https:\/\/pornuestrolaredo.com\/wp-content\/uploads\/2023\/07\/Stereo91-20230711-1.jpeg","2048x2048":"https:\/\/pornuestrolaredo.com\/wp-content\/uploads\/2023\/07\/Stereo91-20230711-1.jpeg","morenews-large":"https:\/\/pornuestrolaredo.com\/wp-content\/uploads\/2023\/07\/Stereo91-20230711-1.jpeg","morenews-medium":"https:\/\/pornuestrolaredo.com\/wp-content\/uploads\/2023\/07\/Stereo91-20230711-1.jpeg"},"magazineBlocksPostAuthor":{"name":"Redactor","avatar":"https:\/\/pornuestrolaredo.com\/wp-content\/litespeed\/avatar\/dca1d7ec750c399f025f23b0b314f4cf.jpg?ver=1777007253"},"magazineBlocksPostCommentsNumber":false,"magazineBlocksPostExcerpt":"El accidente ocurri\u00f3 en el Everest poco despu\u00e9s de que el aparato despeg\u00f3","magazineBlocksPostCategories":["El Mundo"],"magazineBlocksPostViewCount":129,"magazineBlocksPostReadTime":3,"magazine_blocks_featured_image_url":{"full":["https:\/\/pornuestrolaredo.com\/wp-content\/uploads\/2023\/07\/Stereo91-20230711-1.jpeg",900,600,false],"medium":["https:\/\/pornuestrolaredo.com\/wp-content\/uploads\/2023\/07\/Stereo91-20230711-1-300x200.jpeg",300,200,true],"thumbnail":["https:\/\/pornuestrolaredo.com\/wp-content\/uploads\/2023\/07\/Stereo91-20230711-1-150x150.jpeg",150,150,true]},"magazine_blocks_author":{"display_name":"Redactor","author_link":"https:\/\/pornuestrolaredo.com\/?author=1"},"magazine_blocks_comment":0,"magazine_blocks_author_image":"https:\/\/pornuestrolaredo.com\/wp-content\/litespeed\/avatar\/dca1d7ec750c399f025f23b0b314f4cf.jpg?ver=1777007253","magazine_blocks_category":"<a href=\"#\" class=\"category-link category-link-9\">El Mundo<\/a>","jetpack_publicize_connections":[],"featured_image_urls":{"full":["https:\/\/pornuestrolaredo.com\/wp-content\/uploads\/2023\/07\/Stereo91-20230711-1.jpeg",900,600,false],"thumbnail":["https:\/\/pornuestrolaredo.com\/wp-content\/uploads\/2023\/07\/Stereo91-20230711-1-150x150.jpeg",150,150,true],"medium":["https:\/\/pornuestrolaredo.com\/wp-content\/uploads\/2023\/07\/Stereo91-20230711-1-300x200.jpeg",300,200,true],"medium_large":["https:\/\/pornuestrolaredo.com\/wp-content\/uploads\/2023\/07\/Stereo91-20230711-1-768x512.jpeg",640,427,true],"large":["https:\/\/pornuestrolaredo.com\/wp-content\/uploads\/2023\/07\/Stereo91-20230711-1.jpeg",640,427,false],"1536x1536":["https:\/\/pornuestrolaredo.com\/wp-content\/uploads\/2023\/07\/Stereo91-20230711-1.jpeg",900,600,false],"2048x2048":["https:\/\/pornuestrolaredo.com\/wp-content\/uploads\/2023\/07\/Stereo91-20230711-1.jpeg",900,600,false],"morenews-large":["https:\/\/pornuestrolaredo.com\/wp-content\/uploads\/2023\/07\/Stereo91-20230711-1.jpeg",825,550,false],"morenews-medium":["https:\/\/pornuestrolaredo.com\/wp-content\/uploads\/2023\/07\/Stereo91-20230711-1.jpeg",590,393,false]},"author_info":{"info":["Redactor"]},"category_info":"<a href=\"https:\/\/pornuestrolaredo.com\/?cat=9\" rel=\"category\">El Mundo<\/a>","tag_info":"El Mundo","comment_count":"0","jetpack_featured_media_url":"https:\/\/pornuestrolaredo.com\/wp-content\/uploads\/2023\/07\/Stereo91-20230711-1.jpeg","jetpack_sharing_enabled":true,"_links":{"self":[{"href":"https:\/\/pornuestrolaredo.com\/index.php?rest_route=\/wp\/v2\/posts\/2655","targetHints":{"allow":["GET"]}}],"collection":[{"href":"https:\/\/pornuestrolaredo.com\/index.php?rest_route=\/wp\/v2\/posts"}],"about":[{"href":"https:\/\/pornuestrolaredo.com\/index.php?rest_route=\/wp\/v2\/types\/post"}],"author":[{"embeddable":true,"href":"https:\/\/pornuestrolaredo.com\/index.php?rest_route=\/wp\/v2\/users\/1"}],"replies":[{"embeddable":true,"href":"https:\/\/pornuestrolaredo.com\/index.php?rest_route=%2Fwp%2Fv2%2Fcomments&post=2655"}],"version-history":[{"count":1,"href":"https:\/\/pornuestrolaredo.com\/index.php?rest_route=\/wp\/v2\/posts\/2655\/revisions"}],"predecessor-version":[{"id":2657,"href":"https:\/\/pornuestrolaredo.com\/index.php?rest_route=\/wp\/v2\/posts\/2655\/revisions\/2657"}],"wp:featuredmedia":[{"embeddable":true,"href":"https:\/\/pornuestrolaredo.com\/index.php?rest_route=\/wp\/v2\/media\/2656"}],"wp:attachment":[{"href":"https:\/\/pornuestrolaredo.com\/index.php?rest_route=%2Fwp%2Fv2%2Fmedia&parent=2655"}],"wp:term":[{"taxonomy":"category","embeddable":true,"href":"https:\/\/pornuestrolaredo.com\/index.php?rest_route=%2Fwp%2Fv2%2Fcategories&post=2655"},{"taxonomy":"post_tag","embeddable":true,"href":"https:\/\/pornuestrolaredo.com\/index.php?rest_route=%2Fwp%2Fv2%2Ftags&post=2655"}],"curies":[{"name":"wp","href":"https:\/\/api.w.org\/{rel}","templated":true}]}}