{"id":2663,"date":"2023-07-13T05:19:11","date_gmt":"2023-07-13T05:19:11","guid":{"rendered":"https:\/\/pornuestrolaredo.com\/?p=2663"},"modified":"2023-07-13T05:20:07","modified_gmt":"2023-07-13T05:20:07","slug":"celebran-a-los-abogados-en-su-dia","status":"publish","type":"post","link":"https:\/\/pornuestrolaredo.com\/?p=2663","title":{"rendered":"Celebran a los abogados en su d\u00eda"},"content":{"rendered":"<p><strong>NUEVO LAREDO.-<\/strong> La alcaldesa, Carmen Lilia Canturosas, festej\u00f3 el D\u00eda del Abogado en un evento, que reuni\u00f3 a profesionales del derecho, para reconocer su trabajo como guardianes de la justicia y defensores de los derechos fundamentales de las personas.<\/p>\n<p>A nombre del Gobierno de Nuevo Laredo, la alcaldesa Canturosas Villarreal, acompa\u00f1ada de su esposo \u00d3scar Mario Hinojosa, s\u00edndicos y regidores, reconoci\u00f3 a los abogados por su labor en la construcci\u00f3n de una sociedad basada en la equidad, los derechos humanos y el Estado de Derecho.<\/p>\n<p>La presidenta municipal, que tambi\u00e9n es abogada, mencion\u00f3 que desde la administraci\u00f3n municipal se defienden los principios y se cumple con el compromiso adquirido con los ciudadanos de Nuevo Laredo para hacer justicia en la ciudad. Destac\u00f3 la labor de la Comisi\u00f3n de la Verdad, que ahora preside, y diversos programas que brindan certeza jur\u00eddica y defienden la soberan\u00eda de la gente.<\/p>\n<p>El evento cont\u00f3 con la presencia de miembros de la Barra de Abogados, la Barra Colegiada de Abogados y el Colegio de Abogados Especialistas en Derecho de Trabajo de Nuevo Laredo. <\/p>\n<p>Deyanira L\u00f3pez C\u00f3rdova, presidenta de la Barra de Abogados A.C. agradeci\u00f3 y felicit\u00f3 a la alcaldesa por su desempe\u00f1o, el cual se refleja en la transformaci\u00f3n de la ciudad.<br \/>\n<img decoding=\"async\" src=\"https:\/\/pornuestrolaredo.com\/wp-content\/uploads\/2023\/07\/Stereo91-20230712-3-3-300x159.jpg\" alt=\"\" width=\"300\" height=\"159\" class=\"alignnone size-medium wp-image-2666\" srcset=\"https:\/\/pornuestrolaredo.com\/wp-content\/uploads\/2023\/07\/Stereo91-20230712-3-3-300x159.jpg 300w, https:\/\/pornuestrolaredo.com\/wp-content\/uploads\/2023\/07\/Stereo91-20230712-3-3-768x407.jpg 768w, https:\/\/pornuestrolaredo.com\/wp-content\/uploads\/2023\/07\/Stereo91-20230712-3-3.jpg 1000w\" sizes=\"(max-width: 300px) 100vw, 300px\" \/><br \/>\nManifest\u00f3 el deseo de trabajar en conjunto con la administraci\u00f3n municipal para ver a Nuevo Laredo en una nueva era.<\/p>\n<p>Braulio Hern\u00e1ndez Hern\u00e1ndez, presidente de la Barra Colegiada de Abogados A.C, expres\u00f3 su gratitud a la alcaldesa Carmen Lilia Canturosas por celebrar este importante d\u00eda para el gremio. <\/p>\n<p>Reconoci\u00f3 el trabajo realizado por la administraci\u00f3n municipal en beneficio de Nuevo Laredo.<\/p>\n<p>El secretario del Ayuntamiento, Juan \u00c1ngel Mart\u00ednez Salazar, destac\u00f3 que en la administraci\u00f3n municipal se trabaja con respeto al marco constitucional, los derechos humanos y el Estado de Derecho. <\/p>\n<p>Dijo que su compromiso es servir al pueblo de Nuevo Laredo para que las futuras generaciones disfruten de una mejor ciudad donde puedan seguir ejerciendo el derecho.<\/p>\n<p>Durante este evento estuvieron presentes s\u00edndicos y regidores; secretarios y directores del Republicano Ayuntamiento de Nuevo Laredo; autoridades de los tres \u00f3rdenes de Gobierno.<\/p>\n<p>As\u00ed como Roque Hern\u00e1ndez Reyes, jefe de la Oficina Fiscal del Estado en Nuevo Laredo; Augusto Daniel Torres, Fiscal en Jefe de la Fiscal\u00eda General de la Rep\u00fablica en Nuevo Laredo; Juan Cedillo, titular de la Aduana de Nuevo Laredo; Juan Trujillo, jefe del CNI en Nuevo Laredo; Gloria Cant\u00fa, presidenta del Colegio de Notarios; Rene Salinas, director de la Facultad de Comercio Administraci\u00f3n y Ciencias Sociales de Nuevo Laredo Universidad Aut\u00f3noma de Tamaulipas; Eduardo Becerra, Fiscal General de Justicia.<\/p>\n","protected":false},"excerpt":{"rendered":"<p>Reconoce la alcaldesa, Carmen Lilia Canturosas, su labor por la construcci\u00f3n de una sociedad basada en la equidad, los derechos humanos y el Estado de Derecho<\/p>\n","protected":false},"author":1,"featured_media":2664,"comment_status":"closed","ping_status":"closed","sticky":false,"template":"","format":"standard","meta":{"_crdt_document":"","_jetpack_memberships_contains_paid_content":false,"footnotes":"","jetpack_publicize_message":"","jetpack_publicize_feature_enabled":true,"jetpack_social_post_already_shared":true,"jetpack_social_options":{"image_generator_settings":{"template":"highway","default_image_id":0,"font":"","enabled":false},"version":2},"_wpas_customize_per_network":false},"categories":[4],"tags":[],"class_list":["post-2663","post","type-post","status-publish","format-standard","has-post-thumbnail","hentry","category-los-dos-laredos"],"magazineBlocksPostFeaturedMedia":{"thumbnail":"https:\/\/pornuestrolaredo.com\/wp-content\/uploads\/2023\/07\/Stereo91-20230712-3-1-150x150.jpg","medium":"https:\/\/pornuestrolaredo.com\/wp-content\/uploads\/2023\/07\/Stereo91-20230712-3-1-300x200.jpg","medium_large":"https:\/\/pornuestrolaredo.com\/wp-content\/uploads\/2023\/07\/Stereo91-20230712-3-1-768x511.jpg","large":"https:\/\/pornuestrolaredo.com\/wp-content\/uploads\/2023\/07\/Stereo91-20230712-3-1.jpg","1536x1536":"https:\/\/pornuestrolaredo.com\/wp-content\/uploads\/2023\/07\/Stereo91-20230712-3-1.jpg","2048x2048":"https:\/\/pornuestrolaredo.com\/wp-content\/uploads\/2023\/07\/Stereo91-20230712-3-1.jpg","morenews-large":"https:\/\/pornuestrolaredo.com\/wp-content\/uploads\/2023\/07\/Stereo91-20230712-3-1.jpg","morenews-medium":"https:\/\/pornuestrolaredo.com\/wp-content\/uploads\/2023\/07\/Stereo91-20230712-3-1.jpg"},"magazineBlocksPostAuthor":{"name":"Redactor","avatar":"https:\/\/pornuestrolaredo.com\/wp-content\/litespeed\/avatar\/dca1d7ec750c399f025f23b0b314f4cf.jpg?ver=1777007253"},"magazineBlocksPostCommentsNumber":false,"magazineBlocksPostExcerpt":"Reconoce la alcaldesa, Carmen Lilia Canturosas, su labor por la construcci\u00f3n de una sociedad basada en la equidad, los derechos humanos y el Estado de Derecho","magazineBlocksPostCategories":["Los dos Laredos"],"magazineBlocksPostViewCount":129,"magazineBlocksPostReadTime":3,"magazine_blocks_featured_image_url":{"full":["https:\/\/pornuestrolaredo.com\/wp-content\/uploads\/2023\/07\/Stereo91-20230712-3-1.jpg",1000,666,false],"medium":["https:\/\/pornuestrolaredo.com\/wp-content\/uploads\/2023\/07\/Stereo91-20230712-3-1-300x200.jpg",300,200,true],"thumbnail":["https:\/\/pornuestrolaredo.com\/wp-content\/uploads\/2023\/07\/Stereo91-20230712-3-1-150x150.jpg",150,150,true]},"magazine_blocks_author":{"display_name":"Redactor","author_link":"https:\/\/pornuestrolaredo.com\/?author=1"},"magazine_blocks_comment":0,"magazine_blocks_author_image":"https:\/\/pornuestrolaredo.com\/wp-content\/litespeed\/avatar\/dca1d7ec750c399f025f23b0b314f4cf.jpg?ver=1777007253","magazine_blocks_category":"<a href=\"#\" class=\"category-link category-link-4\">Los dos Laredos<\/a>","jetpack_publicize_connections":[],"featured_image_urls":{"full":["https:\/\/pornuestrolaredo.com\/wp-content\/uploads\/2023\/07\/Stereo91-20230712-3-1.jpg",1000,666,false],"thumbnail":["https:\/\/pornuestrolaredo.com\/wp-content\/uploads\/2023\/07\/Stereo91-20230712-3-1-150x150.jpg",150,150,true],"medium":["https:\/\/pornuestrolaredo.com\/wp-content\/uploads\/2023\/07\/Stereo91-20230712-3-1-300x200.jpg",300,200,true],"medium_large":["https:\/\/pornuestrolaredo.com\/wp-content\/uploads\/2023\/07\/Stereo91-20230712-3-1-768x511.jpg",640,426,true],"large":["https:\/\/pornuestrolaredo.com\/wp-content\/uploads\/2023\/07\/Stereo91-20230712-3-1.jpg",640,426,false],"1536x1536":["https:\/\/pornuestrolaredo.com\/wp-content\/uploads\/2023\/07\/Stereo91-20230712-3-1.jpg",1000,666,false],"2048x2048":["https:\/\/pornuestrolaredo.com\/wp-content\/uploads\/2023\/07\/Stereo91-20230712-3-1.jpg",1000,666,false],"morenews-large":["https:\/\/pornuestrolaredo.com\/wp-content\/uploads\/2023\/07\/Stereo91-20230712-3-1.jpg",825,549,false],"morenews-medium":["https:\/\/pornuestrolaredo.com\/wp-content\/uploads\/2023\/07\/Stereo91-20230712-3-1.jpg",590,393,false]},"author_info":{"info":["Redactor"]},"category_info":"<a href=\"https:\/\/pornuestrolaredo.com\/?cat=4\" rel=\"category\">Los dos Laredos<\/a>","tag_info":"Los dos Laredos","comment_count":"0","jetpack_featured_media_url":"https:\/\/pornuestrolaredo.com\/wp-content\/uploads\/2023\/07\/Stereo91-20230712-3-1.jpg","jetpack_sharing_enabled":true,"_links":{"self":[{"href":"https:\/\/pornuestrolaredo.com\/index.php?rest_route=\/wp\/v2\/posts\/2663","targetHints":{"allow":["GET"]}}],"collection":[{"href":"https:\/\/pornuestrolaredo.com\/index.php?rest_route=\/wp\/v2\/posts"}],"about":[{"href":"https:\/\/pornuestrolaredo.com\/index.php?rest_route=\/wp\/v2\/types\/post"}],"author":[{"embeddable":true,"href":"https:\/\/pornuestrolaredo.com\/index.php?rest_route=\/wp\/v2\/users\/1"}],"replies":[{"embeddable":true,"href":"https:\/\/pornuestrolaredo.com\/index.php?rest_route=%2Fwp%2Fv2%2Fcomments&post=2663"}],"version-history":[{"count":4,"href":"https:\/\/pornuestrolaredo.com\/index.php?rest_route=\/wp\/v2\/posts\/2663\/revisions"}],"predecessor-version":[{"id":2671,"href":"https:\/\/pornuestrolaredo.com\/index.php?rest_route=\/wp\/v2\/posts\/2663\/revisions\/2671"}],"wp:featuredmedia":[{"embeddable":true,"href":"https:\/\/pornuestrolaredo.com\/index.php?rest_route=\/wp\/v2\/media\/2664"}],"wp:attachment":[{"href":"https:\/\/pornuestrolaredo.com\/index.php?rest_route=%2Fwp%2Fv2%2Fmedia&parent=2663"}],"wp:term":[{"taxonomy":"category","embeddable":true,"href":"https:\/\/pornuestrolaredo.com\/index.php?rest_route=%2Fwp%2Fv2%2Fcategories&post=2663"},{"taxonomy":"post_tag","embeddable":true,"href":"https:\/\/pornuestrolaredo.com\/index.php?rest_route=%2Fwp%2Fv2%2Ftags&post=2663"}],"curies":[{"name":"wp","href":"https:\/\/api.w.org\/{rel}","templated":true}]}}