{"id":2675,"date":"2023-07-13T05:41:27","date_gmt":"2023-07-13T05:41:27","guid":{"rendered":"https:\/\/pornuestrolaredo.com\/?p=2675"},"modified":"2023-07-13T05:43:27","modified_gmt":"2023-07-13T05:43:27","slug":"habra-campamentos-y-cursos-para-menores-de-edad","status":"publish","type":"post","link":"https:\/\/pornuestrolaredo.com\/?p=2675","title":{"rendered":"Habr\u00e1 campamentos y cursos para menores de edad"},"content":{"rendered":"<p><strong>NUEVO LAREDO.-<\/strong> Ni\u00f1os y adolescentes podr\u00e1n aprovechar sus vacaciones para tener no s\u00f3lo nuevas experiencias, sino tambi\u00e9n adquirir conocimiento y disciplina.<\/p>\n<p>Por parte de la secretar\u00eda de Educaci\u00f3n, Cultura y Deporte hay una amplia serie de actividades para que los menores adquieran y desarrollen habilidades y destrezas.<\/p>\n<p>Para el \u201cCampamento de Verano 2023\u201d, las inscripciones iniciaron desde 3 y terminan el 14 de julio en la Unidad Deportiva en el que aprender\u00e1n ajedrez, atletismo, basquetbol, beisbol, box, futbol, voleibol, actividad f\u00edsica y gimnasia r\u00edtmica dirigido a ni\u00f1os de 6 a 14 a\u00f1os.<\/p>\n<p>Del 15 al 30 de julio inician las inscripciones para el \u201cCampamento de Verano entre Hadas y Duendes\u201d,\u00a0 que se realizar\u00e1 del 3 al 5 de agosto en Estaci\u00f3n Palabra \u201cGabriel Garc\u00eda M\u00e1rquez\u201d.\u00a0<\/p>\n<p>Desde este lunes 10 al 14 de julio las inscripciones dieron inicio para el curso de verano \u201cMis Vacaciones en la Biblioteca 2023\u201d, el cual ser\u00e1 del 31 de julio al 11 de agosto en las diferentes bibliotecas p\u00fablicas de la ciudad.<\/p>\n<p>Para los menores que tengan\u00a0 rezago acad\u00e9mico se llevar\u00e1 a cabo el programa de \u201cApoyo Integral, Educativo y Emocional\u201d, y las inscripciones dar\u00e1n inicio del 17 al 21 de julio.<\/p>\n<p>Las inscripciones para el Campamento de Museo Reyes Meza e Historia Natural inician el 1 al 4 de agosto en el este recinto; Las inscripciones para los Talleres de Iniciaci\u00f3n Art\u00edstica que ser\u00e1n en las diferentes Casas de la Cultura inician tambi\u00e9n del 1 al 4 de agosto.<\/p>\n<p>En la direcci\u00f3n de Protecci\u00f3n Civil se llevar\u00e1 a cabo el curso \u201cBombero Junior\u201d en el que a\u00fan hay espacios para que ni\u00f1os de 7 a 12 a\u00f1os acudan a divertirse y aprender.<\/p>\n<p>En las diversas\u00a0 actividades se necesita la siguiente papeler\u00eda copia de la credencial de elector del padre, madre o tutor, copia del CURP del menor, llenar una ficha de registro.<\/p>\n<p>Por parte de la secretar\u00eda de Bienestar Social realizar\u00e1 el \u201cEl Campamento de verano 2023 Descubriendo un Mundo Salvaje\u201d, los interesados deber\u00e1n inscribirse a partir del s\u00e1bado 15 de julio al s\u00e1bado 22 de julio de martes a domingo de 11:00 de la ma\u00f1ana\u00a0 a 1:30 de la tarde y de las 3:00 a 5:00 de la tarde en el Zool\u00f3gico Municipal.<\/p>\n<p>Est\u00e1 dirigido a ni\u00f1os y ni\u00f1as de 6 a 13 a\u00f1os de edad, y el costo de recuperaci\u00f3n es de 500 pesos del kit de bienvenida que incluye alimentos para los d\u00edas que durar\u00e1 dicha actividad. Para solicitar mayor informaci\u00f3n sobre los diferentes cursos la poblaci\u00f3n puede marcar al n\u00famero de tel\u00e9fono de la direcci\u00f3n de educaci\u00f3n 867 711 35 05; al 867 719 47 82, en la oficina de la direcci\u00f3n de Cultura, F\u00edsica y Deportes; en la direcci\u00f3n de Bibliotecas al n\u00famero 867 717 34 17.<\/p>\n","protected":false},"excerpt":{"rendered":"<p>Ofrecen cursos de ajedrez, atletismo, basquetbol, b\u00e9isbol, box, futbol, voleibol, actividad f\u00edsica, gimnasia r\u00edtmica, campamento en Estaci\u00f3n Palabra y otras actividades<\/p>\n","protected":false},"author":1,"featured_media":2676,"comment_status":"closed","ping_status":"closed","sticky":false,"template":"","format":"standard","meta":{"_crdt_document":"","_jetpack_memberships_contains_paid_content":false,"footnotes":"","jetpack_publicize_message":"","jetpack_publicize_feature_enabled":true,"jetpack_social_post_already_shared":true,"jetpack_social_options":{"image_generator_settings":{"template":"highway","default_image_id":0,"font":"","enabled":false},"version":2},"_wpas_customize_per_network":false},"categories":[4],"tags":[],"class_list":["post-2675","post","type-post","status-publish","format-standard","has-post-thumbnail","hentry","category-los-dos-laredos"],"magazineBlocksPostFeaturedMedia":{"thumbnail":"https:\/\/pornuestrolaredo.com\/wp-content\/uploads\/2023\/07\/PNL-20230712-5-150x150.jpg","medium":"https:\/\/pornuestrolaredo.com\/wp-content\/uploads\/2023\/07\/PNL-20230712-5-300x151.jpg","medium_large":"https:\/\/pornuestrolaredo.com\/wp-content\/uploads\/2023\/07\/PNL-20230712-5-768x386.jpg","large":"https:\/\/pornuestrolaredo.com\/wp-content\/uploads\/2023\/07\/PNL-20230712-5-1000x502.jpg","1536x1536":"https:\/\/pornuestrolaredo.com\/wp-content\/uploads\/2023\/07\/PNL-20230712-5.jpg","2048x2048":"https:\/\/pornuestrolaredo.com\/wp-content\/uploads\/2023\/07\/PNL-20230712-5.jpg","morenews-large":"https:\/\/pornuestrolaredo.com\/wp-content\/uploads\/2023\/07\/PNL-20230712-5.jpg","morenews-medium":"https:\/\/pornuestrolaredo.com\/wp-content\/uploads\/2023\/07\/PNL-20230712-5.jpg"},"magazineBlocksPostAuthor":{"name":"Redactor","avatar":"https:\/\/pornuestrolaredo.com\/wp-content\/litespeed\/avatar\/dca1d7ec750c399f025f23b0b314f4cf.jpg?ver=1777007253"},"magazineBlocksPostCommentsNumber":false,"magazineBlocksPostExcerpt":"Ofrecen cursos de ajedrez, atletismo, basquetbol, b\u00e9isbol, box, futbol, voleibol, actividad f\u00edsica, gimnasia r\u00edtmica, campamento en Estaci\u00f3n Palabra y otras actividades","magazineBlocksPostCategories":["Los dos Laredos"],"magazineBlocksPostViewCount":129,"magazineBlocksPostReadTime":3,"magazine_blocks_featured_image_url":{"full":["https:\/\/pornuestrolaredo.com\/wp-content\/uploads\/2023\/07\/PNL-20230712-5.jpg",1280,643,false],"medium":["https:\/\/pornuestrolaredo.com\/wp-content\/uploads\/2023\/07\/PNL-20230712-5-300x151.jpg",300,151,true],"thumbnail":["https:\/\/pornuestrolaredo.com\/wp-content\/uploads\/2023\/07\/PNL-20230712-5-150x150.jpg",150,150,true]},"magazine_blocks_author":{"display_name":"Redactor","author_link":"https:\/\/pornuestrolaredo.com\/?author=1"},"magazine_blocks_comment":0,"magazine_blocks_author_image":"https:\/\/pornuestrolaredo.com\/wp-content\/litespeed\/avatar\/dca1d7ec750c399f025f23b0b314f4cf.jpg?ver=1777007253","magazine_blocks_category":"<a href=\"#\" class=\"category-link category-link-4\">Los dos Laredos<\/a>","jetpack_publicize_connections":[],"featured_image_urls":{"full":["https:\/\/pornuestrolaredo.com\/wp-content\/uploads\/2023\/07\/PNL-20230712-5.jpg",1280,643,false],"thumbnail":["https:\/\/pornuestrolaredo.com\/wp-content\/uploads\/2023\/07\/PNL-20230712-5-150x150.jpg",150,150,true],"medium":["https:\/\/pornuestrolaredo.com\/wp-content\/uploads\/2023\/07\/PNL-20230712-5-300x151.jpg",300,151,true],"medium_large":["https:\/\/pornuestrolaredo.com\/wp-content\/uploads\/2023\/07\/PNL-20230712-5-768x386.jpg",640,322,true],"large":["https:\/\/pornuestrolaredo.com\/wp-content\/uploads\/2023\/07\/PNL-20230712-5-1000x502.jpg",640,321,true],"1536x1536":["https:\/\/pornuestrolaredo.com\/wp-content\/uploads\/2023\/07\/PNL-20230712-5.jpg",1280,643,false],"2048x2048":["https:\/\/pornuestrolaredo.com\/wp-content\/uploads\/2023\/07\/PNL-20230712-5.jpg",1280,643,false],"morenews-large":["https:\/\/pornuestrolaredo.com\/wp-content\/uploads\/2023\/07\/PNL-20230712-5.jpg",825,414,false],"morenews-medium":["https:\/\/pornuestrolaredo.com\/wp-content\/uploads\/2023\/07\/PNL-20230712-5.jpg",590,296,false]},"author_info":{"info":["Redactor"]},"category_info":"<a href=\"https:\/\/pornuestrolaredo.com\/?cat=4\" rel=\"category\">Los dos Laredos<\/a>","tag_info":"Los dos Laredos","comment_count":"0","jetpack_featured_media_url":"https:\/\/pornuestrolaredo.com\/wp-content\/uploads\/2023\/07\/PNL-20230712-5.jpg","jetpack_sharing_enabled":true,"_links":{"self":[{"href":"https:\/\/pornuestrolaredo.com\/index.php?rest_route=\/wp\/v2\/posts\/2675","targetHints":{"allow":["GET"]}}],"collection":[{"href":"https:\/\/pornuestrolaredo.com\/index.php?rest_route=\/wp\/v2\/posts"}],"about":[{"href":"https:\/\/pornuestrolaredo.com\/index.php?rest_route=\/wp\/v2\/types\/post"}],"author":[{"embeddable":true,"href":"https:\/\/pornuestrolaredo.com\/index.php?rest_route=\/wp\/v2\/users\/1"}],"replies":[{"embeddable":true,"href":"https:\/\/pornuestrolaredo.com\/index.php?rest_route=%2Fwp%2Fv2%2Fcomments&post=2675"}],"version-history":[{"count":2,"href":"https:\/\/pornuestrolaredo.com\/index.php?rest_route=\/wp\/v2\/posts\/2675\/revisions"}],"predecessor-version":[{"id":2678,"href":"https:\/\/pornuestrolaredo.com\/index.php?rest_route=\/wp\/v2\/posts\/2675\/revisions\/2678"}],"wp:featuredmedia":[{"embeddable":true,"href":"https:\/\/pornuestrolaredo.com\/index.php?rest_route=\/wp\/v2\/media\/2676"}],"wp:attachment":[{"href":"https:\/\/pornuestrolaredo.com\/index.php?rest_route=%2Fwp%2Fv2%2Fmedia&parent=2675"}],"wp:term":[{"taxonomy":"category","embeddable":true,"href":"https:\/\/pornuestrolaredo.com\/index.php?rest_route=%2Fwp%2Fv2%2Fcategories&post=2675"},{"taxonomy":"post_tag","embeddable":true,"href":"https:\/\/pornuestrolaredo.com\/index.php?rest_route=%2Fwp%2Fv2%2Ftags&post=2675"}],"curies":[{"name":"wp","href":"https:\/\/api.w.org\/{rel}","templated":true}]}}