{"id":2681,"date":"2023-07-14T03:46:28","date_gmt":"2023-07-14T03:46:28","guid":{"rendered":"https:\/\/pornuestrolaredo.com\/?p=2681"},"modified":"2023-07-14T03:51:22","modified_gmt":"2023-07-14T03:51:22","slug":"capta-james-webb-nacimiento-de-nuevas-estrellas","status":"publish","type":"post","link":"https:\/\/pornuestrolaredo.com\/?p=2681","title":{"rendered":"Capta James Webb nacimiento de nuevas estrellas"},"content":{"rendered":"<p><strong>MIAMI.- <\/strong>La NASA divulg\u00f3 a mitad de esta semana una imagen nueva y espectacular del nacimiento de estrellas similares al Sol en la que se ve chorros de gas rojo estallando en el cosmos y polvo incandescente, coincidiendo con el aniversario del telescopio espacial James Webb.<\/p>\n<p>Provienen de la regi\u00f3n de formaci\u00f3n estelar m\u00e1s cercana a la Tierra, a 390 a\u00f1os luz, situada en la nube de gas Rho Ophiuchi.<\/p>\n<p>Esta imagen, que contiene unas 50 estrellas j\u00f3venes de un tama\u00f1o similar al Sol, &#8220;nos permite ser testigos de un brev\u00edsimo periodo del ciclo vital estelar con una nueva claridad&#8221;, declar\u00f3 Klaus Pontoppidan, cient\u00edfico del proyecto Webb.<\/p>\n<p>&#8220;Nuestro propio Sol experiment\u00f3 una fase como \u00e9sta, hace mucho tiempo&#8221;.<\/p>\n<p>El 12 de julio de 2022, la agencia espacial estadounidense revel\u00f3 las primeras im\u00e1genes en color de su nuevo observatorio espacial. Esto marc\u00f3 el inicio de las operaciones cient\u00edficas de esta joya tecnol\u00f3gica, situada a 1.5 millones de kil\u00f3metros de la Tierra.<\/p>\n<p>&#8220;En solo un a\u00f1o, el telescopio espacial James Webb ha transformado la visi\u00f3n del cosmos que tiene la humanidad, asom\u00e1ndose a las nubes de polvo y viendo por primera vez la luz de rincones lejanos del universo&#8221;, declar\u00f3 Bill Nelson, jefe de la NASA.<\/p>\n<p>&#8220;Cada nueva imagen es un nuevo descubrimiento, que permite a cient\u00edficos de todo el mundo plantear y responder preguntas que antes ni siquiera pod\u00edan so\u00f1ar&#8221;.<\/p>\n<p>Para este primer aniversario, la NASA prev\u00e9 repasar el primer a\u00f1o de descubrimientos durante una retransmisi\u00f3n de video en directo a trav\u00e9s de internet.<\/p>\n<p>INFRARROJOS<\/p>\n<p>Desde hace un a\u00f1o, James Webb deslumbra a los astr\u00f3nomos con im\u00e1genes de una precisi\u00f3n sin precedentes.<\/p>\n<p>Observ\u00f3 la galaxia m\u00e1s lejana jam\u00e1s detectada y agujeros negros y midi\u00f3 por primera vez la temperatura de planetas rocosos lejanos similares a la Tierra, cuya atm\u00f3sfera comenz\u00f3 a analizar. Sus observaciones han dado lugar a un mar de estudios cient\u00edficos.<\/p>\n<p>Una de las principales misiones del telescopio es explorar el universo. Tambi\u00e9n examina los exoplanetas, es decir, los planetas situados fuera del sistema solar y ayudar\u00e1 a comprender mejor la formaci\u00f3n y el ciclo de vida de las estrellas.<\/p>\n<p>Entre las im\u00e1genes espectaculares que nos regal\u00f3 en octubre figura la de los emblem\u00e1ticos &#8220;Pilares de la Creaci\u00f3n&#8221;, inmensas estructuras de gas y polvo repletas de estrellas en formaci\u00f3n, a 6 mil 500 a\u00f1os luz de la Tierra, en nuestra galaxia, la V\u00eda L\u00e1ctea.<\/p>\n<p>El observatorio cost\u00f3 10 mil millones de d\u00f3lares y d\u00e9cadas de trabajo. Es el sucesor del telescopio espacial Hubble, a\u00fan en funcionamiento, pero a diferencia de este, que observa el universo principalmente en el espectro visible, James Webb opera en infrarrojos.<\/p>\n<p>Esto le permite detectar una luz mucho m\u00e1s d\u00e9bil y, por tanto, ver mucho m\u00e1s lejos.<br \/>\nComo esta longitud de onda es imperceptible al ojo humano, las im\u00e1genes &#8220;se traducen&#8221; a colores visibles.<\/p>\n<p>La regi\u00f3n captada por la imagen publicada el mi\u00e9rcoles es &#8220;completamente sombr\u00eda cuando se observa con el Hubble&#8221;, explic\u00f3 Klaus Pontoppidan en Twitter.<\/p>\n<p>James Webb dispone de combustible suficiente para funcionar durante 20 a\u00f1os.<br \/>\nInvestigadores de todo el mundo pueden reservar tiempo de observaci\u00f3n con el telescopio.<\/p>\n<p>&#8220;Hemos seleccionado un ambicioso conjunto de observaciones para el segundo a\u00f1o, bas\u00e1ndonos en todo lo que hemos aprendido hasta ahora&#8221;, dijo Jane Rigby, del centro espacial Goddard de la NASA. &#8220;La misi\u00f3n cient\u00edfica de James Webb no ha hecho m\u00e1s que empezar&#8221;.<\/p>\n","protected":false},"excerpt":{"rendered":"<p>La cuna de estos nuevos soles se ubica en la nube de gas Rho Ophiuchi, a unos 390 a\u00f1os luz de la Tierra<\/p>\n","protected":false},"author":1,"featured_media":2687,"comment_status":"closed","ping_status":"closed","sticky":false,"template":"","format":"standard","meta":{"_crdt_document":"","_jetpack_memberships_contains_paid_content":false,"footnotes":"","jetpack_publicize_message":"","jetpack_publicize_feature_enabled":true,"jetpack_social_post_already_shared":true,"jetpack_social_options":{"image_generator_settings":{"template":"highway","default_image_id":0,"font":"","enabled":false},"version":2},"_wpas_customize_per_network":false},"categories":[9],"tags":[],"class_list":["post-2681","post","type-post","status-publish","format-standard","has-post-thumbnail","hentry","category-el-mundo"],"magazineBlocksPostFeaturedMedia":{"thumbnail":"https:\/\/pornuestrolaredo.com\/wp-content\/uploads\/2023\/07\/107FM-20230713-1-150x150.jpg","medium":"https:\/\/pornuestrolaredo.com\/wp-content\/uploads\/2023\/07\/107FM-20230713-1-300x169.jpg","medium_large":"https:\/\/pornuestrolaredo.com\/wp-content\/uploads\/2023\/07\/107FM-20230713-1-768x432.jpg","large":"https:\/\/pornuestrolaredo.com\/wp-content\/uploads\/2023\/07\/107FM-20230713-1.jpg","1536x1536":"https:\/\/pornuestrolaredo.com\/wp-content\/uploads\/2023\/07\/107FM-20230713-1.jpg","2048x2048":"https:\/\/pornuestrolaredo.com\/wp-content\/uploads\/2023\/07\/107FM-20230713-1.jpg","morenews-large":"https:\/\/pornuestrolaredo.com\/wp-content\/uploads\/2023\/07\/107FM-20230713-1.jpg","morenews-medium":"https:\/\/pornuestrolaredo.com\/wp-content\/uploads\/2023\/07\/107FM-20230713-1.jpg"},"magazineBlocksPostAuthor":{"name":"Redactor","avatar":"https:\/\/pornuestrolaredo.com\/wp-content\/litespeed\/avatar\/dca1d7ec750c399f025f23b0b314f4cf.jpg?ver=1777007253"},"magazineBlocksPostCommentsNumber":false,"magazineBlocksPostExcerpt":"La cuna de estos nuevos soles se ubica en la nube de gas Rho Ophiuchi, a unos 390 a\u00f1os luz de la Tierra","magazineBlocksPostCategories":["El Mundo"],"magazineBlocksPostViewCount":106,"magazineBlocksPostReadTime":4,"magazine_blocks_featured_image_url":{"full":["https:\/\/pornuestrolaredo.com\/wp-content\/uploads\/2023\/07\/107FM-20230713-1.jpg",1000,563,false],"medium":["https:\/\/pornuestrolaredo.com\/wp-content\/uploads\/2023\/07\/107FM-20230713-1-300x169.jpg",300,169,true],"thumbnail":["https:\/\/pornuestrolaredo.com\/wp-content\/uploads\/2023\/07\/107FM-20230713-1-150x150.jpg",150,150,true]},"magazine_blocks_author":{"display_name":"Redactor","author_link":"https:\/\/pornuestrolaredo.com\/?author=1"},"magazine_blocks_comment":0,"magazine_blocks_author_image":"https:\/\/pornuestrolaredo.com\/wp-content\/litespeed\/avatar\/dca1d7ec750c399f025f23b0b314f4cf.jpg?ver=1777007253","magazine_blocks_category":"<a href=\"#\" class=\"category-link category-link-9\">El Mundo<\/a>","jetpack_publicize_connections":[],"featured_image_urls":{"full":["https:\/\/pornuestrolaredo.com\/wp-content\/uploads\/2023\/07\/107FM-20230713-1.jpg",1000,563,false],"thumbnail":["https:\/\/pornuestrolaredo.com\/wp-content\/uploads\/2023\/07\/107FM-20230713-1-150x150.jpg",150,150,true],"medium":["https:\/\/pornuestrolaredo.com\/wp-content\/uploads\/2023\/07\/107FM-20230713-1-300x169.jpg",300,169,true],"medium_large":["https:\/\/pornuestrolaredo.com\/wp-content\/uploads\/2023\/07\/107FM-20230713-1-768x432.jpg",640,360,true],"large":["https:\/\/pornuestrolaredo.com\/wp-content\/uploads\/2023\/07\/107FM-20230713-1.jpg",640,360,false],"1536x1536":["https:\/\/pornuestrolaredo.com\/wp-content\/uploads\/2023\/07\/107FM-20230713-1.jpg",1000,563,false],"2048x2048":["https:\/\/pornuestrolaredo.com\/wp-content\/uploads\/2023\/07\/107FM-20230713-1.jpg",1000,563,false],"morenews-large":["https:\/\/pornuestrolaredo.com\/wp-content\/uploads\/2023\/07\/107FM-20230713-1.jpg",825,464,false],"morenews-medium":["https:\/\/pornuestrolaredo.com\/wp-content\/uploads\/2023\/07\/107FM-20230713-1.jpg",590,332,false]},"author_info":{"info":["Redactor"]},"category_info":"<a href=\"https:\/\/pornuestrolaredo.com\/?cat=9\" rel=\"category\">El Mundo<\/a>","tag_info":"El Mundo","comment_count":"0","jetpack_featured_media_url":"https:\/\/pornuestrolaredo.com\/wp-content\/uploads\/2023\/07\/107FM-20230713-1.jpg","jetpack_sharing_enabled":true,"_links":{"self":[{"href":"https:\/\/pornuestrolaredo.com\/index.php?rest_route=\/wp\/v2\/posts\/2681","targetHints":{"allow":["GET"]}}],"collection":[{"href":"https:\/\/pornuestrolaredo.com\/index.php?rest_route=\/wp\/v2\/posts"}],"about":[{"href":"https:\/\/pornuestrolaredo.com\/index.php?rest_route=\/wp\/v2\/types\/post"}],"author":[{"embeddable":true,"href":"https:\/\/pornuestrolaredo.com\/index.php?rest_route=\/wp\/v2\/users\/1"}],"replies":[{"embeddable":true,"href":"https:\/\/pornuestrolaredo.com\/index.php?rest_route=%2Fwp%2Fv2%2Fcomments&post=2681"}],"version-history":[{"count":4,"href":"https:\/\/pornuestrolaredo.com\/index.php?rest_route=\/wp\/v2\/posts\/2681\/revisions"}],"predecessor-version":[{"id":2686,"href":"https:\/\/pornuestrolaredo.com\/index.php?rest_route=\/wp\/v2\/posts\/2681\/revisions\/2686"}],"wp:featuredmedia":[{"embeddable":true,"href":"https:\/\/pornuestrolaredo.com\/index.php?rest_route=\/wp\/v2\/media\/2687"}],"wp:attachment":[{"href":"https:\/\/pornuestrolaredo.com\/index.php?rest_route=%2Fwp%2Fv2%2Fmedia&parent=2681"}],"wp:term":[{"taxonomy":"category","embeddable":true,"href":"https:\/\/pornuestrolaredo.com\/index.php?rest_route=%2Fwp%2Fv2%2Fcategories&post=2681"},{"taxonomy":"post_tag","embeddable":true,"href":"https:\/\/pornuestrolaredo.com\/index.php?rest_route=%2Fwp%2Fv2%2Ftags&post=2681"}],"curies":[{"name":"wp","href":"https:\/\/api.w.org\/{rel}","templated":true}]}}