{"id":2688,"date":"2023-07-14T04:24:41","date_gmt":"2023-07-14T04:24:41","guid":{"rendered":"https:\/\/pornuestrolaredo.com\/?p=2688"},"modified":"2023-07-14T04:38:00","modified_gmt":"2023-07-14T04:38:00","slug":"daran-becas-a-los-artistas-urbanos-de-nld","status":"publish","type":"post","link":"https:\/\/pornuestrolaredo.com\/?p=2688","title":{"rendered":"Dar\u00e1n becas a los artistas urbanos de NLD"},"content":{"rendered":"<p><strong>NUEVO LAREDO.-<\/strong> Como parte de la transformaci\u00f3n que vive Nuevo Laredo y para seguir impulsando el talento local se lanz\u00f3 la convocatoria de un nuevo Fondo Cultural para el Desarrollo Art\u00edstico Urbano UNE 2023.<\/p>\n<p>La alcaldesa Carmen Lilia Canturosas Villarreal inform\u00f3 que esta es la primera vez que un gobierno municipal otorgar\u00e1 una beca dirigida a artistas urbanos y que esta iniciativa se tom\u00f3 en respuesta y apoyo a la notable cantidad de talentosos creadores que, a trav\u00e9s de su arte en forma de grafitis o murales, han transformado la imagen de la ciudad. <\/p>\n<p>Explic\u00f3 que se estar\u00e1 becando a quienes cuenten con un proyecto para la creaci\u00f3n de murales y de esta manera formen parte de la nueva era en el fomento al arte urbano.<\/p>\n<blockquote><p>La transformaci\u00f3n de Nuevo Laredo se ha consolidado tambi\u00e9n gracias al impulso que le hemos dado al arte y la cultura, ofreciendo oportunidades de desarrollo para que nuestros artistas generen un cambio en el entorno social a trav\u00e9s de sus obras\u201d, se\u00f1al\u00f3 Canturosas, presidenta municipal.<\/p><\/blockquote>\n<p>El parque Viveros y Mendoza han sido la prueba de la manera positiva en la que se embellecen los espacios mediante el talento local urbano.<\/p>\n<blockquote><p>Los ciudadanos han sido testigos de c\u00f3mo nuestros espacios p\u00fablicos se transforman de manera positiva a trav\u00e9s de los murales, los volcanes de los parques son la prueba m\u00e1s actual de lo que se puede lograr cuando se une el talento de nuestros artistas con iniciativas de gobierno para mejorar el entorno social\u201d, se\u00f1al\u00f3 la presidenta municipal.<\/p><\/blockquote>\n<p>Ernesto Ferrara Theriot, secretario de Educaci\u00f3n, Cultura y Deporte dio a conocer los requisitos para ser parte de la convocatoria dentro de los cuales son contar con un proyecto para creaci\u00f3n de murales urbanos, acta de nacimiento, el CURP, identificaci\u00f3n de elector.<\/p>\n<p>Tambi\u00e9n, curr\u00edculum vitae art\u00edstico, comprobante de domicilio no mayor a tres meses de antig\u00fcedad, boceto a color del mural in\u00e9dito que desee realizar.<\/p>\n<p>El registro ser\u00e1 en l\u00ednea del 7 al 18 de agosto en la p\u00e1gina www.nld.gob.mx  en el apartado de las becas culturales. Los resultados de los beneficiados se publicar\u00e1n el 28 de agosto en la misma p\u00e1gina.<\/p>\n","protected":false},"excerpt":{"rendered":"<p>Se lanza la convocatoria de un nuevo Fondo Cultural para el Desarrollo Art\u00edstico Urbano UNE 2023, del Gobierno Municipal<\/p>\n","protected":false},"author":1,"featured_media":2689,"comment_status":"closed","ping_status":"closed","sticky":false,"template":"","format":"standard","meta":{"_crdt_document":"","_jetpack_memberships_contains_paid_content":false,"footnotes":"","jetpack_publicize_message":"","jetpack_publicize_feature_enabled":true,"jetpack_social_post_already_shared":true,"jetpack_social_options":{"image_generator_settings":{"template":"highway","default_image_id":0,"font":"","enabled":false},"version":2},"_wpas_customize_per_network":false},"categories":[4],"tags":[],"class_list":["post-2688","post","type-post","status-publish","format-standard","has-post-thumbnail","hentry","category-los-dos-laredos"],"magazineBlocksPostFeaturedMedia":{"thumbnail":"https:\/\/pornuestrolaredo.com\/wp-content\/uploads\/2023\/07\/Stereo91-20230713-5-1-150x150.jpg","medium":"https:\/\/pornuestrolaredo.com\/wp-content\/uploads\/2023\/07\/Stereo91-20230713-5-1-300x200.jpg","medium_large":"https:\/\/pornuestrolaredo.com\/wp-content\/uploads\/2023\/07\/Stereo91-20230713-5-1-768x512.jpg","large":"https:\/\/pornuestrolaredo.com\/wp-content\/uploads\/2023\/07\/Stereo91-20230713-5-1-1000x666.jpg","1536x1536":"https:\/\/pornuestrolaredo.com\/wp-content\/uploads\/2023\/07\/Stereo91-20230713-5-1-1536x1023.jpg","2048x2048":"https:\/\/pornuestrolaredo.com\/wp-content\/uploads\/2023\/07\/Stereo91-20230713-5-1.jpg","morenews-large":"https:\/\/pornuestrolaredo.com\/wp-content\/uploads\/2023\/07\/Stereo91-20230713-5-1.jpg","morenews-medium":"https:\/\/pornuestrolaredo.com\/wp-content\/uploads\/2023\/07\/Stereo91-20230713-5-1.jpg"},"magazineBlocksPostAuthor":{"name":"Redactor","avatar":"https:\/\/pornuestrolaredo.com\/wp-content\/litespeed\/avatar\/dca1d7ec750c399f025f23b0b314f4cf.jpg?ver=1777007253"},"magazineBlocksPostCommentsNumber":false,"magazineBlocksPostExcerpt":"Se lanza la convocatoria de un nuevo Fondo Cultural para el Desarrollo Art\u00edstico Urbano UNE 2023, del Gobierno Municipal","magazineBlocksPostCategories":["Los dos Laredos"],"magazineBlocksPostViewCount":129,"magazineBlocksPostReadTime":2,"magazine_blocks_featured_image_url":{"full":["https:\/\/pornuestrolaredo.com\/wp-content\/uploads\/2023\/07\/Stereo91-20230713-5-1.jpg",1600,1066,false],"medium":["https:\/\/pornuestrolaredo.com\/wp-content\/uploads\/2023\/07\/Stereo91-20230713-5-1-300x200.jpg",300,200,true],"thumbnail":["https:\/\/pornuestrolaredo.com\/wp-content\/uploads\/2023\/07\/Stereo91-20230713-5-1-150x150.jpg",150,150,true]},"magazine_blocks_author":{"display_name":"Redactor","author_link":"https:\/\/pornuestrolaredo.com\/?author=1"},"magazine_blocks_comment":0,"magazine_blocks_author_image":"https:\/\/pornuestrolaredo.com\/wp-content\/litespeed\/avatar\/dca1d7ec750c399f025f23b0b314f4cf.jpg?ver=1777007253","magazine_blocks_category":"<a href=\"#\" class=\"category-link category-link-4\">Los dos Laredos<\/a>","jetpack_publicize_connections":[],"featured_image_urls":{"full":["https:\/\/pornuestrolaredo.com\/wp-content\/uploads\/2023\/07\/Stereo91-20230713-5-1.jpg",1600,1066,false],"thumbnail":["https:\/\/pornuestrolaredo.com\/wp-content\/uploads\/2023\/07\/Stereo91-20230713-5-1-150x150.jpg",150,150,true],"medium":["https:\/\/pornuestrolaredo.com\/wp-content\/uploads\/2023\/07\/Stereo91-20230713-5-1-300x200.jpg",300,200,true],"medium_large":["https:\/\/pornuestrolaredo.com\/wp-content\/uploads\/2023\/07\/Stereo91-20230713-5-1-768x512.jpg",640,427,true],"large":["https:\/\/pornuestrolaredo.com\/wp-content\/uploads\/2023\/07\/Stereo91-20230713-5-1-1000x666.jpg",640,426,true],"1536x1536":["https:\/\/pornuestrolaredo.com\/wp-content\/uploads\/2023\/07\/Stereo91-20230713-5-1-1536x1023.jpg",1536,1023,true],"2048x2048":["https:\/\/pornuestrolaredo.com\/wp-content\/uploads\/2023\/07\/Stereo91-20230713-5-1.jpg",1600,1066,false],"morenews-large":["https:\/\/pornuestrolaredo.com\/wp-content\/uploads\/2023\/07\/Stereo91-20230713-5-1.jpg",825,550,false],"morenews-medium":["https:\/\/pornuestrolaredo.com\/wp-content\/uploads\/2023\/07\/Stereo91-20230713-5-1.jpg",590,393,false]},"author_info":{"info":["Redactor"]},"category_info":"<a href=\"https:\/\/pornuestrolaredo.com\/?cat=4\" rel=\"category\">Los dos Laredos<\/a>","tag_info":"Los dos Laredos","comment_count":"0","jetpack_featured_media_url":"https:\/\/pornuestrolaredo.com\/wp-content\/uploads\/2023\/07\/Stereo91-20230713-5-1.jpg","jetpack_sharing_enabled":true,"_links":{"self":[{"href":"https:\/\/pornuestrolaredo.com\/index.php?rest_route=\/wp\/v2\/posts\/2688","targetHints":{"allow":["GET"]}}],"collection":[{"href":"https:\/\/pornuestrolaredo.com\/index.php?rest_route=\/wp\/v2\/posts"}],"about":[{"href":"https:\/\/pornuestrolaredo.com\/index.php?rest_route=\/wp\/v2\/types\/post"}],"author":[{"embeddable":true,"href":"https:\/\/pornuestrolaredo.com\/index.php?rest_route=\/wp\/v2\/users\/1"}],"replies":[{"embeddable":true,"href":"https:\/\/pornuestrolaredo.com\/index.php?rest_route=%2Fwp%2Fv2%2Fcomments&post=2688"}],"version-history":[{"count":1,"href":"https:\/\/pornuestrolaredo.com\/index.php?rest_route=\/wp\/v2\/posts\/2688\/revisions"}],"predecessor-version":[{"id":2690,"href":"https:\/\/pornuestrolaredo.com\/index.php?rest_route=\/wp\/v2\/posts\/2688\/revisions\/2690"}],"wp:featuredmedia":[{"embeddable":true,"href":"https:\/\/pornuestrolaredo.com\/index.php?rest_route=\/wp\/v2\/media\/2689"}],"wp:attachment":[{"href":"https:\/\/pornuestrolaredo.com\/index.php?rest_route=%2Fwp%2Fv2%2Fmedia&parent=2688"}],"wp:term":[{"taxonomy":"category","embeddable":true,"href":"https:\/\/pornuestrolaredo.com\/index.php?rest_route=%2Fwp%2Fv2%2Fcategories&post=2688"},{"taxonomy":"post_tag","embeddable":true,"href":"https:\/\/pornuestrolaredo.com\/index.php?rest_route=%2Fwp%2Fv2%2Ftags&post=2688"}],"curies":[{"name":"wp","href":"https:\/\/api.w.org\/{rel}","templated":true}]}}