{"id":2691,"date":"2023-07-14T04:47:36","date_gmt":"2023-07-14T04:47:36","guid":{"rendered":"https:\/\/pornuestrolaredo.com\/?p=2691"},"modified":"2023-07-14T04:47:36","modified_gmt":"2023-07-14T04:47:36","slug":"buscas-trabajo-hoy-habra-empleo-en-tu-colonia","status":"publish","type":"post","link":"https:\/\/pornuestrolaredo.com\/?p=2691","title":{"rendered":"\u00bfBuscas trabajo? Hoy habr\u00e1 Empleo en tu Colonia"},"content":{"rendered":"<p><strong><em>NUEVO LAREDO.-<\/em><\/strong> Este viernes el gobierno municipal llevar\u00e1 a cabo el programa \u201cEmpleo en tu Colonia\u201d en la que m\u00e1s de 20 empresas con 800 vacantes de diferentes rubros estar\u00e1n ofreciendo opciones laborales para la ciudadan\u00eda.<\/p>\n<p>El secretario de Desarrollo Econ\u00f3mico, Rolando Guevara Gonz\u00e1lez, inform\u00f3 que por medio de este programa municipal se han vinculado a m\u00e1s de 6 mil personas con empresas de diversos giros en tan solo este a\u00f1o,  por lo que hizo la invitaci\u00f3n a la ciudadan\u00eda para encontrar una opci\u00f3n laboral. <\/p>\n<blockquote><p>Invitamos a todas las personas que no tengan empleo para que se acerquen estoy seguro que alguna de las empresas requiere del perfil con el que cuentan, seguramente encontrar\u00e1n una opci\u00f3n laboral\u201d, mencion\u00f3 Rolando Guevara Gonz\u00e1lez, secretario de Desarrollo Econ\u00f3mico.<\/p><\/blockquote>\n<p>Ser\u00e1 este viernes 14 de julio a partir de las 9:00 de la ma\u00f1ana a 1:00 de la tarde en la Explanada Esteban Baca Calder\u00f3n ubicada en avenida Guerrero entre Maclovio Herrara y H\u00e9roe de Nacataz.<\/p>\n<p>Ah\u00ed los ciudadanos tendr\u00e1n la oportunidad de encontrar un trabajo en maquiladoras, empresas transportistas, agencias aduanales, empresas comerciales y de servicios.<\/p>\n","protected":false},"excerpt":{"rendered":"<p>M\u00e1s de 20 empresas ofertar\u00e1n 800 puestos de trabajo en la Explanada Esteban Baca Calder\u00f3n<\/p>\n","protected":false},"author":1,"featured_media":2693,"comment_status":"closed","ping_status":"closed","sticky":false,"template":"","format":"standard","meta":{"_crdt_document":"","_jetpack_memberships_contains_paid_content":false,"footnotes":"","jetpack_publicize_message":"","jetpack_publicize_feature_enabled":true,"jetpack_social_post_already_shared":true,"jetpack_social_options":{"image_generator_settings":{"template":"highway","default_image_id":0,"font":"","enabled":false},"version":2},"_wpas_customize_per_network":false},"categories":[4],"tags":[],"class_list":["post-2691","post","type-post","status-publish","format-standard","has-post-thumbnail","hentry","category-los-dos-laredos"],"magazineBlocksPostFeaturedMedia":{"thumbnail":"https:\/\/pornuestrolaredo.com\/wp-content\/uploads\/2023\/07\/PNL-20230713-6-150x150.jpg","medium":"https:\/\/pornuestrolaredo.com\/wp-content\/uploads\/2023\/07\/PNL-20230713-6-300x200.jpg","medium_large":"https:\/\/pornuestrolaredo.com\/wp-content\/uploads\/2023\/07\/PNL-20230713-6-768x511.jpg","large":"https:\/\/pornuestrolaredo.com\/wp-content\/uploads\/2023\/07\/PNL-20230713-6.jpg","1536x1536":"https:\/\/pornuestrolaredo.com\/wp-content\/uploads\/2023\/07\/PNL-20230713-6.jpg","2048x2048":"https:\/\/pornuestrolaredo.com\/wp-content\/uploads\/2023\/07\/PNL-20230713-6.jpg","morenews-large":"https:\/\/pornuestrolaredo.com\/wp-content\/uploads\/2023\/07\/PNL-20230713-6.jpg","morenews-medium":"https:\/\/pornuestrolaredo.com\/wp-content\/uploads\/2023\/07\/PNL-20230713-6.jpg"},"magazineBlocksPostAuthor":{"name":"Redactor","avatar":"https:\/\/pornuestrolaredo.com\/wp-content\/litespeed\/avatar\/dca1d7ec750c399f025f23b0b314f4cf.jpg?ver=1777007253"},"magazineBlocksPostCommentsNumber":false,"magazineBlocksPostExcerpt":"M\u00e1s de 20 empresas ofertar\u00e1n 800 puestos de trabajo en la Explanada Esteban Baca Calder\u00f3n","magazineBlocksPostCategories":["Los dos Laredos"],"magazineBlocksPostViewCount":132,"magazineBlocksPostReadTime":1,"magazine_blocks_featured_image_url":{"full":["https:\/\/pornuestrolaredo.com\/wp-content\/uploads\/2023\/07\/PNL-20230713-6.jpg",1000,666,false],"medium":["https:\/\/pornuestrolaredo.com\/wp-content\/uploads\/2023\/07\/PNL-20230713-6-300x200.jpg",300,200,true],"thumbnail":["https:\/\/pornuestrolaredo.com\/wp-content\/uploads\/2023\/07\/PNL-20230713-6-150x150.jpg",150,150,true]},"magazine_blocks_author":{"display_name":"Redactor","author_link":"https:\/\/pornuestrolaredo.com\/?author=1"},"magazine_blocks_comment":0,"magazine_blocks_author_image":"https:\/\/pornuestrolaredo.com\/wp-content\/litespeed\/avatar\/dca1d7ec750c399f025f23b0b314f4cf.jpg?ver=1777007253","magazine_blocks_category":"<a href=\"#\" class=\"category-link category-link-4\">Los dos Laredos<\/a>","jetpack_publicize_connections":[],"featured_image_urls":{"full":["https:\/\/pornuestrolaredo.com\/wp-content\/uploads\/2023\/07\/PNL-20230713-6.jpg",1000,666,false],"thumbnail":["https:\/\/pornuestrolaredo.com\/wp-content\/uploads\/2023\/07\/PNL-20230713-6-150x150.jpg",150,150,true],"medium":["https:\/\/pornuestrolaredo.com\/wp-content\/uploads\/2023\/07\/PNL-20230713-6-300x200.jpg",300,200,true],"medium_large":["https:\/\/pornuestrolaredo.com\/wp-content\/uploads\/2023\/07\/PNL-20230713-6-768x511.jpg",640,426,true],"large":["https:\/\/pornuestrolaredo.com\/wp-content\/uploads\/2023\/07\/PNL-20230713-6.jpg",640,426,false],"1536x1536":["https:\/\/pornuestrolaredo.com\/wp-content\/uploads\/2023\/07\/PNL-20230713-6.jpg",1000,666,false],"2048x2048":["https:\/\/pornuestrolaredo.com\/wp-content\/uploads\/2023\/07\/PNL-20230713-6.jpg",1000,666,false],"morenews-large":["https:\/\/pornuestrolaredo.com\/wp-content\/uploads\/2023\/07\/PNL-20230713-6.jpg",825,549,false],"morenews-medium":["https:\/\/pornuestrolaredo.com\/wp-content\/uploads\/2023\/07\/PNL-20230713-6.jpg",590,393,false]},"author_info":{"info":["Redactor"]},"category_info":"<a href=\"https:\/\/pornuestrolaredo.com\/?cat=4\" rel=\"category\">Los dos Laredos<\/a>","tag_info":"Los dos Laredos","comment_count":"0","jetpack_featured_media_url":"https:\/\/pornuestrolaredo.com\/wp-content\/uploads\/2023\/07\/PNL-20230713-6.jpg","jetpack_sharing_enabled":true,"_links":{"self":[{"href":"https:\/\/pornuestrolaredo.com\/index.php?rest_route=\/wp\/v2\/posts\/2691","targetHints":{"allow":["GET"]}}],"collection":[{"href":"https:\/\/pornuestrolaredo.com\/index.php?rest_route=\/wp\/v2\/posts"}],"about":[{"href":"https:\/\/pornuestrolaredo.com\/index.php?rest_route=\/wp\/v2\/types\/post"}],"author":[{"embeddable":true,"href":"https:\/\/pornuestrolaredo.com\/index.php?rest_route=\/wp\/v2\/users\/1"}],"replies":[{"embeddable":true,"href":"https:\/\/pornuestrolaredo.com\/index.php?rest_route=%2Fwp%2Fv2%2Fcomments&post=2691"}],"version-history":[{"count":2,"href":"https:\/\/pornuestrolaredo.com\/index.php?rest_route=\/wp\/v2\/posts\/2691\/revisions"}],"predecessor-version":[{"id":2695,"href":"https:\/\/pornuestrolaredo.com\/index.php?rest_route=\/wp\/v2\/posts\/2691\/revisions\/2695"}],"wp:featuredmedia":[{"embeddable":true,"href":"https:\/\/pornuestrolaredo.com\/index.php?rest_route=\/wp\/v2\/media\/2693"}],"wp:attachment":[{"href":"https:\/\/pornuestrolaredo.com\/index.php?rest_route=%2Fwp%2Fv2%2Fmedia&parent=2691"}],"wp:term":[{"taxonomy":"category","embeddable":true,"href":"https:\/\/pornuestrolaredo.com\/index.php?rest_route=%2Fwp%2Fv2%2Fcategories&post=2691"},{"taxonomy":"post_tag","embeddable":true,"href":"https:\/\/pornuestrolaredo.com\/index.php?rest_route=%2Fwp%2Fv2%2Ftags&post=2691"}],"curies":[{"name":"wp","href":"https:\/\/api.w.org\/{rel}","templated":true}]}}