{"id":2696,"date":"2023-07-14T04:56:06","date_gmt":"2023-07-14T04:56:06","guid":{"rendered":"https:\/\/pornuestrolaredo.com\/?p=2696"},"modified":"2023-07-14T04:56:06","modified_gmt":"2023-07-14T04:56:06","slug":"llega-polvo-desde-el-sahara-a-tamaulipas","status":"publish","type":"post","link":"https:\/\/pornuestrolaredo.com\/?p=2696","title":{"rendered":"Llega polvo desde el Sahara a Tamaulipas"},"content":{"rendered":"<p>CIUDAD VICTORIA.- A la alerta por la ola de calor en Tamaulipas se le suma una nueva advertencia: la llegada del fen\u00f3meno conocido como \u201cpolvo de Sahara\u201d.<\/p>\n<p>Autoridades de Protecci\u00f3n Civil estatal lanzaron una alerta a la poblaci\u00f3n en la que se indica que desde este jueves por la tarde y durante los pr\u00f3ximos cuatro d\u00edas se podr\u00edan empezar a percibir part\u00edculas de polvo que llegar\u00e1 desde el otro lado del Atl\u00e1ntico, concretamente desde \u00c1frica, del desierto del Sahara.<\/p>\n<p>Sin embargo, testigos afirmaron que desde ayer en la noche se dej\u00f3 sentir el efecto de este fen\u00f3meno, al menos en la capital del Estado.<\/p>\n<p>La Coordinaci\u00f3n Estatal de Protecci\u00f3n Civil del Estado dijo que la entidad se ver\u00e1 impactada a consecuencia de su ubicaci\u00f3n geogr\u00e1fica.<\/p>\n<p>Agreg\u00f3 que el &#8220;polvo del Sahara&#8221; llega a M\u00e9xico a trav\u00e9s del Caribe, despu\u00e9s de dirige al norte, cruza entidades de la costa y otras del centro del pa\u00eds para llegar a los Estados Unidos.<\/p>\n<p>En el llamado a la poblaci\u00f3n, las autoridades exhortaron a disminuir su exposici\u00f3n al ambiente, usar de preferencia lentes para proteger la vista, lavarse las manos con frecuencia y evitar tocarse los ojos.<\/p>\n<p>Asimismo, se pidi\u00f3 cubrir los recipientes con agua y evitar sacudir objetos que est\u00e9n a la intemperie.<\/p>\n<p>Aunque el &#8220;polvo del Sahara&#8221; no representa un riesgo alto a los tamaulipecos, Protecci\u00f3n Civil estatal llam\u00f3 a seguir las recomendaciones para evitar cualquier da\u00f1o en el organismo. El titular de la dependencia, Luis Gerardo Gonz\u00e1lez, coment\u00f3 que se estar\u00e1 monitoreando el fen\u00f3meno y, conforme \u00e9ste avance, se informar\u00e1 de manera oportuna a la ciudadan\u00eda.<\/p>\n","protected":false},"excerpt":{"rendered":"<p>Suma Protecci\u00f3n Civil nueva alerta a la poblaci\u00f3n, adem\u00e1s del excesivo calor<\/p>\n","protected":false},"author":1,"featured_media":2697,"comment_status":"closed","ping_status":"closed","sticky":false,"template":"","format":"standard","meta":{"_crdt_document":"","_jetpack_memberships_contains_paid_content":false,"footnotes":"","jetpack_publicize_message":"","jetpack_publicize_feature_enabled":true,"jetpack_social_post_already_shared":true,"jetpack_social_options":{"image_generator_settings":{"template":"highway","default_image_id":0,"font":"","enabled":false},"version":2},"_wpas_customize_per_network":false},"categories":[11],"tags":[],"class_list":["post-2696","post","type-post","status-publish","format-standard","has-post-thumbnail","hentry","category-tamaulipas"],"magazineBlocksPostFeaturedMedia":{"thumbnail":"https:\/\/pornuestrolaredo.com\/wp-content\/uploads\/2023\/07\/Stereo91-20230713-4-150x150.jpeg","medium":"https:\/\/pornuestrolaredo.com\/wp-content\/uploads\/2023\/07\/Stereo91-20230713-4-300x170.jpeg","medium_large":"https:\/\/pornuestrolaredo.com\/wp-content\/uploads\/2023\/07\/Stereo91-20230713-4-768x436.jpeg","large":"https:\/\/pornuestrolaredo.com\/wp-content\/uploads\/2023\/07\/Stereo91-20230713-4.jpeg","1536x1536":"https:\/\/pornuestrolaredo.com\/wp-content\/uploads\/2023\/07\/Stereo91-20230713-4.jpeg","2048x2048":"https:\/\/pornuestrolaredo.com\/wp-content\/uploads\/2023\/07\/Stereo91-20230713-4.jpeg","morenews-large":"https:\/\/pornuestrolaredo.com\/wp-content\/uploads\/2023\/07\/Stereo91-20230713-4.jpeg","morenews-medium":"https:\/\/pornuestrolaredo.com\/wp-content\/uploads\/2023\/07\/Stereo91-20230713-4.jpeg"},"magazineBlocksPostAuthor":{"name":"Redactor","avatar":"https:\/\/pornuestrolaredo.com\/wp-content\/litespeed\/avatar\/dca1d7ec750c399f025f23b0b314f4cf.jpg?ver=1777007253"},"magazineBlocksPostCommentsNumber":false,"magazineBlocksPostExcerpt":"Suma Protecci\u00f3n Civil nueva alerta a la poblaci\u00f3n, adem\u00e1s del excesivo calor","magazineBlocksPostCategories":["Tamaulipas"],"magazineBlocksPostViewCount":125,"magazineBlocksPostReadTime":2,"magazine_blocks_featured_image_url":{"full":["https:\/\/pornuestrolaredo.com\/wp-content\/uploads\/2023\/07\/Stereo91-20230713-4.jpeg",1000,568,false],"medium":["https:\/\/pornuestrolaredo.com\/wp-content\/uploads\/2023\/07\/Stereo91-20230713-4-300x170.jpeg",300,170,true],"thumbnail":["https:\/\/pornuestrolaredo.com\/wp-content\/uploads\/2023\/07\/Stereo91-20230713-4-150x150.jpeg",150,150,true]},"magazine_blocks_author":{"display_name":"Redactor","author_link":"https:\/\/pornuestrolaredo.com\/?author=1"},"magazine_blocks_comment":0,"magazine_blocks_author_image":"https:\/\/pornuestrolaredo.com\/wp-content\/litespeed\/avatar\/dca1d7ec750c399f025f23b0b314f4cf.jpg?ver=1777007253","magazine_blocks_category":"<a href=\"#\" class=\"category-link category-link-11\">Tamaulipas<\/a>","jetpack_publicize_connections":[],"featured_image_urls":{"full":["https:\/\/pornuestrolaredo.com\/wp-content\/uploads\/2023\/07\/Stereo91-20230713-4.jpeg",1000,568,false],"thumbnail":["https:\/\/pornuestrolaredo.com\/wp-content\/uploads\/2023\/07\/Stereo91-20230713-4-150x150.jpeg",150,150,true],"medium":["https:\/\/pornuestrolaredo.com\/wp-content\/uploads\/2023\/07\/Stereo91-20230713-4-300x170.jpeg",300,170,true],"medium_large":["https:\/\/pornuestrolaredo.com\/wp-content\/uploads\/2023\/07\/Stereo91-20230713-4-768x436.jpeg",640,363,true],"large":["https:\/\/pornuestrolaredo.com\/wp-content\/uploads\/2023\/07\/Stereo91-20230713-4.jpeg",640,364,false],"1536x1536":["https:\/\/pornuestrolaredo.com\/wp-content\/uploads\/2023\/07\/Stereo91-20230713-4.jpeg",1000,568,false],"2048x2048":["https:\/\/pornuestrolaredo.com\/wp-content\/uploads\/2023\/07\/Stereo91-20230713-4.jpeg",1000,568,false],"morenews-large":["https:\/\/pornuestrolaredo.com\/wp-content\/uploads\/2023\/07\/Stereo91-20230713-4.jpeg",825,469,false],"morenews-medium":["https:\/\/pornuestrolaredo.com\/wp-content\/uploads\/2023\/07\/Stereo91-20230713-4.jpeg",590,335,false]},"author_info":{"info":["Redactor"]},"category_info":"<a href=\"https:\/\/pornuestrolaredo.com\/?cat=11\" rel=\"category\">Tamaulipas<\/a>","tag_info":"Tamaulipas","comment_count":"0","jetpack_featured_media_url":"https:\/\/pornuestrolaredo.com\/wp-content\/uploads\/2023\/07\/Stereo91-20230713-4.jpeg","jetpack_sharing_enabled":true,"_links":{"self":[{"href":"https:\/\/pornuestrolaredo.com\/index.php?rest_route=\/wp\/v2\/posts\/2696","targetHints":{"allow":["GET"]}}],"collection":[{"href":"https:\/\/pornuestrolaredo.com\/index.php?rest_route=\/wp\/v2\/posts"}],"about":[{"href":"https:\/\/pornuestrolaredo.com\/index.php?rest_route=\/wp\/v2\/types\/post"}],"author":[{"embeddable":true,"href":"https:\/\/pornuestrolaredo.com\/index.php?rest_route=\/wp\/v2\/users\/1"}],"replies":[{"embeddable":true,"href":"https:\/\/pornuestrolaredo.com\/index.php?rest_route=%2Fwp%2Fv2%2Fcomments&post=2696"}],"version-history":[{"count":1,"href":"https:\/\/pornuestrolaredo.com\/index.php?rest_route=\/wp\/v2\/posts\/2696\/revisions"}],"predecessor-version":[{"id":2698,"href":"https:\/\/pornuestrolaredo.com\/index.php?rest_route=\/wp\/v2\/posts\/2696\/revisions\/2698"}],"wp:featuredmedia":[{"embeddable":true,"href":"https:\/\/pornuestrolaredo.com\/index.php?rest_route=\/wp\/v2\/media\/2697"}],"wp:attachment":[{"href":"https:\/\/pornuestrolaredo.com\/index.php?rest_route=%2Fwp%2Fv2%2Fmedia&parent=2696"}],"wp:term":[{"taxonomy":"category","embeddable":true,"href":"https:\/\/pornuestrolaredo.com\/index.php?rest_route=%2Fwp%2Fv2%2Fcategories&post=2696"},{"taxonomy":"post_tag","embeddable":true,"href":"https:\/\/pornuestrolaredo.com\/index.php?rest_route=%2Fwp%2Fv2%2Ftags&post=2696"}],"curies":[{"name":"wp","href":"https:\/\/api.w.org\/{rel}","templated":true}]}}