{"id":2699,"date":"2023-07-15T04:16:32","date_gmt":"2023-07-15T04:16:32","guid":{"rendered":"https:\/\/pornuestrolaredo.com\/?p=2699"},"modified":"2023-07-15T04:16:32","modified_gmt":"2023-07-15T04:16:32","slug":"unen-cabeza-a-nino-decapitado","status":"publish","type":"post","link":"https:\/\/pornuestrolaredo.com\/?p=2699","title":{"rendered":"Unen cabeza a ni\u00f1o \u2018decapitado\u2019"},"content":{"rendered":"<p><strong><em>JERUSAL\u00c9N.- <\/em><\/strong>Cirujanos en Israel realizaron una \u201cmilagrosa\u201d cirug\u00eda y lograron volver a unir la cabeza de un ni\u00f1o despu\u00e9s de que fue atropellado por un autom\u00f3vil mientras andaba en bicicleta, anunci\u00f3 esta semana un hospital de Jerusal\u00e9n.<\/p>\n<p>Suleiman Hassan, un palestino de 12 a\u00f1os de Cisjordania, sufri\u00f3 lo que se conoce como una decapitaci\u00f3n interna, con el cr\u00e1neo separado de las v\u00e9rtebras superiores de la columna, lo que oficialmente se conoce como &#8220;dislocaci\u00f3n bilateral de la articulaci\u00f3n atlantooccipital&#8221;, seg\u00fan The Times of Israel. <\/p>\n<p>Hassan iba en bicicleta cuando un auto lo atropell\u00f3. El ni\u00f1o fue llevado de urgencia al Centro M\u00e9dico Hadassah e inmediatamente fue operado en la unidad de trauma. Los m\u00e9dicos dijeron que su cabeza estaba &#8220;casi completamente separada de la base de su cuello&#8221;. <\/p>\n<p>El Dr. Ohad Einav, el especialista en ortopedia que dirigi\u00f3 la operaci\u00f3n, dijo que el procedimiento tom\u00f3 varias horas y requiri\u00f3 que los m\u00e9dicos usaran &#8220;nuevas placas y fijaciones en el \u00e1rea da\u00f1ada&#8221;. <\/p>\n<blockquote><p>Nuestra capacidad para salvar al ni\u00f1o fue gracias a nuestro conocimiento y la tecnolog\u00eda m\u00e1s innovadora en la sala de operaciones&#8221;, dijo Einav, y agreg\u00f3 que el equipo &#8220;luch\u00f3 por la vida del ni\u00f1o&#8221;. <\/p><\/blockquote>\n<p>Einav y su equipo dijeron que Hassan ten\u00eda una tasa de supervivencia proyectada de solo el 50%, y su recuperaci\u00f3n es casi un milagro, seg\u00fan i24 News. La operaci\u00f3n se produjo en junio, pero los m\u00e9dicos esperaron un mes para anunciar los resultados. El hospital recientemente dio de alta a Hassan con una f\u00e9rula cervical y continuar\u00e1 monitoreando su recuperaci\u00f3n. <\/p>\n<blockquote><p>El hecho de que un ni\u00f1o as\u00ed no tenga d\u00e9ficits neurol\u00f3gicos o disfunci\u00f3n sensorial o motora y que est\u00e9 funcionando normalmente y caminando sin ayuda despu\u00e9s de un proceso tan largo no es poca cosa&#8221;, dijo Einav.<\/p><\/blockquote>\n<p>El padre de Hassan no se alej\u00f3 de la cama de su hijo durante el proceso de recuperaci\u00f3n y dijo que no ten\u00eda m\u00e1s que un &#8220;gran agradecimiento&#8221; para el personal m\u00e9dico. <\/p>\n<blockquote><p>Bendiciones a todos&#8221;, dijo el padre. &#8220;Gracias a ti, recuper\u00f3 su vida incluso cuando las probabilidades eran bajas y el peligro era obvio&#8221;. &#8220;Lo que lo salv\u00f3 fue el profesionalismo, la tecnolog\u00eda y la r\u00e1pida toma de decisiones por parte del equipo de traumatolog\u00eda y ortopedia&#8221;, inform\u00f3 su padre. <\/p><\/blockquote>\n<p>Einav enfatiz\u00f3 que la cirug\u00eda es &#8220;extremadamente rara&#8221;, pero el gran tama\u00f1o de la cabeza de un ni\u00f1o en relaci\u00f3n con un adulto significa que son &#8220;m\u00e1s susceptibles&#8221;.<\/p>\n<blockquote><p>Esta no es una cirug\u00eda com\u00fan en absoluto, y especialmente no en ni\u00f1os y adolescentes. Un cirujano necesita conocimiento y experiencia para hacer esto&#8221;, dijo.<\/p><\/blockquote>\n","protected":false},"excerpt":{"rendered":"<p>JERUSAL\u00c9N.- Cirujanos en Israel realizaron una \u201cmilagrosa\u201d cirug\u00eda y lograron volver a unir la cabeza de un ni\u00f1o<\/p>\n","protected":false},"author":1,"featured_media":2700,"comment_status":"open","ping_status":"open","sticky":false,"template":"","format":"standard","meta":{"_crdt_document":"","_jetpack_memberships_contains_paid_content":false,"footnotes":"","jetpack_publicize_message":"","jetpack_publicize_feature_enabled":true,"jetpack_social_post_already_shared":true,"jetpack_social_options":{"image_generator_settings":{"template":"highway","default_image_id":0,"font":"","enabled":false},"version":2},"_wpas_customize_per_network":false},"categories":[9],"tags":[],"class_list":["post-2699","post","type-post","status-publish","format-standard","has-post-thumbnail","hentry","category-el-mundo"],"magazineBlocksPostFeaturedMedia":{"thumbnail":"https:\/\/pornuestrolaredo.com\/wp-content\/uploads\/2023\/07\/Stereo91-20230714-2-150x150.jpg","medium":"https:\/\/pornuestrolaredo.com\/wp-content\/uploads\/2023\/07\/Stereo91-20230714-2-300x142.jpg","medium_large":"https:\/\/pornuestrolaredo.com\/wp-content\/uploads\/2023\/07\/Stereo91-20230714-2-768x362.jpg","large":"https:\/\/pornuestrolaredo.com\/wp-content\/uploads\/2023\/07\/Stereo91-20230714-2.jpg","1536x1536":"https:\/\/pornuestrolaredo.com\/wp-content\/uploads\/2023\/07\/Stereo91-20230714-2.jpg","2048x2048":"https:\/\/pornuestrolaredo.com\/wp-content\/uploads\/2023\/07\/Stereo91-20230714-2.jpg","morenews-large":"https:\/\/pornuestrolaredo.com\/wp-content\/uploads\/2023\/07\/Stereo91-20230714-2.jpg","morenews-medium":"https:\/\/pornuestrolaredo.com\/wp-content\/uploads\/2023\/07\/Stereo91-20230714-2.jpg"},"magazineBlocksPostAuthor":{"name":"Redactor","avatar":"https:\/\/pornuestrolaredo.com\/wp-content\/litespeed\/avatar\/dca1d7ec750c399f025f23b0b314f4cf.jpg?ver=1777007253"},"magazineBlocksPostCommentsNumber":false,"magazineBlocksPostExcerpt":"JERUSAL\u00c9N.- Cirujanos en Israel realizaron una \u201cmilagrosa\u201d cirug\u00eda y lograron volver a unir la cabeza de un ni\u00f1o","magazineBlocksPostCategories":["El Mundo"],"magazineBlocksPostViewCount":110,"magazineBlocksPostReadTime":3,"magazine_blocks_featured_image_url":{"full":["https:\/\/pornuestrolaredo.com\/wp-content\/uploads\/2023\/07\/Stereo91-20230714-2.jpg",1000,472,false],"medium":["https:\/\/pornuestrolaredo.com\/wp-content\/uploads\/2023\/07\/Stereo91-20230714-2-300x142.jpg",300,142,true],"thumbnail":["https:\/\/pornuestrolaredo.com\/wp-content\/uploads\/2023\/07\/Stereo91-20230714-2-150x150.jpg",150,150,true]},"magazine_blocks_author":{"display_name":"Redactor","author_link":"https:\/\/pornuestrolaredo.com\/?author=1"},"magazine_blocks_comment":0,"magazine_blocks_author_image":"https:\/\/pornuestrolaredo.com\/wp-content\/litespeed\/avatar\/dca1d7ec750c399f025f23b0b314f4cf.jpg?ver=1777007253","magazine_blocks_category":"<a href=\"#\" class=\"category-link category-link-9\">El Mundo<\/a>","jetpack_publicize_connections":[],"featured_image_urls":{"full":["https:\/\/pornuestrolaredo.com\/wp-content\/uploads\/2023\/07\/Stereo91-20230714-2.jpg",1000,472,false],"thumbnail":["https:\/\/pornuestrolaredo.com\/wp-content\/uploads\/2023\/07\/Stereo91-20230714-2-150x150.jpg",150,150,true],"medium":["https:\/\/pornuestrolaredo.com\/wp-content\/uploads\/2023\/07\/Stereo91-20230714-2-300x142.jpg",300,142,true],"medium_large":["https:\/\/pornuestrolaredo.com\/wp-content\/uploads\/2023\/07\/Stereo91-20230714-2-768x362.jpg",640,302,true],"large":["https:\/\/pornuestrolaredo.com\/wp-content\/uploads\/2023\/07\/Stereo91-20230714-2.jpg",640,302,false],"1536x1536":["https:\/\/pornuestrolaredo.com\/wp-content\/uploads\/2023\/07\/Stereo91-20230714-2.jpg",1000,472,false],"2048x2048":["https:\/\/pornuestrolaredo.com\/wp-content\/uploads\/2023\/07\/Stereo91-20230714-2.jpg",1000,472,false],"morenews-large":["https:\/\/pornuestrolaredo.com\/wp-content\/uploads\/2023\/07\/Stereo91-20230714-2.jpg",825,389,false],"morenews-medium":["https:\/\/pornuestrolaredo.com\/wp-content\/uploads\/2023\/07\/Stereo91-20230714-2.jpg",590,278,false]},"author_info":{"info":["Redactor"]},"category_info":"<a href=\"https:\/\/pornuestrolaredo.com\/?cat=9\" rel=\"category\">El Mundo<\/a>","tag_info":"El Mundo","comment_count":"0","jetpack_featured_media_url":"https:\/\/pornuestrolaredo.com\/wp-content\/uploads\/2023\/07\/Stereo91-20230714-2.jpg","jetpack_sharing_enabled":true,"_links":{"self":[{"href":"https:\/\/pornuestrolaredo.com\/index.php?rest_route=\/wp\/v2\/posts\/2699","targetHints":{"allow":["GET"]}}],"collection":[{"href":"https:\/\/pornuestrolaredo.com\/index.php?rest_route=\/wp\/v2\/posts"}],"about":[{"href":"https:\/\/pornuestrolaredo.com\/index.php?rest_route=\/wp\/v2\/types\/post"}],"author":[{"embeddable":true,"href":"https:\/\/pornuestrolaredo.com\/index.php?rest_route=\/wp\/v2\/users\/1"}],"replies":[{"embeddable":true,"href":"https:\/\/pornuestrolaredo.com\/index.php?rest_route=%2Fwp%2Fv2%2Fcomments&post=2699"}],"version-history":[{"count":1,"href":"https:\/\/pornuestrolaredo.com\/index.php?rest_route=\/wp\/v2\/posts\/2699\/revisions"}],"predecessor-version":[{"id":2701,"href":"https:\/\/pornuestrolaredo.com\/index.php?rest_route=\/wp\/v2\/posts\/2699\/revisions\/2701"}],"wp:featuredmedia":[{"embeddable":true,"href":"https:\/\/pornuestrolaredo.com\/index.php?rest_route=\/wp\/v2\/media\/2700"}],"wp:attachment":[{"href":"https:\/\/pornuestrolaredo.com\/index.php?rest_route=%2Fwp%2Fv2%2Fmedia&parent=2699"}],"wp:term":[{"taxonomy":"category","embeddable":true,"href":"https:\/\/pornuestrolaredo.com\/index.php?rest_route=%2Fwp%2Fv2%2Fcategories&post=2699"},{"taxonomy":"post_tag","embeddable":true,"href":"https:\/\/pornuestrolaredo.com\/index.php?rest_route=%2Fwp%2Fv2%2Ftags&post=2699"}],"curies":[{"name":"wp","href":"https:\/\/api.w.org\/{rel}","templated":true}]}}