{"id":2715,"date":"2023-07-17T03:26:52","date_gmt":"2023-07-17T03:26:52","guid":{"rendered":"https:\/\/pornuestrolaredo.com\/?p=2715"},"modified":"2023-07-17T03:27:13","modified_gmt":"2023-07-17T03:27:13","slug":"dan-oportunidad-laboral-a-7-mil-neolaredenses","status":"publish","type":"post","link":"https:\/\/pornuestrolaredo.com\/?p=2715","title":{"rendered":"Dan oportunidad laboral a 7 mil neolaredenses"},"content":{"rendered":"<p><strong>NUEVO LAREDO.-<\/strong> En solo este a\u00f1o con el programa \u201cEmpleo en tu Colonia\u201d se ha logrado vincular a m\u00e1s de 7 mil ciudadanos con oportunidades laborales. <\/p>\n<p>Fue en la Explanada Baca Calder\u00f3n en la que recientemente se llev\u00f3 a cabo este evento municipal el cual fue una gran opci\u00f3n para muchos ciudadanos de Nuevo Laredo para ser candidatos a un puesto de trabajo. <\/p>\n<p>Durante m\u00e1s de cinco horas, empresas de diversos sectores como maquiladoras, transportistas, agencias aduanales, empresas comerciales y de servicios se instalaron para ofrecer alrededor de 800 vacantes.<\/p>\n<p>El secretario de Desarrollo Econ\u00f3mico, Rolando Guevara Gonz\u00e1lez, expres\u00f3 su satisfacci\u00f3n por la respuesta y vinculaci\u00f3n que se ha logrado a trav\u00e9s de Empleo en tu Colonia. <\/p>\n<blockquote><p>Es una manera de impulsar el crecimiento de Nuevo Laredo de la mano de la poblaci\u00f3n local y generar un impacto positivo en la econom\u00eda al crear nuevos empleos\u201d, mencion\u00f3 Guevara Gonz\u00e1lez, titular de la secretar\u00eda.<\/p><\/blockquote>\n<p>El director de Comercio, Empleo y Pymes, Jaime Mireles de la Cruz, inform\u00f3 que en esta edici\u00f3n de &#8220;Empleo en tu colonia&#8221; se logr\u00f3 vincular a 180 ciudadanos con oportunidades laborales.<\/p>\n<blockquote><p>Es alentador ver que se est\u00e1n realizando esfuerzos para fomentar el empleo y la vinculaci\u00f3n laboral en la comunidad\u201d, dijo Mireles de la Cruz, director de Comercio, Empleo y Pymes.  <\/p><\/blockquote>\n<p>Este programa brinda una plataforma para que los ciudadanos puedan encontrar opciones de empleo y contribuir al desarrollo econ\u00f3mico local que beneficie a la poblaci\u00f3n de Nuevo Laredo.<\/p>\n","protected":false},"excerpt":{"rendered":"<p>Realizan evento \u2018Empleo en tu Colonia\u2019 con gran asistencia de la ciudadan\u00eda y ofrecen 800 puestos de trabajo<\/p>\n","protected":false},"author":1,"featured_media":2717,"comment_status":"closed","ping_status":"closed","sticky":false,"template":"","format":"standard","meta":{"_crdt_document":"","_jetpack_memberships_contains_paid_content":false,"footnotes":"","jetpack_publicize_message":"","jetpack_publicize_feature_enabled":true,"jetpack_social_post_already_shared":true,"jetpack_social_options":{"image_generator_settings":{"template":"highway","default_image_id":0,"font":"","enabled":false},"version":2},"_wpas_customize_per_network":false},"categories":[4],"tags":[],"class_list":["post-2715","post","type-post","status-publish","format-standard","has-post-thumbnail","hentry","category-los-dos-laredos"],"magazineBlocksPostFeaturedMedia":{"thumbnail":"https:\/\/pornuestrolaredo.com\/wp-content\/uploads\/2023\/07\/PNL-20230716-5-150x150.jpg","medium":"https:\/\/pornuestrolaredo.com\/wp-content\/uploads\/2023\/07\/PNL-20230716-5-300x153.jpg","medium_large":"https:\/\/pornuestrolaredo.com\/wp-content\/uploads\/2023\/07\/PNL-20230716-5-768x391.jpg","large":"https:\/\/pornuestrolaredo.com\/wp-content\/uploads\/2023\/07\/PNL-20230716-5-1000x509.jpg","1536x1536":"https:\/\/pornuestrolaredo.com\/wp-content\/uploads\/2023\/07\/PNL-20230716-5.jpg","2048x2048":"https:\/\/pornuestrolaredo.com\/wp-content\/uploads\/2023\/07\/PNL-20230716-5.jpg","morenews-large":"https:\/\/pornuestrolaredo.com\/wp-content\/uploads\/2023\/07\/PNL-20230716-5.jpg","morenews-medium":"https:\/\/pornuestrolaredo.com\/wp-content\/uploads\/2023\/07\/PNL-20230716-5.jpg"},"magazineBlocksPostAuthor":{"name":"Redactor","avatar":"https:\/\/pornuestrolaredo.com\/wp-content\/litespeed\/avatar\/dca1d7ec750c399f025f23b0b314f4cf.jpg?ver=1777007253"},"magazineBlocksPostCommentsNumber":false,"magazineBlocksPostExcerpt":"Realizan evento \u2018Empleo en tu Colonia\u2019 con gran asistencia de la ciudadan\u00eda y ofrecen 800 puestos de trabajo","magazineBlocksPostCategories":["Los dos Laredos"],"magazineBlocksPostViewCount":133,"magazineBlocksPostReadTime":2,"magazine_blocks_featured_image_url":{"full":["https:\/\/pornuestrolaredo.com\/wp-content\/uploads\/2023\/07\/PNL-20230716-5.jpg",1280,651,false],"medium":["https:\/\/pornuestrolaredo.com\/wp-content\/uploads\/2023\/07\/PNL-20230716-5-300x153.jpg",300,153,true],"thumbnail":["https:\/\/pornuestrolaredo.com\/wp-content\/uploads\/2023\/07\/PNL-20230716-5-150x150.jpg",150,150,true]},"magazine_blocks_author":{"display_name":"Redactor","author_link":"https:\/\/pornuestrolaredo.com\/?author=1"},"magazine_blocks_comment":0,"magazine_blocks_author_image":"https:\/\/pornuestrolaredo.com\/wp-content\/litespeed\/avatar\/dca1d7ec750c399f025f23b0b314f4cf.jpg?ver=1777007253","magazine_blocks_category":"<a href=\"#\" class=\"category-link category-link-4\">Los dos Laredos<\/a>","jetpack_publicize_connections":[],"featured_image_urls":{"full":["https:\/\/pornuestrolaredo.com\/wp-content\/uploads\/2023\/07\/PNL-20230716-5.jpg",1280,651,false],"thumbnail":["https:\/\/pornuestrolaredo.com\/wp-content\/uploads\/2023\/07\/PNL-20230716-5-150x150.jpg",150,150,true],"medium":["https:\/\/pornuestrolaredo.com\/wp-content\/uploads\/2023\/07\/PNL-20230716-5-300x153.jpg",300,153,true],"medium_large":["https:\/\/pornuestrolaredo.com\/wp-content\/uploads\/2023\/07\/PNL-20230716-5-768x391.jpg",640,326,true],"large":["https:\/\/pornuestrolaredo.com\/wp-content\/uploads\/2023\/07\/PNL-20230716-5-1000x509.jpg",640,326,true],"1536x1536":["https:\/\/pornuestrolaredo.com\/wp-content\/uploads\/2023\/07\/PNL-20230716-5.jpg",1280,651,false],"2048x2048":["https:\/\/pornuestrolaredo.com\/wp-content\/uploads\/2023\/07\/PNL-20230716-5.jpg",1280,651,false],"morenews-large":["https:\/\/pornuestrolaredo.com\/wp-content\/uploads\/2023\/07\/PNL-20230716-5.jpg",825,420,false],"morenews-medium":["https:\/\/pornuestrolaredo.com\/wp-content\/uploads\/2023\/07\/PNL-20230716-5.jpg",590,300,false]},"author_info":{"info":["Redactor"]},"category_info":"<a href=\"https:\/\/pornuestrolaredo.com\/?cat=4\" rel=\"category\">Los dos Laredos<\/a>","tag_info":"Los dos Laredos","comment_count":"0","jetpack_featured_media_url":"https:\/\/pornuestrolaredo.com\/wp-content\/uploads\/2023\/07\/PNL-20230716-5.jpg","jetpack_sharing_enabled":true,"_links":{"self":[{"href":"https:\/\/pornuestrolaredo.com\/index.php?rest_route=\/wp\/v2\/posts\/2715","targetHints":{"allow":["GET"]}}],"collection":[{"href":"https:\/\/pornuestrolaredo.com\/index.php?rest_route=\/wp\/v2\/posts"}],"about":[{"href":"https:\/\/pornuestrolaredo.com\/index.php?rest_route=\/wp\/v2\/types\/post"}],"author":[{"embeddable":true,"href":"https:\/\/pornuestrolaredo.com\/index.php?rest_route=\/wp\/v2\/users\/1"}],"replies":[{"embeddable":true,"href":"https:\/\/pornuestrolaredo.com\/index.php?rest_route=%2Fwp%2Fv2%2Fcomments&post=2715"}],"version-history":[{"count":1,"href":"https:\/\/pornuestrolaredo.com\/index.php?rest_route=\/wp\/v2\/posts\/2715\/revisions"}],"predecessor-version":[{"id":2716,"href":"https:\/\/pornuestrolaredo.com\/index.php?rest_route=\/wp\/v2\/posts\/2715\/revisions\/2716"}],"wp:featuredmedia":[{"embeddable":true,"href":"https:\/\/pornuestrolaredo.com\/index.php?rest_route=\/wp\/v2\/media\/2717"}],"wp:attachment":[{"href":"https:\/\/pornuestrolaredo.com\/index.php?rest_route=%2Fwp%2Fv2%2Fmedia&parent=2715"}],"wp:term":[{"taxonomy":"category","embeddable":true,"href":"https:\/\/pornuestrolaredo.com\/index.php?rest_route=%2Fwp%2Fv2%2Fcategories&post=2715"},{"taxonomy":"post_tag","embeddable":true,"href":"https:\/\/pornuestrolaredo.com\/index.php?rest_route=%2Fwp%2Fv2%2Ftags&post=2715"}],"curies":[{"name":"wp","href":"https:\/\/api.w.org\/{rel}","templated":true}]}}