{"id":2718,"date":"2023-07-17T04:27:39","date_gmt":"2023-07-17T04:27:39","guid":{"rendered":"https:\/\/pornuestrolaredo.com\/?p=2718"},"modified":"2023-07-17T04:27:39","modified_gmt":"2023-07-17T04:27:39","slug":"mata-el-calor-a-167-mexicanos-esta-temporada","status":"publish","type":"post","link":"https:\/\/pornuestrolaredo.com\/?p=2718","title":{"rendered":"Mata el calor a 167 mexicanos esta temporada"},"content":{"rendered":"<p><strong><em>CIUDAD DE M\u00c9XICO.-<\/em><\/strong> En lo que va de actual temporada de calor se han registrado 167 defunciones a causa del calor extremo; mientras que en el mismo periodo, pero de 2022, apenas hab\u00edan ocurrido ocho decesos, seg\u00fan el \u00faltimo reporte epidemiol\u00f3gico de la Secretar\u00eda de Salud.<\/p>\n<p>Esto significa que las muertes por altas temperaturas crecieron en mil 987.5 por ciento, de 2022 a 2023.<\/p>\n<p>En la presente temporada de calor, la cual inici\u00f3 el 19 de marzo, 154 de los fallecimientos fueron causados por golpe de calor, y 13, por deshidrataci\u00f3n.<\/p>\n<p>Es decir, 94 por ciento corresponde a golpe de calor y 7.8 por ciento a deshidrataci\u00f3n.<\/p>\n<p>De las 167 defunciones acumuladas hasta la semana epidemiol\u00f3gica 27, que comprende del 2 al 8 de julio, s\u00f3lo 130 son atribuibles a la tercera ola de calor.<\/p>\n<p>La tercera ola de calor, seg\u00fan la dependencia, se registr\u00f3 del 1 al 22 de junio.<\/p>\n<p>Nuevo Le\u00f3n es la entidad que m\u00e1s defunciones ha registrado con 71 muertes por golpe de calor y 10 por deshidrataci\u00f3n.<\/p>\n<p>Le siguen Tamaulipas, con 27 decesos en total; Veracruz, con 20; Coahuila, con 9, y Sonora con 7.<\/p>\n<p>De acuerdo con el Servicio Meteorol\u00f3gico Nacional de la Comisi\u00f3n Nacional del Agua, se han presentado tres olas de calor de las cuatro previstas en 2023.<\/p>\n<p>A la fecha, se han presentado 2 mil 662 casos asociados a calor extremo. Con mil 563 casos, es decir, el 58.7%, el golpe de calor representa la mayor\u00eda.<\/p>\n","protected":false},"excerpt":{"rendered":"<p>Comparado con 2022, la cifra se increment\u00f3 mil 987.5 por ciento, seg\u00fan las estad\u00edsticas de la Secretar\u00eda de Salud<\/p>\n","protected":false},"author":1,"featured_media":2719,"comment_status":"closed","ping_status":"closed","sticky":false,"template":"","format":"standard","meta":{"_crdt_document":"","_jetpack_memberships_contains_paid_content":false,"footnotes":"","jetpack_publicize_message":"","jetpack_publicize_feature_enabled":true,"jetpack_social_post_already_shared":true,"jetpack_social_options":{"image_generator_settings":{"template":"highway","default_image_id":0,"font":"","enabled":false},"version":2},"_wpas_customize_per_network":false},"categories":[33],"tags":[],"class_list":["post-2718","post","type-post","status-publish","format-standard","has-post-thumbnail","hentry","category-mexico"],"magazineBlocksPostFeaturedMedia":{"thumbnail":"https:\/\/pornuestrolaredo.com\/wp-content\/uploads\/2023\/07\/PNL-20230716-6-150x150.jpg","medium":"https:\/\/pornuestrolaredo.com\/wp-content\/uploads\/2023\/07\/PNL-20230716-6-300x178.jpg","medium_large":"https:\/\/pornuestrolaredo.com\/wp-content\/uploads\/2023\/07\/PNL-20230716-6-768x456.jpg","large":"https:\/\/pornuestrolaredo.com\/wp-content\/uploads\/2023\/07\/PNL-20230716-6-1000x594.jpg","1536x1536":"https:\/\/pornuestrolaredo.com\/wp-content\/uploads\/2023\/07\/PNL-20230716-6-1536x913.jpg","2048x2048":"https:\/\/pornuestrolaredo.com\/wp-content\/uploads\/2023\/07\/PNL-20230716-6.jpg","morenews-large":"https:\/\/pornuestrolaredo.com\/wp-content\/uploads\/2023\/07\/PNL-20230716-6.jpg","morenews-medium":"https:\/\/pornuestrolaredo.com\/wp-content\/uploads\/2023\/07\/PNL-20230716-6.jpg"},"magazineBlocksPostAuthor":{"name":"Redactor","avatar":"https:\/\/pornuestrolaredo.com\/wp-content\/litespeed\/avatar\/dca1d7ec750c399f025f23b0b314f4cf.jpg?ver=1777007253"},"magazineBlocksPostCommentsNumber":false,"magazineBlocksPostExcerpt":"Comparado con 2022, la cifra se increment\u00f3 mil 987.5 por ciento, seg\u00fan las estad\u00edsticas de la Secretar\u00eda de Salud","magazineBlocksPostCategories":["Mexico"],"magazineBlocksPostViewCount":141,"magazineBlocksPostReadTime":2,"magazine_blocks_featured_image_url":{"full":["https:\/\/pornuestrolaredo.com\/wp-content\/uploads\/2023\/07\/PNL-20230716-6.jpg",1600,951,false],"medium":["https:\/\/pornuestrolaredo.com\/wp-content\/uploads\/2023\/07\/PNL-20230716-6-300x178.jpg",300,178,true],"thumbnail":["https:\/\/pornuestrolaredo.com\/wp-content\/uploads\/2023\/07\/PNL-20230716-6-150x150.jpg",150,150,true]},"magazine_blocks_author":{"display_name":"Redactor","author_link":"https:\/\/pornuestrolaredo.com\/?author=1"},"magazine_blocks_comment":0,"magazine_blocks_author_image":"https:\/\/pornuestrolaredo.com\/wp-content\/litespeed\/avatar\/dca1d7ec750c399f025f23b0b314f4cf.jpg?ver=1777007253","magazine_blocks_category":"<a href=\"#\" class=\"category-link category-link-33\">Mexico<\/a>","jetpack_publicize_connections":[],"featured_image_urls":{"full":["https:\/\/pornuestrolaredo.com\/wp-content\/uploads\/2023\/07\/PNL-20230716-6.jpg",1600,951,false],"thumbnail":["https:\/\/pornuestrolaredo.com\/wp-content\/uploads\/2023\/07\/PNL-20230716-6-150x150.jpg",150,150,true],"medium":["https:\/\/pornuestrolaredo.com\/wp-content\/uploads\/2023\/07\/PNL-20230716-6-300x178.jpg",300,178,true],"medium_large":["https:\/\/pornuestrolaredo.com\/wp-content\/uploads\/2023\/07\/PNL-20230716-6-768x456.jpg",640,380,true],"large":["https:\/\/pornuestrolaredo.com\/wp-content\/uploads\/2023\/07\/PNL-20230716-6-1000x594.jpg",640,380,true],"1536x1536":["https:\/\/pornuestrolaredo.com\/wp-content\/uploads\/2023\/07\/PNL-20230716-6-1536x913.jpg",1536,913,true],"2048x2048":["https:\/\/pornuestrolaredo.com\/wp-content\/uploads\/2023\/07\/PNL-20230716-6.jpg",1600,951,false],"morenews-large":["https:\/\/pornuestrolaredo.com\/wp-content\/uploads\/2023\/07\/PNL-20230716-6.jpg",825,490,false],"morenews-medium":["https:\/\/pornuestrolaredo.com\/wp-content\/uploads\/2023\/07\/PNL-20230716-6.jpg",590,351,false]},"author_info":{"info":["Redactor"]},"category_info":"<a href=\"https:\/\/pornuestrolaredo.com\/?cat=33\" rel=\"category\">Mexico<\/a>","tag_info":"Mexico","comment_count":"0","jetpack_featured_media_url":"https:\/\/pornuestrolaredo.com\/wp-content\/uploads\/2023\/07\/PNL-20230716-6.jpg","jetpack_sharing_enabled":true,"_links":{"self":[{"href":"https:\/\/pornuestrolaredo.com\/index.php?rest_route=\/wp\/v2\/posts\/2718","targetHints":{"allow":["GET"]}}],"collection":[{"href":"https:\/\/pornuestrolaredo.com\/index.php?rest_route=\/wp\/v2\/posts"}],"about":[{"href":"https:\/\/pornuestrolaredo.com\/index.php?rest_route=\/wp\/v2\/types\/post"}],"author":[{"embeddable":true,"href":"https:\/\/pornuestrolaredo.com\/index.php?rest_route=\/wp\/v2\/users\/1"}],"replies":[{"embeddable":true,"href":"https:\/\/pornuestrolaredo.com\/index.php?rest_route=%2Fwp%2Fv2%2Fcomments&post=2718"}],"version-history":[{"count":1,"href":"https:\/\/pornuestrolaredo.com\/index.php?rest_route=\/wp\/v2\/posts\/2718\/revisions"}],"predecessor-version":[{"id":2720,"href":"https:\/\/pornuestrolaredo.com\/index.php?rest_route=\/wp\/v2\/posts\/2718\/revisions\/2720"}],"wp:featuredmedia":[{"embeddable":true,"href":"https:\/\/pornuestrolaredo.com\/index.php?rest_route=\/wp\/v2\/media\/2719"}],"wp:attachment":[{"href":"https:\/\/pornuestrolaredo.com\/index.php?rest_route=%2Fwp%2Fv2%2Fmedia&parent=2718"}],"wp:term":[{"taxonomy":"category","embeddable":true,"href":"https:\/\/pornuestrolaredo.com\/index.php?rest_route=%2Fwp%2Fv2%2Fcategories&post=2718"},{"taxonomy":"post_tag","embeddable":true,"href":"https:\/\/pornuestrolaredo.com\/index.php?rest_route=%2Fwp%2Fv2%2Ftags&post=2718"}],"curies":[{"name":"wp","href":"https:\/\/api.w.org\/{rel}","templated":true}]}}