{"id":2735,"date":"2023-07-20T06:14:46","date_gmt":"2023-07-20T06:14:46","guid":{"rendered":"https:\/\/pornuestrolaredo.com\/?p=2735"},"modified":"2023-07-20T06:14:46","modified_gmt":"2023-07-20T06:14:46","slug":"ganan-vuelo-espacial-adulto-mayor-madre-e-hija","status":"publish","type":"post","link":"https:\/\/pornuestrolaredo.com\/?p=2735","title":{"rendered":"Ganan vuelo espacial adulto mayor, madre e hija"},"content":{"rendered":"<p><strong>WASHINGTON DC.-<\/strong> Una mujer de Antigua y Barbuda y su hija, as\u00ed como un hombre de 80 a\u00f1os, viajar\u00e1n al espacio con Virgin Galactic el 10 de agosto.<\/p>\n<p>Esta misi\u00f3n, bautizada Galactic 02, ser\u00e1 el segundo vuelo comercial de la empresa estadounidense fundada por el multimillonario Richard Branson.<\/p>\n<p>Si se incluyen los vuelos de prueba, ser\u00e1 la s\u00e9ptima vez que la nave espacial viaja al espacio.<\/p>\n<p>Keisha Schahaff, de 46 a\u00f1os, y su hija Anastatia Mayers, de 18, ganaron el boleto en un sorteo tras participar en un acto de recaudaci\u00f3n de fondos organizado por Virgin Galactic. No se revel\u00f3 la cantidad que la madre don\u00f3, pero los donativos empezaban a 10 d\u00f3lares.<\/p>\n<p>Fue el propio Richard Branson quien comunic\u00f3 la noticia a Keisha Schahaff acudiendo a su casa para entregarle el traje de astronauta.<\/p>\n<blockquote><p>De ni\u00f1a, siempre me fascin\u00f3 el espacio&#8221;, declar\u00f3 Schahaff a la AFP.<\/p><\/blockquote>\n<blockquote><p>Esta es una gran oportunidad de sentirme viva&#8221;.<\/p><\/blockquote>\n<p>El tercer pasajero, Jon Goodwin, de 80 a\u00f1os, particip\u00f3 en los Juegos Ol\u00edmpicos de 1972 y se convertir\u00e1 en la segunda persona con la enfermedad de Parkinson en ir al espacio, pero no en la de m\u00e1s edad porque el r\u00e9cord lo bati\u00f3 William Shatner, con 90 a\u00f1os.<\/p>\n<p>A bordo de la nave tambi\u00e9n viajar\u00e1n Beth Moses, empleada de Virgin Galactic, y dos pilotos.<\/p>\n<p>El vuelo dura alrededor de hora y media, pero los pasajeros s\u00f3lo pasan unos minutos en el espacio.<\/p>\n<p>Un avi\u00f3n despega primero de una pista de Nuevo M\u00e9xico y a unos 15 kil\u00f3metros de altura deja caer la nave, que parece un gran jet privado.<\/p>\n<p>A continuaci\u00f3n enciende el motor y acelera verticalmente hasta alcanzar una altitud de m\u00e1s de 80 km, el l\u00edmite del espacio seg\u00fan el Ej\u00e9rcito estadounidense. Acto seguido desciende planeando.<\/p>\n<p>Menos de 700 personas han volado al espacio hasta la fecha, seg\u00fan Virgin Galactic, que ha prometido un vuelo espacial cada mes.<\/p>\n<p>Alrededor de 800 clientes han comprado sus boletos, inicialmente por un precio de entre 200 mil y 250 mil d\u00f3lares por pasajero que fue subiendo hasta los 450 mil d\u00f3lares.<\/p>\n<p>Virgin Galactic compite con la empresa del multimillonario Jeff Bezos, Blue Origin, que tambi\u00e9n ofrece vuelos suborbitales cortos.<\/p>\n","protected":false},"excerpt":{"rendered":"<p>El hombre tiene 80 a\u00f1os y junto con la mujer y la muchacha, ir\u00e1n en la nave de Virgin Galactic, el 10 de agosto<\/p>\n","protected":false},"author":1,"featured_media":2736,"comment_status":"closed","ping_status":"closed","sticky":false,"template":"","format":"standard","meta":{"_crdt_document":"","_jetpack_memberships_contains_paid_content":false,"footnotes":"","jetpack_publicize_message":"","jetpack_publicize_feature_enabled":true,"jetpack_social_post_already_shared":true,"jetpack_social_options":{"image_generator_settings":{"template":"highway","default_image_id":0,"font":"","enabled":false},"version":2},"_wpas_customize_per_network":false},"categories":[9],"tags":[],"class_list":["post-2735","post","type-post","status-publish","format-standard","has-post-thumbnail","hentry","category-el-mundo"],"magazineBlocksPostFeaturedMedia":{"thumbnail":"https:\/\/pornuestrolaredo.com\/wp-content\/uploads\/2023\/07\/PNL-20230719-9-150x150.jpg","medium":"https:\/\/pornuestrolaredo.com\/wp-content\/uploads\/2023\/07\/PNL-20230719-9-300x200.jpg","medium_large":"https:\/\/pornuestrolaredo.com\/wp-content\/uploads\/2023\/07\/PNL-20230719-9-768x512.jpg","large":"https:\/\/pornuestrolaredo.com\/wp-content\/uploads\/2023\/07\/PNL-20230719-9.jpg","1536x1536":"https:\/\/pornuestrolaredo.com\/wp-content\/uploads\/2023\/07\/PNL-20230719-9.jpg","2048x2048":"https:\/\/pornuestrolaredo.com\/wp-content\/uploads\/2023\/07\/PNL-20230719-9.jpg","morenews-large":"https:\/\/pornuestrolaredo.com\/wp-content\/uploads\/2023\/07\/PNL-20230719-9.jpg","morenews-medium":"https:\/\/pornuestrolaredo.com\/wp-content\/uploads\/2023\/07\/PNL-20230719-9.jpg"},"magazineBlocksPostAuthor":{"name":"Redactor","avatar":"https:\/\/pornuestrolaredo.com\/wp-content\/litespeed\/avatar\/dca1d7ec750c399f025f23b0b314f4cf.jpg?ver=1777007253"},"magazineBlocksPostCommentsNumber":false,"magazineBlocksPostExcerpt":"El hombre tiene 80 a\u00f1os y junto con la mujer y la muchacha, ir\u00e1n en la nave de Virgin Galactic, el 10 de agosto","magazineBlocksPostCategories":["El Mundo"],"magazineBlocksPostViewCount":105,"magazineBlocksPostReadTime":2,"magazine_blocks_featured_image_url":{"full":["https:\/\/pornuestrolaredo.com\/wp-content\/uploads\/2023\/07\/PNL-20230719-9.jpg",980,653,false],"medium":["https:\/\/pornuestrolaredo.com\/wp-content\/uploads\/2023\/07\/PNL-20230719-9-300x200.jpg",300,200,true],"thumbnail":["https:\/\/pornuestrolaredo.com\/wp-content\/uploads\/2023\/07\/PNL-20230719-9-150x150.jpg",150,150,true]},"magazine_blocks_author":{"display_name":"Redactor","author_link":"https:\/\/pornuestrolaredo.com\/?author=1"},"magazine_blocks_comment":0,"magazine_blocks_author_image":"https:\/\/pornuestrolaredo.com\/wp-content\/litespeed\/avatar\/dca1d7ec750c399f025f23b0b314f4cf.jpg?ver=1777007253","magazine_blocks_category":"<a href=\"#\" class=\"category-link category-link-9\">El Mundo<\/a>","jetpack_publicize_connections":[],"featured_image_urls":{"full":["https:\/\/pornuestrolaredo.com\/wp-content\/uploads\/2023\/07\/PNL-20230719-9.jpg",980,653,false],"thumbnail":["https:\/\/pornuestrolaredo.com\/wp-content\/uploads\/2023\/07\/PNL-20230719-9-150x150.jpg",150,150,true],"medium":["https:\/\/pornuestrolaredo.com\/wp-content\/uploads\/2023\/07\/PNL-20230719-9-300x200.jpg",300,200,true],"medium_large":["https:\/\/pornuestrolaredo.com\/wp-content\/uploads\/2023\/07\/PNL-20230719-9-768x512.jpg",640,427,true],"large":["https:\/\/pornuestrolaredo.com\/wp-content\/uploads\/2023\/07\/PNL-20230719-9.jpg",640,426,false],"1536x1536":["https:\/\/pornuestrolaredo.com\/wp-content\/uploads\/2023\/07\/PNL-20230719-9.jpg",980,653,false],"2048x2048":["https:\/\/pornuestrolaredo.com\/wp-content\/uploads\/2023\/07\/PNL-20230719-9.jpg",980,653,false],"morenews-large":["https:\/\/pornuestrolaredo.com\/wp-content\/uploads\/2023\/07\/PNL-20230719-9.jpg",825,550,false],"morenews-medium":["https:\/\/pornuestrolaredo.com\/wp-content\/uploads\/2023\/07\/PNL-20230719-9.jpg",590,393,false]},"author_info":{"info":["Redactor"]},"category_info":"<a href=\"https:\/\/pornuestrolaredo.com\/?cat=9\" rel=\"category\">El Mundo<\/a>","tag_info":"El Mundo","comment_count":"0","jetpack_featured_media_url":"https:\/\/pornuestrolaredo.com\/wp-content\/uploads\/2023\/07\/PNL-20230719-9.jpg","jetpack_sharing_enabled":true,"_links":{"self":[{"href":"https:\/\/pornuestrolaredo.com\/index.php?rest_route=\/wp\/v2\/posts\/2735","targetHints":{"allow":["GET"]}}],"collection":[{"href":"https:\/\/pornuestrolaredo.com\/index.php?rest_route=\/wp\/v2\/posts"}],"about":[{"href":"https:\/\/pornuestrolaredo.com\/index.php?rest_route=\/wp\/v2\/types\/post"}],"author":[{"embeddable":true,"href":"https:\/\/pornuestrolaredo.com\/index.php?rest_route=\/wp\/v2\/users\/1"}],"replies":[{"embeddable":true,"href":"https:\/\/pornuestrolaredo.com\/index.php?rest_route=%2Fwp%2Fv2%2Fcomments&post=2735"}],"version-history":[{"count":1,"href":"https:\/\/pornuestrolaredo.com\/index.php?rest_route=\/wp\/v2\/posts\/2735\/revisions"}],"predecessor-version":[{"id":2737,"href":"https:\/\/pornuestrolaredo.com\/index.php?rest_route=\/wp\/v2\/posts\/2735\/revisions\/2737"}],"wp:featuredmedia":[{"embeddable":true,"href":"https:\/\/pornuestrolaredo.com\/index.php?rest_route=\/wp\/v2\/media\/2736"}],"wp:attachment":[{"href":"https:\/\/pornuestrolaredo.com\/index.php?rest_route=%2Fwp%2Fv2%2Fmedia&parent=2735"}],"wp:term":[{"taxonomy":"category","embeddable":true,"href":"https:\/\/pornuestrolaredo.com\/index.php?rest_route=%2Fwp%2Fv2%2Fcategories&post=2735"},{"taxonomy":"post_tag","embeddable":true,"href":"https:\/\/pornuestrolaredo.com\/index.php?rest_route=%2Fwp%2Fv2%2Ftags&post=2735"}],"curies":[{"name":"wp","href":"https:\/\/api.w.org\/{rel}","templated":true}]}}