{"id":2745,"date":"2023-07-20T20:00:55","date_gmt":"2023-07-20T20:00:55","guid":{"rendered":"https:\/\/pornuestrolaredo.com\/?p=2745"},"modified":"2023-07-20T20:00:55","modified_gmt":"2023-07-20T20:00:55","slug":"abre-todos-los-dias-un-nuevo-negocio-en-nuevo-laredo","status":"publish","type":"post","link":"https:\/\/pornuestrolaredo.com\/?p=2745","title":{"rendered":"Abre todos los d\u00edas un nuevo negocio en Nuevo Laredo"},"content":{"rendered":"<p><strong><em>NUEVO LAREDO.-<\/em> <\/strong>M\u00e1s de 160 negocios han abierto sus puertas en Nuevo Laredo en lo que va del 2023, gracias a las facilidades que el Gobierno de Nuevo Laredo ofrece a inversionistas y emprendedores.<\/p>\n<p>La alcaldesa Carmen Lilia Canturosas Villarreal, encabez\u00f3 el corte de list\u00f3n del nuevo restaurante \u201cMaki Sushi &#038; Drinks\u201d, ubicado en Plaza Punto Madero.<\/p>\n<p>La presidenta municipal indic\u00f3 que trabajar\u00e1 de la mano con los empresarios, pendiente a sus necesidades y brind\u00e1ndoles el apoyo necesario para consolidar a Nuevo Laredo como un referente en desarrollo econ\u00f3mico.<\/p>\n<blockquote><p>Emprendimientos como este contribuyen al desarrollo econ\u00f3mico, la generaci\u00f3n de empleo y la apertura de nuevos negocios, son un testimonio del buen momento que vive nuestra ciudad. Juntos, seguiremos construyendo un futuro prometedor, basado en la innovaci\u00f3n, el emprendimiento y la visi\u00f3n de un Nuevo Laredo pr\u00f3spero.\u201d, se\u00f1al\u00f3.<\/p><\/blockquote>\n<p>Canturosas Villarreal reiter\u00f3 el compromiso del Gobierno Municipal para generar las condiciones propicias para la inversi\u00f3n y que trabajar\u00e1 incansablemente para fomentar un entorno donde los emprendedores y empresarios, puedan florecer y prosperar ya que su \u00e9xito tambi\u00e9n es de la ciudad.<\/p>\n<p>Los giros m\u00e1s populares en la apertura de los 169 nuevos negocios son: alimentos con el 49%, boutique y ropa con el 20% y est\u00e9ticas o barber\u00edas con el 12%, el restante pertenece a pasteler\u00edas, mini s\u00faper, accesorios para celulares, entre otros.<\/p>\n<p>En promedio, aperturan siete negocios por semana y es el sector poniente la zona que m\u00e1s ha resaltado con un total de 77 establecimientos que se consolidaron durante el primer semestre del a\u00f1o.<\/p>\n","protected":false},"excerpt":{"rendered":"<p>Inversionistas y emprendedores aprovechan las facilidades y el apoyo que brinda el Gobierno de Nuevo Laredo<\/p>\n","protected":false},"author":1,"featured_media":2746,"comment_status":"closed","ping_status":"closed","sticky":false,"template":"","format":"standard","meta":{"_crdt_document":"","_jetpack_memberships_contains_paid_content":false,"footnotes":"","jetpack_publicize_message":"","jetpack_publicize_feature_enabled":true,"jetpack_social_post_already_shared":true,"jetpack_social_options":{"image_generator_settings":{"template":"highway","default_image_id":0,"font":"","enabled":false},"version":2},"_wpas_customize_per_network":false},"categories":[4],"tags":[],"class_list":["post-2745","post","type-post","status-publish","format-standard","has-post-thumbnail","hentry","category-los-dos-laredos"],"magazineBlocksPostFeaturedMedia":{"thumbnail":"https:\/\/pornuestrolaredo.com\/wp-content\/uploads\/2023\/07\/PNL-20230729-4-150x150.jpg","medium":"https:\/\/pornuestrolaredo.com\/wp-content\/uploads\/2023\/07\/PNL-20230729-4-300x200.jpg","medium_large":"https:\/\/pornuestrolaredo.com\/wp-content\/uploads\/2023\/07\/PNL-20230729-4-768x511.jpg","large":"https:\/\/pornuestrolaredo.com\/wp-content\/uploads\/2023\/07\/PNL-20230729-4.jpg","1536x1536":"https:\/\/pornuestrolaredo.com\/wp-content\/uploads\/2023\/07\/PNL-20230729-4.jpg","2048x2048":"https:\/\/pornuestrolaredo.com\/wp-content\/uploads\/2023\/07\/PNL-20230729-4.jpg","morenews-large":"https:\/\/pornuestrolaredo.com\/wp-content\/uploads\/2023\/07\/PNL-20230729-4.jpg","morenews-medium":"https:\/\/pornuestrolaredo.com\/wp-content\/uploads\/2023\/07\/PNL-20230729-4.jpg"},"magazineBlocksPostAuthor":{"name":"Redactor","avatar":"https:\/\/pornuestrolaredo.com\/wp-content\/litespeed\/avatar\/dca1d7ec750c399f025f23b0b314f4cf.jpg?ver=1777007253"},"magazineBlocksPostCommentsNumber":false,"magazineBlocksPostExcerpt":"Inversionistas y emprendedores aprovechan las facilidades y el apoyo que brinda el Gobierno de Nuevo Laredo","magazineBlocksPostCategories":["Los dos Laredos"],"magazineBlocksPostViewCount":124,"magazineBlocksPostReadTime":2,"magazine_blocks_featured_image_url":{"full":["https:\/\/pornuestrolaredo.com\/wp-content\/uploads\/2023\/07\/PNL-20230729-4.jpg",1000,666,false],"medium":["https:\/\/pornuestrolaredo.com\/wp-content\/uploads\/2023\/07\/PNL-20230729-4-300x200.jpg",300,200,true],"thumbnail":["https:\/\/pornuestrolaredo.com\/wp-content\/uploads\/2023\/07\/PNL-20230729-4-150x150.jpg",150,150,true]},"magazine_blocks_author":{"display_name":"Redactor","author_link":"https:\/\/pornuestrolaredo.com\/?author=1"},"magazine_blocks_comment":0,"magazine_blocks_author_image":"https:\/\/pornuestrolaredo.com\/wp-content\/litespeed\/avatar\/dca1d7ec750c399f025f23b0b314f4cf.jpg?ver=1777007253","magazine_blocks_category":"<a href=\"#\" class=\"category-link category-link-4\">Los dos Laredos<\/a>","jetpack_publicize_connections":[],"featured_image_urls":{"full":["https:\/\/pornuestrolaredo.com\/wp-content\/uploads\/2023\/07\/PNL-20230729-4.jpg",1000,666,false],"thumbnail":["https:\/\/pornuestrolaredo.com\/wp-content\/uploads\/2023\/07\/PNL-20230729-4-150x150.jpg",150,150,true],"medium":["https:\/\/pornuestrolaredo.com\/wp-content\/uploads\/2023\/07\/PNL-20230729-4-300x200.jpg",300,200,true],"medium_large":["https:\/\/pornuestrolaredo.com\/wp-content\/uploads\/2023\/07\/PNL-20230729-4-768x511.jpg",640,426,true],"large":["https:\/\/pornuestrolaredo.com\/wp-content\/uploads\/2023\/07\/PNL-20230729-4.jpg",640,426,false],"1536x1536":["https:\/\/pornuestrolaredo.com\/wp-content\/uploads\/2023\/07\/PNL-20230729-4.jpg",1000,666,false],"2048x2048":["https:\/\/pornuestrolaredo.com\/wp-content\/uploads\/2023\/07\/PNL-20230729-4.jpg",1000,666,false],"morenews-large":["https:\/\/pornuestrolaredo.com\/wp-content\/uploads\/2023\/07\/PNL-20230729-4.jpg",825,549,false],"morenews-medium":["https:\/\/pornuestrolaredo.com\/wp-content\/uploads\/2023\/07\/PNL-20230729-4.jpg",590,393,false]},"author_info":{"info":["Redactor"]},"category_info":"<a href=\"https:\/\/pornuestrolaredo.com\/?cat=4\" rel=\"category\">Los dos Laredos<\/a>","tag_info":"Los dos Laredos","comment_count":"0","jetpack_featured_media_url":"https:\/\/pornuestrolaredo.com\/wp-content\/uploads\/2023\/07\/PNL-20230729-4.jpg","jetpack_sharing_enabled":true,"_links":{"self":[{"href":"https:\/\/pornuestrolaredo.com\/index.php?rest_route=\/wp\/v2\/posts\/2745","targetHints":{"allow":["GET"]}}],"collection":[{"href":"https:\/\/pornuestrolaredo.com\/index.php?rest_route=\/wp\/v2\/posts"}],"about":[{"href":"https:\/\/pornuestrolaredo.com\/index.php?rest_route=\/wp\/v2\/types\/post"}],"author":[{"embeddable":true,"href":"https:\/\/pornuestrolaredo.com\/index.php?rest_route=\/wp\/v2\/users\/1"}],"replies":[{"embeddable":true,"href":"https:\/\/pornuestrolaredo.com\/index.php?rest_route=%2Fwp%2Fv2%2Fcomments&post=2745"}],"version-history":[{"count":1,"href":"https:\/\/pornuestrolaredo.com\/index.php?rest_route=\/wp\/v2\/posts\/2745\/revisions"}],"predecessor-version":[{"id":2747,"href":"https:\/\/pornuestrolaredo.com\/index.php?rest_route=\/wp\/v2\/posts\/2745\/revisions\/2747"}],"wp:featuredmedia":[{"embeddable":true,"href":"https:\/\/pornuestrolaredo.com\/index.php?rest_route=\/wp\/v2\/media\/2746"}],"wp:attachment":[{"href":"https:\/\/pornuestrolaredo.com\/index.php?rest_route=%2Fwp%2Fv2%2Fmedia&parent=2745"}],"wp:term":[{"taxonomy":"category","embeddable":true,"href":"https:\/\/pornuestrolaredo.com\/index.php?rest_route=%2Fwp%2Fv2%2Fcategories&post=2745"},{"taxonomy":"post_tag","embeddable":true,"href":"https:\/\/pornuestrolaredo.com\/index.php?rest_route=%2Fwp%2Fv2%2Ftags&post=2745"}],"curies":[{"name":"wp","href":"https:\/\/api.w.org\/{rel}","templated":true}]}}