{"id":2759,"date":"2023-07-24T02:12:56","date_gmt":"2023-07-24T02:12:56","guid":{"rendered":"https:\/\/pornuestrolaredo.com\/?p=2759"},"modified":"2023-07-24T02:12:56","modified_gmt":"2023-07-24T02:12:56","slug":"habra-taxis-aereos-en-eu-para-el-2028","status":"publish","type":"post","link":"https:\/\/pornuestrolaredo.com\/?p=2759","title":{"rendered":"Habr\u00e1 taxis a\u00e9reos en EU para el 2028"},"content":{"rendered":"<p><strong>WASHINGTON DC.-<\/strong> Los taxis a\u00e9reos urbanos podr\u00e1n empezar a sobrevolar las ciudades estadounidenses en 2028 si se ajustan en gran medida a las normas de vuelo vigentes para helic\u00f3pteros y otras aeronaves de baja altitud, seg\u00fan los reguladores federales.<\/p>\n<p>El cronograma publicado por la Administraci\u00f3n Federal de Aviaci\u00f3n (FAA, por sus siglas en ingl\u00e9s) supera en tres a\u00f1os el objetivo inicial de la agencia de certificar la primera de estas aeronaves para 2025.<\/p>\n<p>Durante las fases iniciales, los taxis contar\u00e1n con pilotos humanos, en lugar de los controladores rob\u00f3ticos que el sector pretende finalmente usar.<\/p>\n<p>Las acciones Joby Aviation Inc. y Archer Aviation Inc., que est\u00e1n desarrollando aeronaves que pueden despegar verticalmente y volar de punto a punto como los aviones, cayeron tras el anuncio.<\/p>\n<p>Las acciones de Joby se desplomaron hasta 5.6 por ciento, mientras que las de Archer cayeron m\u00e1s de 3 por ciento antes de recuperar esas p\u00e9rdidas.<\/p>\n<p>El plazo de 2028 fijado por la FAA representa la realidad del tiempo que probablemente se tardar\u00e1 no s\u00f3lo en aprobar los dise\u00f1os de las aeronaves, sino tambi\u00e9n en establecer peque\u00f1as aerol\u00edneas, crear normas de formaci\u00f3n de pilotos y otros muchos requisitos antes de que los nuevos aparatos puedan transportar pasajeros.<\/p>\n<p>En su plan de implantaci\u00f3n, la FAA utiliza un lenguaje com\u00fan para describir el funcionamiento de los aparatos, que califica de &#8220;nueva era de la aviaci\u00f3n que antes s\u00f3lo se describ\u00eda en las pel\u00edculas o en la ciencia ficci\u00f3n&#8221;.<\/p>\n<p>Aun as\u00ed, las operaciones se parecer\u00e1n mucho al sistema de aviaci\u00f3n existente a medida que se introduzca la nueva tecnolog\u00eda.<\/p>\n<p>La agencia tambi\u00e9n quiere crear corredores de taxis para mantenerlos alejados de otros aviones y limitar el trabajo adicional de los controladores a\u00e9reos.<\/p>\n","protected":false},"excerpt":{"rendered":"<p>Sin embargo, antes deber\u00e1n ajustarse a las normas de vuelo vigentes para helic\u00f3pteros y otras aeronaves de baja altitud<\/p>\n","protected":false},"author":1,"featured_media":2760,"comment_status":"closed","ping_status":"closed","sticky":false,"template":"","format":"standard","meta":{"_crdt_document":"","_jetpack_memberships_contains_paid_content":false,"footnotes":"","jetpack_publicize_message":"","jetpack_publicize_feature_enabled":true,"jetpack_social_post_already_shared":true,"jetpack_social_options":{"image_generator_settings":{"template":"highway","default_image_id":0,"font":"","enabled":false},"version":2},"_wpas_customize_per_network":false},"categories":[9],"tags":[],"class_list":["post-2759","post","type-post","status-publish","format-standard","has-post-thumbnail","hentry","category-el-mundo"],"magazineBlocksPostFeaturedMedia":{"thumbnail":"https:\/\/pornuestrolaredo.com\/wp-content\/uploads\/2023\/07\/PNL-20230724-7-150x150.jpeg","medium":"https:\/\/pornuestrolaredo.com\/wp-content\/uploads\/2023\/07\/PNL-20230724-7-300x200.jpeg","medium_large":"https:\/\/pornuestrolaredo.com\/wp-content\/uploads\/2023\/07\/PNL-20230724-7-768x512.jpeg","large":"https:\/\/pornuestrolaredo.com\/wp-content\/uploads\/2023\/07\/PNL-20230724-7.jpeg","1536x1536":"https:\/\/pornuestrolaredo.com\/wp-content\/uploads\/2023\/07\/PNL-20230724-7.jpeg","2048x2048":"https:\/\/pornuestrolaredo.com\/wp-content\/uploads\/2023\/07\/PNL-20230724-7.jpeg","morenews-large":"https:\/\/pornuestrolaredo.com\/wp-content\/uploads\/2023\/07\/PNL-20230724-7.jpeg","morenews-medium":"https:\/\/pornuestrolaredo.com\/wp-content\/uploads\/2023\/07\/PNL-20230724-7.jpeg"},"magazineBlocksPostAuthor":{"name":"Redactor","avatar":"https:\/\/pornuestrolaredo.com\/wp-content\/litespeed\/avatar\/dca1d7ec750c399f025f23b0b314f4cf.jpg?ver=1777007253"},"magazineBlocksPostCommentsNumber":false,"magazineBlocksPostExcerpt":"Sin embargo, antes deber\u00e1n ajustarse a las normas de vuelo vigentes para helic\u00f3pteros y otras aeronaves de baja altitud","magazineBlocksPostCategories":["El Mundo"],"magazineBlocksPostViewCount":121,"magazineBlocksPostReadTime":2,"magazine_blocks_featured_image_url":{"full":["https:\/\/pornuestrolaredo.com\/wp-content\/uploads\/2023\/07\/PNL-20230724-7.jpeg",960,640,false],"medium":["https:\/\/pornuestrolaredo.com\/wp-content\/uploads\/2023\/07\/PNL-20230724-7-300x200.jpeg",300,200,true],"thumbnail":["https:\/\/pornuestrolaredo.com\/wp-content\/uploads\/2023\/07\/PNL-20230724-7-150x150.jpeg",150,150,true]},"magazine_blocks_author":{"display_name":"Redactor","author_link":"https:\/\/pornuestrolaredo.com\/?author=1"},"magazine_blocks_comment":0,"magazine_blocks_author_image":"https:\/\/pornuestrolaredo.com\/wp-content\/litespeed\/avatar\/dca1d7ec750c399f025f23b0b314f4cf.jpg?ver=1777007253","magazine_blocks_category":"<a href=\"#\" class=\"category-link category-link-9\">El Mundo<\/a>","jetpack_publicize_connections":[],"featured_image_urls":{"full":["https:\/\/pornuestrolaredo.com\/wp-content\/uploads\/2023\/07\/PNL-20230724-7.jpeg",960,640,false],"thumbnail":["https:\/\/pornuestrolaredo.com\/wp-content\/uploads\/2023\/07\/PNL-20230724-7-150x150.jpeg",150,150,true],"medium":["https:\/\/pornuestrolaredo.com\/wp-content\/uploads\/2023\/07\/PNL-20230724-7-300x200.jpeg",300,200,true],"medium_large":["https:\/\/pornuestrolaredo.com\/wp-content\/uploads\/2023\/07\/PNL-20230724-7-768x512.jpeg",640,427,true],"large":["https:\/\/pornuestrolaredo.com\/wp-content\/uploads\/2023\/07\/PNL-20230724-7.jpeg",640,427,false],"1536x1536":["https:\/\/pornuestrolaredo.com\/wp-content\/uploads\/2023\/07\/PNL-20230724-7.jpeg",960,640,false],"2048x2048":["https:\/\/pornuestrolaredo.com\/wp-content\/uploads\/2023\/07\/PNL-20230724-7.jpeg",960,640,false],"morenews-large":["https:\/\/pornuestrolaredo.com\/wp-content\/uploads\/2023\/07\/PNL-20230724-7.jpeg",825,550,false],"morenews-medium":["https:\/\/pornuestrolaredo.com\/wp-content\/uploads\/2023\/07\/PNL-20230724-7.jpeg",590,393,false]},"author_info":{"info":["Redactor"]},"category_info":"<a href=\"https:\/\/pornuestrolaredo.com\/?cat=9\" rel=\"category\">El Mundo<\/a>","tag_info":"El Mundo","comment_count":"0","jetpack_featured_media_url":"https:\/\/pornuestrolaredo.com\/wp-content\/uploads\/2023\/07\/PNL-20230724-7.jpeg","jetpack_sharing_enabled":true,"_links":{"self":[{"href":"https:\/\/pornuestrolaredo.com\/index.php?rest_route=\/wp\/v2\/posts\/2759","targetHints":{"allow":["GET"]}}],"collection":[{"href":"https:\/\/pornuestrolaredo.com\/index.php?rest_route=\/wp\/v2\/posts"}],"about":[{"href":"https:\/\/pornuestrolaredo.com\/index.php?rest_route=\/wp\/v2\/types\/post"}],"author":[{"embeddable":true,"href":"https:\/\/pornuestrolaredo.com\/index.php?rest_route=\/wp\/v2\/users\/1"}],"replies":[{"embeddable":true,"href":"https:\/\/pornuestrolaredo.com\/index.php?rest_route=%2Fwp%2Fv2%2Fcomments&post=2759"}],"version-history":[{"count":1,"href":"https:\/\/pornuestrolaredo.com\/index.php?rest_route=\/wp\/v2\/posts\/2759\/revisions"}],"predecessor-version":[{"id":2761,"href":"https:\/\/pornuestrolaredo.com\/index.php?rest_route=\/wp\/v2\/posts\/2759\/revisions\/2761"}],"wp:featuredmedia":[{"embeddable":true,"href":"https:\/\/pornuestrolaredo.com\/index.php?rest_route=\/wp\/v2\/media\/2760"}],"wp:attachment":[{"href":"https:\/\/pornuestrolaredo.com\/index.php?rest_route=%2Fwp%2Fv2%2Fmedia&parent=2759"}],"wp:term":[{"taxonomy":"category","embeddable":true,"href":"https:\/\/pornuestrolaredo.com\/index.php?rest_route=%2Fwp%2Fv2%2Fcategories&post=2759"},{"taxonomy":"post_tag","embeddable":true,"href":"https:\/\/pornuestrolaredo.com\/index.php?rest_route=%2Fwp%2Fv2%2Ftags&post=2759"}],"curies":[{"name":"wp","href":"https:\/\/api.w.org\/{rel}","templated":true}]}}