{"id":2764,"date":"2023-07-24T18:36:44","date_gmt":"2023-07-24T18:36:44","guid":{"rendered":"https:\/\/pornuestrolaredo.com\/?p=2764"},"modified":"2023-07-24T18:36:44","modified_gmt":"2023-07-24T18:36:44","slug":"dice-musk-adios-al-pajaro-de-twitter","status":"publish","type":"post","link":"https:\/\/pornuestrolaredo.com\/?p=2764","title":{"rendered":"Dice Musk adi\u00f3s al p\u00e1jaro de Twitter"},"content":{"rendered":"<p><strong>NUEVA YORK.- <\/strong>Elon Musk le dijo adi\u00f3s al tradicional logotipo de Twitter.<\/p>\n<p>Luego de una publicaci\u00f3n realizada este domingo, el mismo d\u00eda por la noche sustituy\u00f3 el p\u00e1jaro azul por una X.<\/p>\n<p>El domingo, Musk hab\u00eda dicho que \u201csi se publica un logo X lo suficientemente bueno esta noche, haremos (que) salga en vivo en todo el mundo ma\u00f1ana\u201d.<\/p>\n<p>Musk public\u00f3 una imagen de una \u201cX\u201d parpadeante, y m\u00e1s tarde en un chat de audio de Twitter Spaces respondi\u00f3 \u201cs\u00ed\u201d cuando se le pregunt\u00f3 si el logotipo de Twitter cambiar\u00eda, a\u00f1adiendo que \u201cdeber\u00eda haberse hecho hace mucho tiempo\u201d.<\/p>\n<p>Bajo el tumultuoso mandato de Musk desde que compr\u00f3 Twitter en octubre, la empresa ha cambiado su nombre comercial a X Corp, reflejando la visi\u00f3n del multimillonario de crear una \u201csuper app\u201d como la china WeChat.<\/p>\n<p>La empresa no respondi\u00f3 de inmediato a una solicitud de comentarios.<\/p>\n<p>El p\u00e1jaro fue sustituido temporalmente en abril por el perro Shiba Inu de Dogecoin, lo que contribuy\u00f3 a aumentar el valor de mercado de la moneda meme.<\/p>\n<p>La empresa fue objeto de cr\u00edticas generalizadas por parte de usuarios y profesionales de la mercadotecnia cuando Musk anunci\u00f3 a principios de este mes que Twitter limitar\u00eda el n\u00famero de tuits diarios que pueden leer varias cuentas. Los l\u00edmites diarios ayudaron al crecimiento del servicio competidor Threads, propiedad de Meta, que super\u00f3 los 100 millones de registros a los cinco d\u00edas de su lanzamiento.<\/p>\n","protected":false},"excerpt":{"rendered":"<p>Ahora, la red social tiene como logotipo una X, en referencia a la marca comercial X Corp<\/p>\n","protected":false},"author":1,"featured_media":2765,"comment_status":"closed","ping_status":"closed","sticky":false,"template":"","format":"standard","meta":{"_crdt_document":"","_jetpack_memberships_contains_paid_content":false,"footnotes":"","jetpack_publicize_message":"","jetpack_publicize_feature_enabled":true,"jetpack_social_post_already_shared":true,"jetpack_social_options":{"image_generator_settings":{"template":"highway","default_image_id":0,"font":"","enabled":false},"version":2},"_wpas_customize_per_network":false},"categories":[9],"tags":[],"class_list":["post-2764","post","type-post","status-publish","format-standard","has-post-thumbnail","hentry","category-el-mundo"],"magazineBlocksPostFeaturedMedia":{"thumbnail":"https:\/\/pornuestrolaredo.com\/wp-content\/uploads\/2023\/07\/PNL-20230724-1-150x150.webp","medium":"https:\/\/pornuestrolaredo.com\/wp-content\/uploads\/2023\/07\/PNL-20230724-1-300x169.webp","medium_large":"https:\/\/pornuestrolaredo.com\/wp-content\/uploads\/2023\/07\/PNL-20230724-1-768x432.webp","large":"https:\/\/pornuestrolaredo.com\/wp-content\/uploads\/2023\/07\/PNL-20230724-1-1000x563.webp","1536x1536":"https:\/\/pornuestrolaredo.com\/wp-content\/uploads\/2023\/07\/PNL-20230724-1-1536x864.webp","2048x2048":"https:\/\/pornuestrolaredo.com\/wp-content\/uploads\/2023\/07\/PNL-20230724-1.webp","morenews-large":"https:\/\/pornuestrolaredo.com\/wp-content\/uploads\/2023\/07\/PNL-20230724-1.webp","morenews-medium":"https:\/\/pornuestrolaredo.com\/wp-content\/uploads\/2023\/07\/PNL-20230724-1.webp"},"magazineBlocksPostAuthor":{"name":"Redactor","avatar":"https:\/\/pornuestrolaredo.com\/wp-content\/litespeed\/avatar\/dca1d7ec750c399f025f23b0b314f4cf.jpg?ver=1777007253"},"magazineBlocksPostCommentsNumber":false,"magazineBlocksPostExcerpt":"Ahora, la red social tiene como logotipo una X, en referencia a la marca comercial X Corp","magazineBlocksPostCategories":["El Mundo"],"magazineBlocksPostViewCount":127,"magazineBlocksPostReadTime":2,"magazine_blocks_featured_image_url":{"full":["https:\/\/pornuestrolaredo.com\/wp-content\/uploads\/2023\/07\/PNL-20230724-1.webp",1600,900,false],"medium":["https:\/\/pornuestrolaredo.com\/wp-content\/uploads\/2023\/07\/PNL-20230724-1-300x169.webp",300,169,true],"thumbnail":["https:\/\/pornuestrolaredo.com\/wp-content\/uploads\/2023\/07\/PNL-20230724-1-150x150.webp",150,150,true]},"magazine_blocks_author":{"display_name":"Redactor","author_link":"https:\/\/pornuestrolaredo.com\/?author=1"},"magazine_blocks_comment":0,"magazine_blocks_author_image":"https:\/\/pornuestrolaredo.com\/wp-content\/litespeed\/avatar\/dca1d7ec750c399f025f23b0b314f4cf.jpg?ver=1777007253","magazine_blocks_category":"<a href=\"#\" class=\"category-link category-link-9\">El Mundo<\/a>","jetpack_publicize_connections":[],"featured_image_urls":{"full":["https:\/\/pornuestrolaredo.com\/wp-content\/uploads\/2023\/07\/PNL-20230724-1.webp",1600,900,false],"thumbnail":["https:\/\/pornuestrolaredo.com\/wp-content\/uploads\/2023\/07\/PNL-20230724-1-150x150.webp",150,150,true],"medium":["https:\/\/pornuestrolaredo.com\/wp-content\/uploads\/2023\/07\/PNL-20230724-1-300x169.webp",300,169,true],"medium_large":["https:\/\/pornuestrolaredo.com\/wp-content\/uploads\/2023\/07\/PNL-20230724-1-768x432.webp",640,360,true],"large":["https:\/\/pornuestrolaredo.com\/wp-content\/uploads\/2023\/07\/PNL-20230724-1-1000x563.webp",640,360,true],"1536x1536":["https:\/\/pornuestrolaredo.com\/wp-content\/uploads\/2023\/07\/PNL-20230724-1-1536x864.webp",1536,864,true],"2048x2048":["https:\/\/pornuestrolaredo.com\/wp-content\/uploads\/2023\/07\/PNL-20230724-1.webp",1600,900,false],"morenews-large":["https:\/\/pornuestrolaredo.com\/wp-content\/uploads\/2023\/07\/PNL-20230724-1.webp",825,464,false],"morenews-medium":["https:\/\/pornuestrolaredo.com\/wp-content\/uploads\/2023\/07\/PNL-20230724-1.webp",590,332,false]},"author_info":{"info":["Redactor"]},"category_info":"<a href=\"https:\/\/pornuestrolaredo.com\/?cat=9\" rel=\"category\">El Mundo<\/a>","tag_info":"El Mundo","comment_count":"0","jetpack_featured_media_url":"https:\/\/pornuestrolaredo.com\/wp-content\/uploads\/2023\/07\/PNL-20230724-1.webp","jetpack_sharing_enabled":true,"_links":{"self":[{"href":"https:\/\/pornuestrolaredo.com\/index.php?rest_route=\/wp\/v2\/posts\/2764","targetHints":{"allow":["GET"]}}],"collection":[{"href":"https:\/\/pornuestrolaredo.com\/index.php?rest_route=\/wp\/v2\/posts"}],"about":[{"href":"https:\/\/pornuestrolaredo.com\/index.php?rest_route=\/wp\/v2\/types\/post"}],"author":[{"embeddable":true,"href":"https:\/\/pornuestrolaredo.com\/index.php?rest_route=\/wp\/v2\/users\/1"}],"replies":[{"embeddable":true,"href":"https:\/\/pornuestrolaredo.com\/index.php?rest_route=%2Fwp%2Fv2%2Fcomments&post=2764"}],"version-history":[{"count":1,"href":"https:\/\/pornuestrolaredo.com\/index.php?rest_route=\/wp\/v2\/posts\/2764\/revisions"}],"predecessor-version":[{"id":2766,"href":"https:\/\/pornuestrolaredo.com\/index.php?rest_route=\/wp\/v2\/posts\/2764\/revisions\/2766"}],"wp:featuredmedia":[{"embeddable":true,"href":"https:\/\/pornuestrolaredo.com\/index.php?rest_route=\/wp\/v2\/media\/2765"}],"wp:attachment":[{"href":"https:\/\/pornuestrolaredo.com\/index.php?rest_route=%2Fwp%2Fv2%2Fmedia&parent=2764"}],"wp:term":[{"taxonomy":"category","embeddable":true,"href":"https:\/\/pornuestrolaredo.com\/index.php?rest_route=%2Fwp%2Fv2%2Fcategories&post=2764"},{"taxonomy":"post_tag","embeddable":true,"href":"https:\/\/pornuestrolaredo.com\/index.php?rest_route=%2Fwp%2Fv2%2Ftags&post=2764"}],"curies":[{"name":"wp","href":"https:\/\/api.w.org\/{rel}","templated":true}]}}