{"id":2767,"date":"2023-07-25T19:27:13","date_gmt":"2023-07-25T19:27:13","guid":{"rendered":"https:\/\/pornuestrolaredo.com\/?p=2767"},"modified":"2023-07-25T19:27:13","modified_gmt":"2023-07-25T19:27:13","slug":"entregaran-mochilas-con-utiles-a-estudiantes-de-nld","status":"publish","type":"post","link":"https:\/\/pornuestrolaredo.com\/?p=2767","title":{"rendered":"Entregar\u00e1n mochilas con \u00fatiles a estudiantes de NLD"},"content":{"rendered":"<p><strong>NUEVO LAREDO.-<\/strong> M\u00e1s de 80 mil mochilas con \u00fatiles escolares ser\u00e1n repartidas a estudiantes de preescolar, educaci\u00f3n especial, primaria y secundaria.<\/p>\n<p>Esta acci\u00f3n, que buscar ayudar a la econom\u00eda de las familias con estudiantes de nivel b\u00e1sico, la realiza el Gobierno del Estado en Nuevo Laredo a trav\u00e9s de la Secretar\u00eda de Educaci\u00f3n de Tamaulipas, pero tambi\u00e9n en el resto del Estado.<\/p>\n<p>C\u00e9sar Bola\u00f1os Hern\u00e1ndez, jefe del Centro Regional de Desarrollo Educativo de Nuevo Laredo, llam\u00f3 a los padres de familia a evitar un gasto doble al esperar a recibir el paquete para sus hijos y organizarse con el resto del material que necesitar\u00e1n para el regreso a clases.<\/p>\n<p>Bola\u00f1os Hern\u00e1ndez\u00a0 dijo que el programa de \u00datiles Escolares contempla la entrega de m\u00e1s de 80 mil paquetes de art\u00edculos did\u00e1cticos a igual n\u00famero de alumnos en todas las escuelas. El proceso de entrega iniciar\u00e1 el 7 de agosto, a pesar que el inicio de clases est\u00e1 programado para el 29.<\/p>\n<p>Ser\u00e1n cinco tipos de paquetes: para educaci\u00f3n especial estar\u00e1 compuesto por un block de hojas tama\u00f1o carta con 100 hojas, tijeras punta redonda, caja de crayones con 12 colores diferentes, caja de plastilina con 10 barras de colores diferentes, l\u00e1piz adhesivo, caja de colores de madera con 12 l\u00e1pices, dos pliegos de papel crep\u00e9, cinco hojas de \u201cfoamy\u201d y mochila con lapicera; el de educaci\u00f3n preescolar tendr\u00e1 un cuaderno profesional\u00a0 de dibujo con 100 hojas, acuarelas con pincel con 12 pastillas de colores, tijeras punta redonda, caja de crayones con 12 colores, caja de plastilina con 10 barras de colores, l\u00e1piz adhesivo, caja de colores de madera con 12 l\u00e1pices, dos pliegos de papel crep\u00e9, cinco hojas de \u201cfoamy\u201d y mochila con lapicera.<\/p>\n<p>Para primero a tercer grado de primaria, el paquete estar\u00e1 compuesto por cuaderno profesional de cuadro grande con 100 hojas, cuaderno profesional de raya con 100 hojas, cuaderno profesional doble raya con 100 hojas, cuaderno profesional dibujo con 100 hojas, tres l\u00e1pices n\u00famero dos, bicolor, caja de colores de madera con 12 l\u00e1pices, goma para borrar, sacapuntas, regla graduada y mochila con lapicera; de cuarto a sexto grado de Primaria, llevar\u00e1 cuaderno profesional de cuadro grande con 100 hojas, cuaderno profesional cuadro chico con 100 hojas, tres cuadernos profesionales de raya con 100 hojas, tres l\u00e1pices n\u00famero dos, bicolor, caja de colores de madera con 12 l\u00e1pices, dos bol\u00edgrafos, goma para borrar, sacapuntas, regla graduada y mochila con lapicera. Para alumnos de secundaria, de primero a tercer grado, su paquete de \u00fatiles escolares llevar\u00e1 cuaderno profesional de cuadro grande con 100 hojas, 6 cuadernos profesionales de raya con 100 hojas, dos cuadernos profesionales de raya con 150 hojas, tres l\u00e1pices n\u00famero 2, dos bol\u00edgrafos, goma para borrar, sacapuntas, regla graduada y mochila con lapicera.<\/p>\n","protected":false},"excerpt":{"rendered":"<p>Son m\u00e1s de 80 mil paquetes para preescolar, educaci\u00f3n especial, primaria y secundaria<\/p>\n","protected":false},"author":1,"featured_media":2768,"comment_status":"closed","ping_status":"closed","sticky":false,"template":"","format":"standard","meta":{"_crdt_document":"","_jetpack_memberships_contains_paid_content":false,"footnotes":"","jetpack_publicize_message":"","jetpack_publicize_feature_enabled":true,"jetpack_social_post_already_shared":true,"jetpack_social_options":{"image_generator_settings":{"template":"highway","default_image_id":0,"font":"","enabled":false},"version":2},"_wpas_customize_per_network":false},"categories":[4],"tags":[],"class_list":["post-2767","post","type-post","status-publish","format-standard","has-post-thumbnail","hentry","category-los-dos-laredos"],"magazineBlocksPostFeaturedMedia":{"thumbnail":"https:\/\/pornuestrolaredo.com\/wp-content\/uploads\/2023\/07\/Stereo91-20230725-1-150x150.jpg","medium":"https:\/\/pornuestrolaredo.com\/wp-content\/uploads\/2023\/07\/Stereo91-20230725-1-300x150.jpg","medium_large":"https:\/\/pornuestrolaredo.com\/wp-content\/uploads\/2023\/07\/Stereo91-20230725-1-768x384.jpg","large":"https:\/\/pornuestrolaredo.com\/wp-content\/uploads\/2023\/07\/Stereo91-20230725-1.jpg","1536x1536":"https:\/\/pornuestrolaredo.com\/wp-content\/uploads\/2023\/07\/Stereo91-20230725-1.jpg","2048x2048":"https:\/\/pornuestrolaredo.com\/wp-content\/uploads\/2023\/07\/Stereo91-20230725-1.jpg","morenews-large":"https:\/\/pornuestrolaredo.com\/wp-content\/uploads\/2023\/07\/Stereo91-20230725-1.jpg","morenews-medium":"https:\/\/pornuestrolaredo.com\/wp-content\/uploads\/2023\/07\/Stereo91-20230725-1.jpg"},"magazineBlocksPostAuthor":{"name":"Redactor","avatar":"https:\/\/pornuestrolaredo.com\/wp-content\/litespeed\/avatar\/dca1d7ec750c399f025f23b0b314f4cf.jpg?ver=1777007253"},"magazineBlocksPostCommentsNumber":false,"magazineBlocksPostExcerpt":"Son m\u00e1s de 80 mil paquetes para preescolar, educaci\u00f3n especial, primaria y secundaria","magazineBlocksPostCategories":["Los dos Laredos"],"magazineBlocksPostViewCount":143,"magazineBlocksPostReadTime":3,"magazine_blocks_featured_image_url":{"full":["https:\/\/pornuestrolaredo.com\/wp-content\/uploads\/2023\/07\/Stereo91-20230725-1.jpg",900,450,false],"medium":["https:\/\/pornuestrolaredo.com\/wp-content\/uploads\/2023\/07\/Stereo91-20230725-1-300x150.jpg",300,150,true],"thumbnail":["https:\/\/pornuestrolaredo.com\/wp-content\/uploads\/2023\/07\/Stereo91-20230725-1-150x150.jpg",150,150,true]},"magazine_blocks_author":{"display_name":"Redactor","author_link":"https:\/\/pornuestrolaredo.com\/?author=1"},"magazine_blocks_comment":0,"magazine_blocks_author_image":"https:\/\/pornuestrolaredo.com\/wp-content\/litespeed\/avatar\/dca1d7ec750c399f025f23b0b314f4cf.jpg?ver=1777007253","magazine_blocks_category":"<a href=\"#\" class=\"category-link category-link-4\">Los dos Laredos<\/a>","jetpack_publicize_connections":[],"featured_image_urls":{"full":["https:\/\/pornuestrolaredo.com\/wp-content\/uploads\/2023\/07\/Stereo91-20230725-1.jpg",900,450,false],"thumbnail":["https:\/\/pornuestrolaredo.com\/wp-content\/uploads\/2023\/07\/Stereo91-20230725-1-150x150.jpg",150,150,true],"medium":["https:\/\/pornuestrolaredo.com\/wp-content\/uploads\/2023\/07\/Stereo91-20230725-1-300x150.jpg",300,150,true],"medium_large":["https:\/\/pornuestrolaredo.com\/wp-content\/uploads\/2023\/07\/Stereo91-20230725-1-768x384.jpg",640,320,true],"large":["https:\/\/pornuestrolaredo.com\/wp-content\/uploads\/2023\/07\/Stereo91-20230725-1.jpg",640,320,false],"1536x1536":["https:\/\/pornuestrolaredo.com\/wp-content\/uploads\/2023\/07\/Stereo91-20230725-1.jpg",900,450,false],"2048x2048":["https:\/\/pornuestrolaredo.com\/wp-content\/uploads\/2023\/07\/Stereo91-20230725-1.jpg",900,450,false],"morenews-large":["https:\/\/pornuestrolaredo.com\/wp-content\/uploads\/2023\/07\/Stereo91-20230725-1.jpg",825,413,false],"morenews-medium":["https:\/\/pornuestrolaredo.com\/wp-content\/uploads\/2023\/07\/Stereo91-20230725-1.jpg",590,295,false]},"author_info":{"info":["Redactor"]},"category_info":"<a href=\"https:\/\/pornuestrolaredo.com\/?cat=4\" rel=\"category\">Los dos Laredos<\/a>","tag_info":"Los dos Laredos","comment_count":"0","jetpack_featured_media_url":"https:\/\/pornuestrolaredo.com\/wp-content\/uploads\/2023\/07\/Stereo91-20230725-1.jpg","jetpack_sharing_enabled":true,"_links":{"self":[{"href":"https:\/\/pornuestrolaredo.com\/index.php?rest_route=\/wp\/v2\/posts\/2767","targetHints":{"allow":["GET"]}}],"collection":[{"href":"https:\/\/pornuestrolaredo.com\/index.php?rest_route=\/wp\/v2\/posts"}],"about":[{"href":"https:\/\/pornuestrolaredo.com\/index.php?rest_route=\/wp\/v2\/types\/post"}],"author":[{"embeddable":true,"href":"https:\/\/pornuestrolaredo.com\/index.php?rest_route=\/wp\/v2\/users\/1"}],"replies":[{"embeddable":true,"href":"https:\/\/pornuestrolaredo.com\/index.php?rest_route=%2Fwp%2Fv2%2Fcomments&post=2767"}],"version-history":[{"count":1,"href":"https:\/\/pornuestrolaredo.com\/index.php?rest_route=\/wp\/v2\/posts\/2767\/revisions"}],"predecessor-version":[{"id":2769,"href":"https:\/\/pornuestrolaredo.com\/index.php?rest_route=\/wp\/v2\/posts\/2767\/revisions\/2769"}],"wp:featuredmedia":[{"embeddable":true,"href":"https:\/\/pornuestrolaredo.com\/index.php?rest_route=\/wp\/v2\/media\/2768"}],"wp:attachment":[{"href":"https:\/\/pornuestrolaredo.com\/index.php?rest_route=%2Fwp%2Fv2%2Fmedia&parent=2767"}],"wp:term":[{"taxonomy":"category","embeddable":true,"href":"https:\/\/pornuestrolaredo.com\/index.php?rest_route=%2Fwp%2Fv2%2Fcategories&post=2767"},{"taxonomy":"post_tag","embeddable":true,"href":"https:\/\/pornuestrolaredo.com\/index.php?rest_route=%2Fwp%2Fv2%2Ftags&post=2767"}],"curies":[{"name":"wp","href":"https:\/\/api.w.org\/{rel}","templated":true}]}}