{"id":2773,"date":"2023-07-26T04:53:22","date_gmt":"2023-07-26T04:53:22","guid":{"rendered":"https:\/\/pornuestrolaredo.com\/?p=2773"},"modified":"2023-07-26T04:53:22","modified_gmt":"2023-07-26T04:53:22","slug":"ofrecen-a-mujeres-herramientas-para-abatir-rezago-educativo","status":"publish","type":"post","link":"https:\/\/pornuestrolaredo.com\/?p=2773","title":{"rendered":"Ofrecen a mujeres herramientas para abatir rezago educativo"},"content":{"rendered":"<p><strong><em>NUEVO LAREDO.-<\/em> <\/strong>Para abatir el rezago de estudios, el Gobierno Municipal mediante el Instituto Municipal para la Mujer (INMUJER) y con apoyo del Instituto Tamaulipeco de Educaci\u00f3n para los Adultos (ITEA), tiene activa la convocatoria que brinda la oportunidad a las f\u00e9minas de certificar la primaria y secundaria a trav\u00e9s de un examen.<\/p>\n<p>En esta iniciativa se brindar\u00e1n cursos de preparaci\u00f3n, acompa\u00f1amiento en los tr\u00e1mites para el examen, seguimiento a los resultados y apoyo en las gestiones del certificado, al igual que servicio terap\u00e9utico integral.<\/p>\n<p>Para inscribirse, la interesada debe ser mayor de 15 a\u00f1os, contar con una identificaci\u00f3n con fotograf\u00eda, CURP, comprobante de domicilio y en caso de buscar acreditar la secundaria se debe contar con el certificado de primaria.<\/p>\n<p>La fecha l\u00edmite es el lunes 7 de agosto y para m\u00e1s informaci\u00f3n se pone a disposici\u00f3n los siguientes n\u00fameros: (867) 713-5281 y (867) 719-2160; tambi\u00e9n el correo proyectos_especiales@inmujer.mx<\/p>\n","protected":false},"excerpt":{"rendered":"<p>Se unen Gobierno Municipal, INMUJER e ITEA para apoyarlas y que terminen primaria y secundaria<\/p>\n","protected":false},"author":1,"featured_media":2774,"comment_status":"closed","ping_status":"closed","sticky":false,"template":"","format":"standard","meta":{"_crdt_document":"","_jetpack_memberships_contains_paid_content":false,"footnotes":"","jetpack_publicize_message":"","jetpack_publicize_feature_enabled":true,"jetpack_social_post_already_shared":true,"jetpack_social_options":{"image_generator_settings":{"template":"highway","default_image_id":0,"font":"","enabled":false},"version":2},"_wpas_customize_per_network":false},"categories":[4],"tags":[],"class_list":["post-2773","post","type-post","status-publish","format-standard","has-post-thumbnail","hentry","category-los-dos-laredos"],"magazineBlocksPostFeaturedMedia":{"thumbnail":"https:\/\/pornuestrolaredo.com\/wp-content\/uploads\/2023\/07\/Stereo91-20230725-3-150x150.jpg","medium":"https:\/\/pornuestrolaredo.com\/wp-content\/uploads\/2023\/07\/Stereo91-20230725-3-300x167.jpg","medium_large":"https:\/\/pornuestrolaredo.com\/wp-content\/uploads\/2023\/07\/Stereo91-20230725-3-768x427.jpg","large":"https:\/\/pornuestrolaredo.com\/wp-content\/uploads\/2023\/07\/Stereo91-20230725-3-1000x556.jpg","1536x1536":"https:\/\/pornuestrolaredo.com\/wp-content\/uploads\/2023\/07\/Stereo91-20230725-3.jpg","2048x2048":"https:\/\/pornuestrolaredo.com\/wp-content\/uploads\/2023\/07\/Stereo91-20230725-3.jpg","morenews-large":"https:\/\/pornuestrolaredo.com\/wp-content\/uploads\/2023\/07\/Stereo91-20230725-3.jpg","morenews-medium":"https:\/\/pornuestrolaredo.com\/wp-content\/uploads\/2023\/07\/Stereo91-20230725-3.jpg"},"magazineBlocksPostAuthor":{"name":"Redactor","avatar":"https:\/\/pornuestrolaredo.com\/wp-content\/litespeed\/avatar\/dca1d7ec750c399f025f23b0b314f4cf.jpg?ver=1777007253"},"magazineBlocksPostCommentsNumber":false,"magazineBlocksPostExcerpt":"Se unen Gobierno Municipal, INMUJER e ITEA para apoyarlas y que terminen primaria y secundaria","magazineBlocksPostCategories":["Los dos Laredos"],"magazineBlocksPostViewCount":123,"magazineBlocksPostReadTime":1,"magazine_blocks_featured_image_url":{"full":["https:\/\/pornuestrolaredo.com\/wp-content\/uploads\/2023\/07\/Stereo91-20230725-3.jpg",1280,712,false],"medium":["https:\/\/pornuestrolaredo.com\/wp-content\/uploads\/2023\/07\/Stereo91-20230725-3-300x167.jpg",300,167,true],"thumbnail":["https:\/\/pornuestrolaredo.com\/wp-content\/uploads\/2023\/07\/Stereo91-20230725-3-150x150.jpg",150,150,true]},"magazine_blocks_author":{"display_name":"Redactor","author_link":"https:\/\/pornuestrolaredo.com\/?author=1"},"magazine_blocks_comment":0,"magazine_blocks_author_image":"https:\/\/pornuestrolaredo.com\/wp-content\/litespeed\/avatar\/dca1d7ec750c399f025f23b0b314f4cf.jpg?ver=1777007253","magazine_blocks_category":"<a href=\"#\" class=\"category-link category-link-4\">Los dos Laredos<\/a>","jetpack_publicize_connections":[],"featured_image_urls":{"full":["https:\/\/pornuestrolaredo.com\/wp-content\/uploads\/2023\/07\/Stereo91-20230725-3.jpg",1280,712,false],"thumbnail":["https:\/\/pornuestrolaredo.com\/wp-content\/uploads\/2023\/07\/Stereo91-20230725-3-150x150.jpg",150,150,true],"medium":["https:\/\/pornuestrolaredo.com\/wp-content\/uploads\/2023\/07\/Stereo91-20230725-3-300x167.jpg",300,167,true],"medium_large":["https:\/\/pornuestrolaredo.com\/wp-content\/uploads\/2023\/07\/Stereo91-20230725-3-768x427.jpg",640,356,true],"large":["https:\/\/pornuestrolaredo.com\/wp-content\/uploads\/2023\/07\/Stereo91-20230725-3-1000x556.jpg",640,356,true],"1536x1536":["https:\/\/pornuestrolaredo.com\/wp-content\/uploads\/2023\/07\/Stereo91-20230725-3.jpg",1280,712,false],"2048x2048":["https:\/\/pornuestrolaredo.com\/wp-content\/uploads\/2023\/07\/Stereo91-20230725-3.jpg",1280,712,false],"morenews-large":["https:\/\/pornuestrolaredo.com\/wp-content\/uploads\/2023\/07\/Stereo91-20230725-3.jpg",825,459,false],"morenews-medium":["https:\/\/pornuestrolaredo.com\/wp-content\/uploads\/2023\/07\/Stereo91-20230725-3.jpg",590,328,false]},"author_info":{"info":["Redactor"]},"category_info":"<a href=\"https:\/\/pornuestrolaredo.com\/?cat=4\" rel=\"category\">Los dos Laredos<\/a>","tag_info":"Los dos Laredos","comment_count":"0","jetpack_featured_media_url":"https:\/\/pornuestrolaredo.com\/wp-content\/uploads\/2023\/07\/Stereo91-20230725-3.jpg","jetpack_sharing_enabled":true,"_links":{"self":[{"href":"https:\/\/pornuestrolaredo.com\/index.php?rest_route=\/wp\/v2\/posts\/2773","targetHints":{"allow":["GET"]}}],"collection":[{"href":"https:\/\/pornuestrolaredo.com\/index.php?rest_route=\/wp\/v2\/posts"}],"about":[{"href":"https:\/\/pornuestrolaredo.com\/index.php?rest_route=\/wp\/v2\/types\/post"}],"author":[{"embeddable":true,"href":"https:\/\/pornuestrolaredo.com\/index.php?rest_route=\/wp\/v2\/users\/1"}],"replies":[{"embeddable":true,"href":"https:\/\/pornuestrolaredo.com\/index.php?rest_route=%2Fwp%2Fv2%2Fcomments&post=2773"}],"version-history":[{"count":1,"href":"https:\/\/pornuestrolaredo.com\/index.php?rest_route=\/wp\/v2\/posts\/2773\/revisions"}],"predecessor-version":[{"id":2775,"href":"https:\/\/pornuestrolaredo.com\/index.php?rest_route=\/wp\/v2\/posts\/2773\/revisions\/2775"}],"wp:featuredmedia":[{"embeddable":true,"href":"https:\/\/pornuestrolaredo.com\/index.php?rest_route=\/wp\/v2\/media\/2774"}],"wp:attachment":[{"href":"https:\/\/pornuestrolaredo.com\/index.php?rest_route=%2Fwp%2Fv2%2Fmedia&parent=2773"}],"wp:term":[{"taxonomy":"category","embeddable":true,"href":"https:\/\/pornuestrolaredo.com\/index.php?rest_route=%2Fwp%2Fv2%2Fcategories&post=2773"},{"taxonomy":"post_tag","embeddable":true,"href":"https:\/\/pornuestrolaredo.com\/index.php?rest_route=%2Fwp%2Fv2%2Ftags&post=2773"}],"curies":[{"name":"wp","href":"https:\/\/api.w.org\/{rel}","templated":true}]}}