{"id":2776,"date":"2023-07-26T19:31:15","date_gmt":"2023-07-26T19:31:15","guid":{"rendered":"https:\/\/pornuestrolaredo.com\/?p=2776"},"modified":"2023-07-26T19:31:15","modified_gmt":"2023-07-26T19:31:15","slug":"en-marcha-180-obras-del-plan-de-obra-publica-2023","status":"publish","type":"post","link":"https:\/\/pornuestrolaredo.com\/?p=2776","title":{"rendered":"En marcha, 180 obras del Plan de Obra P\u00fablica 2023"},"content":{"rendered":"<p><strong>NUEVO LAREDO.-<\/strong> Para consolidar la transformaci\u00f3n de Nuevo Laredo, el Gobierno Municipal mediante la Secretar\u00eda de Obras P\u00fablicas, tiene en marcha 180 obras que contribuyen al desarrollo de la ciudad y mismas que pertenecen a los 270 proyectos del Plan de Obra P\u00fablica 2023.<\/p>\n<p>Dicho documento marca una inversi\u00f3n superior a los mil 354 millones de pesos con los que se atender\u00e1n las necesidades prioritarias de la ciudadan\u00eda.<\/p>\n<p>La alcaldesa Carmen Lilia Canturosas Villarreal, se\u00f1al\u00f3 que el Gobierno Municipal se distingue por mantener una inversi\u00f3n sin precedentes en obra p\u00fablica que ha dado lugar a un constante progreso en la ciudad.<\/p>\n<blockquote><p>Nuestro plan de obra seguir\u00e1 beneficiando a la poblaci\u00f3n en los cuatro puntos cardinales de la ciudad, queremos que el ciudadano sea testigo de la transformaci\u00f3n que hoy vive Nuevo Laredo\u201d, indic\u00f3 la alcaldesa.<\/p><\/blockquote>\n<p>Asegur\u00f3 que el desarrollo de Nuevo Laredo es igualitario en todos los sectores debido a que las inversiones en los diversos trabajos se planearon de forma estrat\u00e9gica para que todos los neolaredenses sean beneficiados.<\/p>\n<p>Resalt\u00f3 que dentro de este paquete de obras se trabaja en la rehabilitaci\u00f3n completa de espacios p\u00fablicos para el esparcimiento familiar, as\u00ed como la infraestructura urbana e hidr\u00e1ulica para fortalecer los trabajos que el municipio emprendi\u00f3 en 2022.<\/p>\n<p>Por su parte, el secretario municipal de Obras P\u00fablicas, Carlos de Anda Hern\u00e1ndez, destac\u00f3 las obras de mejoramiento y modernizaci\u00f3n que se llevan a cabo en los parques Narciso Mendoza y Viveros.<\/p>\n<blockquote><p>En el Mendoza estamos en excavaciones para instalar nuevas islas de juegos y guarniciones, adem\u00e1s, abatimos socavones en los alrededores del \u00e1rea y sembramos m\u00e1s de cien \u00e1rboles; en el Viveros actualizaremos el \u00e1rea de asadores con unos nuevos y juegos novedosos, as\u00ed como nuevos andadores, entre otros trabajos\u201d, detall\u00f3.<\/p><\/blockquote>\n<p>Recalc\u00f3 que el adecuamiento de los espacios p\u00fablicos y la construcci\u00f3n de los drenajes pluviales y sanitarios son de suma importancia del Gobierno Municipal para mejorar la calidad de vida de los ciudadanos y reconstruir el tejido social de las familias neolaredenses.<\/p>\n<p>La presidenta municipal finaliz\u00f3 con la menci\u00f3n de que la mayor\u00eda de las obras llevan un porcentaje avanzado por lo que pronto se entregar\u00e1 a la ciudadan\u00eda los proyectos.<\/p>\n","protected":false},"excerpt":{"rendered":"<p>Son parte de los 270 proyectos, con una inversi\u00f3n superior a los mil 354 millones de pesos<\/p>\n","protected":false},"author":1,"featured_media":2777,"comment_status":"closed","ping_status":"closed","sticky":false,"template":"","format":"standard","meta":{"_crdt_document":"","_jetpack_memberships_contains_paid_content":false,"footnotes":"","jetpack_publicize_message":"","jetpack_publicize_feature_enabled":true,"jetpack_social_post_already_shared":true,"jetpack_social_options":{"image_generator_settings":{"template":"highway","default_image_id":0,"font":"","enabled":false},"version":2},"_wpas_customize_per_network":false},"categories":[4],"tags":[],"class_list":["post-2776","post","type-post","status-publish","format-standard","has-post-thumbnail","hentry","category-los-dos-laredos"],"magazineBlocksPostFeaturedMedia":{"thumbnail":"https:\/\/pornuestrolaredo.com\/wp-content\/uploads\/2023\/07\/PNL-20230726-3-150x150.jpg","medium":"https:\/\/pornuestrolaredo.com\/wp-content\/uploads\/2023\/07\/PNL-20230726-3-300x200.jpg","medium_large":"https:\/\/pornuestrolaredo.com\/wp-content\/uploads\/2023\/07\/PNL-20230726-3-768x512.jpg","large":"https:\/\/pornuestrolaredo.com\/wp-content\/uploads\/2023\/07\/PNL-20230726-3.jpg","1536x1536":"https:\/\/pornuestrolaredo.com\/wp-content\/uploads\/2023\/07\/PNL-20230726-3.jpg","2048x2048":"https:\/\/pornuestrolaredo.com\/wp-content\/uploads\/2023\/07\/PNL-20230726-3.jpg","morenews-large":"https:\/\/pornuestrolaredo.com\/wp-content\/uploads\/2023\/07\/PNL-20230726-3.jpg","morenews-medium":"https:\/\/pornuestrolaredo.com\/wp-content\/uploads\/2023\/07\/PNL-20230726-3.jpg"},"magazineBlocksPostAuthor":{"name":"Redactor","avatar":"https:\/\/pornuestrolaredo.com\/wp-content\/litespeed\/avatar\/dca1d7ec750c399f025f23b0b314f4cf.jpg?ver=1777007253"},"magazineBlocksPostCommentsNumber":false,"magazineBlocksPostExcerpt":"Son parte de los 270 proyectos, con una inversi\u00f3n superior a los mil 354 millones de pesos","magazineBlocksPostCategories":["Los dos Laredos"],"magazineBlocksPostViewCount":132,"magazineBlocksPostReadTime":2,"magazine_blocks_featured_image_url":{"full":["https:\/\/pornuestrolaredo.com\/wp-content\/uploads\/2023\/07\/PNL-20230726-3.jpg",900,600,false],"medium":["https:\/\/pornuestrolaredo.com\/wp-content\/uploads\/2023\/07\/PNL-20230726-3-300x200.jpg",300,200,true],"thumbnail":["https:\/\/pornuestrolaredo.com\/wp-content\/uploads\/2023\/07\/PNL-20230726-3-150x150.jpg",150,150,true]},"magazine_blocks_author":{"display_name":"Redactor","author_link":"https:\/\/pornuestrolaredo.com\/?author=1"},"magazine_blocks_comment":0,"magazine_blocks_author_image":"https:\/\/pornuestrolaredo.com\/wp-content\/litespeed\/avatar\/dca1d7ec750c399f025f23b0b314f4cf.jpg?ver=1777007253","magazine_blocks_category":"<a href=\"#\" class=\"category-link category-link-4\">Los dos Laredos<\/a>","jetpack_publicize_connections":[],"featured_image_urls":{"full":["https:\/\/pornuestrolaredo.com\/wp-content\/uploads\/2023\/07\/PNL-20230726-3.jpg",900,600,false],"thumbnail":["https:\/\/pornuestrolaredo.com\/wp-content\/uploads\/2023\/07\/PNL-20230726-3-150x150.jpg",150,150,true],"medium":["https:\/\/pornuestrolaredo.com\/wp-content\/uploads\/2023\/07\/PNL-20230726-3-300x200.jpg",300,200,true],"medium_large":["https:\/\/pornuestrolaredo.com\/wp-content\/uploads\/2023\/07\/PNL-20230726-3-768x512.jpg",640,427,true],"large":["https:\/\/pornuestrolaredo.com\/wp-content\/uploads\/2023\/07\/PNL-20230726-3.jpg",640,427,false],"1536x1536":["https:\/\/pornuestrolaredo.com\/wp-content\/uploads\/2023\/07\/PNL-20230726-3.jpg",900,600,false],"2048x2048":["https:\/\/pornuestrolaredo.com\/wp-content\/uploads\/2023\/07\/PNL-20230726-3.jpg",900,600,false],"morenews-large":["https:\/\/pornuestrolaredo.com\/wp-content\/uploads\/2023\/07\/PNL-20230726-3.jpg",825,550,false],"morenews-medium":["https:\/\/pornuestrolaredo.com\/wp-content\/uploads\/2023\/07\/PNL-20230726-3.jpg",590,393,false]},"author_info":{"info":["Redactor"]},"category_info":"<a href=\"https:\/\/pornuestrolaredo.com\/?cat=4\" rel=\"category\">Los dos Laredos<\/a>","tag_info":"Los dos Laredos","comment_count":"0","jetpack_featured_media_url":"https:\/\/pornuestrolaredo.com\/wp-content\/uploads\/2023\/07\/PNL-20230726-3.jpg","jetpack_sharing_enabled":true,"_links":{"self":[{"href":"https:\/\/pornuestrolaredo.com\/index.php?rest_route=\/wp\/v2\/posts\/2776","targetHints":{"allow":["GET"]}}],"collection":[{"href":"https:\/\/pornuestrolaredo.com\/index.php?rest_route=\/wp\/v2\/posts"}],"about":[{"href":"https:\/\/pornuestrolaredo.com\/index.php?rest_route=\/wp\/v2\/types\/post"}],"author":[{"embeddable":true,"href":"https:\/\/pornuestrolaredo.com\/index.php?rest_route=\/wp\/v2\/users\/1"}],"replies":[{"embeddable":true,"href":"https:\/\/pornuestrolaredo.com\/index.php?rest_route=%2Fwp%2Fv2%2Fcomments&post=2776"}],"version-history":[{"count":1,"href":"https:\/\/pornuestrolaredo.com\/index.php?rest_route=\/wp\/v2\/posts\/2776\/revisions"}],"predecessor-version":[{"id":2778,"href":"https:\/\/pornuestrolaredo.com\/index.php?rest_route=\/wp\/v2\/posts\/2776\/revisions\/2778"}],"wp:featuredmedia":[{"embeddable":true,"href":"https:\/\/pornuestrolaredo.com\/index.php?rest_route=\/wp\/v2\/media\/2777"}],"wp:attachment":[{"href":"https:\/\/pornuestrolaredo.com\/index.php?rest_route=%2Fwp%2Fv2%2Fmedia&parent=2776"}],"wp:term":[{"taxonomy":"category","embeddable":true,"href":"https:\/\/pornuestrolaredo.com\/index.php?rest_route=%2Fwp%2Fv2%2Fcategories&post=2776"},{"taxonomy":"post_tag","embeddable":true,"href":"https:\/\/pornuestrolaredo.com\/index.php?rest_route=%2Fwp%2Fv2%2Ftags&post=2776"}],"curies":[{"name":"wp","href":"https:\/\/api.w.org\/{rel}","templated":true}]}}