{"id":2779,"date":"2023-07-28T04:37:07","date_gmt":"2023-07-28T04:37:07","guid":{"rendered":"https:\/\/pornuestrolaredo.com\/?p=2779"},"modified":"2023-07-28T04:37:07","modified_gmt":"2023-07-28T04:37:07","slug":"el-lugar-mas-caliente-del-mundo-esta-en-mexico","status":"publish","type":"post","link":"https:\/\/pornuestrolaredo.com\/?p=2779","title":{"rendered":"El lugar m\u00e1s caliente del mundo est\u00e1 en M\u00e9xico"},"content":{"rendered":"<p><strong>SAN LUIS R\u00cdO COLORADO.- <\/strong>El lugar m\u00e1s caliente del mundo est\u00e1 en M\u00e9xico, propiamente en el Desierto de Sonora, en un punto muy cerca de la frontera con Estados Unidos.<\/p>\n<p>La Administraci\u00f3n Nacional de Aeron\u00e1utica y el Espacio (NASA) tom\u00f3 el registro de 80 grados cent\u00edgrados en una subzona del Desierto de Sonora, en el Gran Desierto de Altar, entre los municipios de General Plutarco El\u00edas Calles y San Luis R\u00edo Colorado, en los l\u00edmites con Arizona en los Estados Unidos.<\/p>\n<p>El sitio fue catalogado en abril de este a\u00f1o como el lugar m\u00e1s caluroso del mundo, quit\u00e1ndole el t\u00edtulo al Desierto de Lut, en Ir\u00e1n, y el Valle de la Muerte de California.<\/p>\n<p>La NASA relev\u00f3 los datos de que en el desierto mexicano se alcanz\u00f3 una m\u00e1xima de 80.8\u00b0C (177.44 Fahrenheit). El calor de Sonora sorprendi\u00f3 a los cient\u00edficos debido a que el planeta nunca antes hab\u00eda registrado un espacio con una temperatura tan alta como esa.<\/p>\n<p>La medici\u00f3n se realiz\u00f3 mediante dos sat\u00e9lites que eval\u00faan a diario los niveles de ozono en la atm\u00f3sfera. En zonas con pocas nubes, esta tecnolog\u00eda detecta el calor infrarrojo emitido por las superficies para determinar la temperatura del suelo.<\/p>\n<p>En M\u00e9xico no se hab\u00eda realizado este tipo de mediciones ya que no se contaban con los instrumentos especializados, de acuerdo a lo que precisa la revista National Geographic.<\/p>\n<p>La NASA inform\u00f3 que el caso del desierto no es aislado. Al respecto, afirm\u00f3 que M\u00e9xico es el pa\u00eds que m\u00e1s r\u00e1pido se calent\u00f3 a comparaci\u00f3n con el resto del mundo.<\/p>\n<p>Hasta antes de este a\u00f1o, el Valle de la Muerte de California hab\u00eda roto los r\u00e9cords en cuento a temperatura. Autoridades incluso recomendaban no visitarlo en \u00e9poca estival. Uno de los datos m\u00e1s reveladores indicaba que, en julio de 1913, los term\u00f3metros hab\u00edan marcado 56.7 grados Celsius.<\/p>\n","protected":false},"excerpt":{"rendered":"<p>La NASA registra 80 grados cent\u00edgrados en el Desierto de Sonora, en un punto muy cerca de la frontera con Estados Unidos<\/p>\n","protected":false},"author":1,"featured_media":2780,"comment_status":"closed","ping_status":"closed","sticky":false,"template":"","format":"standard","meta":{"_crdt_document":"","_jetpack_memberships_contains_paid_content":false,"footnotes":"","jetpack_publicize_message":"","jetpack_publicize_feature_enabled":true,"jetpack_social_post_already_shared":true,"jetpack_social_options":{"image_generator_settings":{"template":"highway","default_image_id":0,"font":"","enabled":false},"version":2},"_wpas_customize_per_network":false},"categories":[9],"tags":[],"class_list":["post-2779","post","type-post","status-publish","format-standard","has-post-thumbnail","hentry","category-el-mundo"],"magazineBlocksPostFeaturedMedia":{"thumbnail":"https:\/\/pornuestrolaredo.com\/wp-content\/uploads\/2023\/07\/20230717-2-150x150.jpg","medium":"https:\/\/pornuestrolaredo.com\/wp-content\/uploads\/2023\/07\/20230717-2-300x199.jpg","medium_large":"https:\/\/pornuestrolaredo.com\/wp-content\/uploads\/2023\/07\/20230717-2-768x510.jpg","large":"https:\/\/pornuestrolaredo.com\/wp-content\/uploads\/2023\/07\/20230717-2.jpg","1536x1536":"https:\/\/pornuestrolaredo.com\/wp-content\/uploads\/2023\/07\/20230717-2.jpg","2048x2048":"https:\/\/pornuestrolaredo.com\/wp-content\/uploads\/2023\/07\/20230717-2.jpg","morenews-large":"https:\/\/pornuestrolaredo.com\/wp-content\/uploads\/2023\/07\/20230717-2.jpg","morenews-medium":"https:\/\/pornuestrolaredo.com\/wp-content\/uploads\/2023\/07\/20230717-2.jpg"},"magazineBlocksPostAuthor":{"name":"Redactor","avatar":"https:\/\/pornuestrolaredo.com\/wp-content\/litespeed\/avatar\/dca1d7ec750c399f025f23b0b314f4cf.jpg?ver=1777007253"},"magazineBlocksPostCommentsNumber":false,"magazineBlocksPostExcerpt":"La NASA registra 80 grados cent\u00edgrados en el Desierto de Sonora, en un punto muy cerca de la frontera con Estados Unidos","magazineBlocksPostCategories":["El Mundo"],"magazineBlocksPostViewCount":153,"magazineBlocksPostReadTime":2,"magazine_blocks_featured_image_url":{"full":["https:\/\/pornuestrolaredo.com\/wp-content\/uploads\/2023\/07\/20230717-2.jpg",900,598,false],"medium":["https:\/\/pornuestrolaredo.com\/wp-content\/uploads\/2023\/07\/20230717-2-300x199.jpg",300,199,true],"thumbnail":["https:\/\/pornuestrolaredo.com\/wp-content\/uploads\/2023\/07\/20230717-2-150x150.jpg",150,150,true]},"magazine_blocks_author":{"display_name":"Redactor","author_link":"https:\/\/pornuestrolaredo.com\/?author=1"},"magazine_blocks_comment":0,"magazine_blocks_author_image":"https:\/\/pornuestrolaredo.com\/wp-content\/litespeed\/avatar\/dca1d7ec750c399f025f23b0b314f4cf.jpg?ver=1777007253","magazine_blocks_category":"<a href=\"#\" class=\"category-link category-link-9\">El Mundo<\/a>","jetpack_publicize_connections":[],"featured_image_urls":{"full":["https:\/\/pornuestrolaredo.com\/wp-content\/uploads\/2023\/07\/20230717-2.jpg",900,598,false],"thumbnail":["https:\/\/pornuestrolaredo.com\/wp-content\/uploads\/2023\/07\/20230717-2-150x150.jpg",150,150,true],"medium":["https:\/\/pornuestrolaredo.com\/wp-content\/uploads\/2023\/07\/20230717-2-300x199.jpg",300,199,true],"medium_large":["https:\/\/pornuestrolaredo.com\/wp-content\/uploads\/2023\/07\/20230717-2-768x510.jpg",640,425,true],"large":["https:\/\/pornuestrolaredo.com\/wp-content\/uploads\/2023\/07\/20230717-2.jpg",640,425,false],"1536x1536":["https:\/\/pornuestrolaredo.com\/wp-content\/uploads\/2023\/07\/20230717-2.jpg",900,598,false],"2048x2048":["https:\/\/pornuestrolaredo.com\/wp-content\/uploads\/2023\/07\/20230717-2.jpg",900,598,false],"morenews-large":["https:\/\/pornuestrolaredo.com\/wp-content\/uploads\/2023\/07\/20230717-2.jpg",825,548,false],"morenews-medium":["https:\/\/pornuestrolaredo.com\/wp-content\/uploads\/2023\/07\/20230717-2.jpg",590,392,false]},"author_info":{"info":["Redactor"]},"category_info":"<a href=\"https:\/\/pornuestrolaredo.com\/?cat=9\" rel=\"category\">El Mundo<\/a>","tag_info":"El Mundo","comment_count":"0","jetpack_featured_media_url":"https:\/\/pornuestrolaredo.com\/wp-content\/uploads\/2023\/07\/20230717-2.jpg","jetpack_sharing_enabled":true,"_links":{"self":[{"href":"https:\/\/pornuestrolaredo.com\/index.php?rest_route=\/wp\/v2\/posts\/2779","targetHints":{"allow":["GET"]}}],"collection":[{"href":"https:\/\/pornuestrolaredo.com\/index.php?rest_route=\/wp\/v2\/posts"}],"about":[{"href":"https:\/\/pornuestrolaredo.com\/index.php?rest_route=\/wp\/v2\/types\/post"}],"author":[{"embeddable":true,"href":"https:\/\/pornuestrolaredo.com\/index.php?rest_route=\/wp\/v2\/users\/1"}],"replies":[{"embeddable":true,"href":"https:\/\/pornuestrolaredo.com\/index.php?rest_route=%2Fwp%2Fv2%2Fcomments&post=2779"}],"version-history":[{"count":1,"href":"https:\/\/pornuestrolaredo.com\/index.php?rest_route=\/wp\/v2\/posts\/2779\/revisions"}],"predecessor-version":[{"id":2781,"href":"https:\/\/pornuestrolaredo.com\/index.php?rest_route=\/wp\/v2\/posts\/2779\/revisions\/2781"}],"wp:featuredmedia":[{"embeddable":true,"href":"https:\/\/pornuestrolaredo.com\/index.php?rest_route=\/wp\/v2\/media\/2780"}],"wp:attachment":[{"href":"https:\/\/pornuestrolaredo.com\/index.php?rest_route=%2Fwp%2Fv2%2Fmedia&parent=2779"}],"wp:term":[{"taxonomy":"category","embeddable":true,"href":"https:\/\/pornuestrolaredo.com\/index.php?rest_route=%2Fwp%2Fv2%2Fcategories&post=2779"},{"taxonomy":"post_tag","embeddable":true,"href":"https:\/\/pornuestrolaredo.com\/index.php?rest_route=%2Fwp%2Fv2%2Ftags&post=2779"}],"curies":[{"name":"wp","href":"https:\/\/api.w.org\/{rel}","templated":true}]}}