{"id":2783,"date":"2023-07-29T05:27:36","date_gmt":"2023-07-29T05:27:36","guid":{"rendered":"https:\/\/pornuestrolaredo.com\/?p=2783"},"modified":"2023-07-29T05:27:36","modified_gmt":"2023-07-29T05:27:36","slug":"gana-mexico-oro-en-olimpiada-de-matematicas","status":"publish","type":"post","link":"https:\/\/pornuestrolaredo.com\/?p=2783","title":{"rendered":"Gana M\u00e9xico oro en Olimpiada de Matem\u00e1ticas"},"content":{"rendered":"<p><strong>SAN SALVADOR.- <\/strong>Pese a dificultades como haber acudido a la competencia con uniformes prestados, estudiantes mexicanos lograron tres medallas de oro y una de plata en la XXV Olimpiada Matem\u00e1tica de Centroam\u00e9rica y el Caribe (OMCC), resultados con los que colocaron a M\u00e9xico como el campe\u00f3n de esta justa internacional.<\/p>\n<p>Dos d\u00edas antes de la competencia, la Olimpiada Mexicana de Matem\u00e1ticas (OMM) denunci\u00f3 el robo de uniformes por parte de un conductor de Uber, por lo que sus compa\u00f1eros que participaron en concursos anteriores les prestaron chamarras y camisetas. El 25 de julio, la compa\u00f1\u00eda Didi se ofreci\u00f3 a pagarlos.<\/p>\n<p>La justa matem\u00e1tica se realiz\u00f3 en El Salvador del 24 al 29 de julio. Durante quince a\u00f1os consecutivos, M\u00e9xico se ha posicionado como el l\u00edder indiscutible en la OMCC.<\/p>\n<p>En esta edici\u00f3n participaron un total de 48 estudiantes que tuvieron que resolver en dos d\u00edas un examen integrado por seis problemas in\u00e9ditos propuestos por matem\u00e1ticos profesionales de las naciones participantes.<\/p>\n<p>M\u00e9xico obtuvo en conjunto una puntuaci\u00f3n hist\u00f3rica de 142 puntos.<\/p>\n<p>Los competidores que consiguieron la presea dorada fueron Leonardo Melgar Rub\u00ed y Andrea Sarah\u00ed Cascante Duarte, ambos de 15 a\u00f1os y originarios del Estado de Morelos, as\u00ed como Iker Torres Terrazas de la misma edad, pero originario de Chihuahua.<\/p>\n<p>En tanto, Juan Luis Manr\u00edquez Sequera de 14 a\u00f1os y, oriundo de Baja California Sur, logr\u00f3 medalla de plata, y se qued\u00f3 a solo un punto de obtener el oro. Con este resultado, M\u00e9xico se coloc\u00f3 en el primer lugar del medallero, en un certamen donde se dieron cita 12 pa\u00edses.<\/p>\n<p>Los l\u00edderes del equipo mexicano fueron el matem\u00e1tico Jos\u00e9 Antonio G\u00f3mez Ortega, catedr\u00e1tico en la Facultad de Ciencias de la Universidad Nacional Aut\u00f3noma de M\u00e9xico (UNAM), y la maestra Denisse Escobar, excompetidora ol\u00edmpica y quien fungi\u00f3 como su tutora.<\/p>\n<p><strong>CUMPLEN SUE\u00d1OS<\/strong><\/p>\n<p>Entre los competidores se encuentran alumnos que se han enfocado a las Matem\u00e1ticas por varios a\u00f1os y han cumplido su sue\u00f1o de participar en competencias internacionales y resultar vencedores.<\/p>\n<p>Andrea Cascante cursa tercero de secundaria. Desde los 11 a\u00f1os participa en los concursos y entrenamientos de la OMM. Ha competido en 7 olimpiadas internacionales, donde ha logrado 3 medallas de plata y 4 bronces. Le gusta dibujar.<\/p>\n<p>Leonardo Melgar acaba de terminar la secundaria. Comenz\u00f3 su participaci\u00f3n en la OMM cuando cursaba quinto de primaria. Esta es su cuarta competencia internacional de matem\u00e1ticas. Le gusta tocar el piano, leer, ver pel\u00edculas de acci\u00f3n y salir a pasear con su perrita Mafalda.<\/p>\n<p>Iker Torres cursa primer semestre de bachillerato. Tambi\u00e9n inici\u00f3 su participaci\u00f3n en olimpiadas de matem\u00e1ticas en quinto de primaria. Esta es su primera competencia internacional. Le gusta resolver problemas de matem\u00e1ticas mientras juega videojuegos.<\/p>\n<p>Juan Luis Manr\u00edquez est\u00e1 por iniciar el bachillerato. Cuando cursaba quinto de primaria compiti\u00f3 por primera vez en un concurso de la OMM, quedando entre los primeros 10 lugares de su Estado. Desde entonces no ha dejado de participar en concursos estatales y nacionales. En sexto de primaria gan\u00f3 la Olimpiada del Conocimiento Infantil en BCS. Le gusta pintar y jugar ajedrez.<\/p>\n<p>La Olimpiada Mexicana de Matem\u00e1ticas (OMM) es un programa educativo de la Sociedad Matem\u00e1tica Mexicana, creado e impulsado desde 1987. Uno de los principales objetivos de la OMM es promover el estudio de las matem\u00e1ticas en forma creativa entre ni\u00f1os y j\u00f3venes estudiantes pre-universitarios, para desarrollar el razonamiento y la imaginaci\u00f3n de los participantes, lejos del enfoque tradicional que promueve la memorizaci\u00f3n y mecanizaci\u00f3n en la ense\u00f1anza de las matem\u00e1ticas.<\/p>\n","protected":false},"excerpt":{"rendered":"<p>Tambi\u00e9n se traen la plata en la XXV competencia de Centroam\u00e9rica y el Caribe<\/p>\n","protected":false},"author":1,"featured_media":2785,"comment_status":"closed","ping_status":"closed","sticky":false,"template":"","format":"standard","meta":{"_crdt_document":"","_jetpack_memberships_contains_paid_content":false,"footnotes":"","jetpack_publicize_message":"","jetpack_publicize_feature_enabled":true,"jetpack_social_post_already_shared":true,"jetpack_social_options":{"image_generator_settings":{"template":"highway","default_image_id":0,"font":"","enabled":false},"version":2},"_wpas_customize_per_network":false},"categories":[33],"tags":[],"class_list":["post-2783","post","type-post","status-publish","format-standard","has-post-thumbnail","hentry","category-mexico"],"magazineBlocksPostFeaturedMedia":{"thumbnail":"https:\/\/pornuestrolaredo.com\/wp-content\/uploads\/2023\/07\/Stereo91-20270728-3-150x150.jpg","medium":"https:\/\/pornuestrolaredo.com\/wp-content\/uploads\/2023\/07\/Stereo91-20270728-3-300x188.jpg","medium_large":"https:\/\/pornuestrolaredo.com\/wp-content\/uploads\/2023\/07\/Stereo91-20270728-3-768x480.jpg","large":"https:\/\/pornuestrolaredo.com\/wp-content\/uploads\/2023\/07\/Stereo91-20270728-3.jpg","1536x1536":"https:\/\/pornuestrolaredo.com\/wp-content\/uploads\/2023\/07\/Stereo91-20270728-3.jpg","2048x2048":"https:\/\/pornuestrolaredo.com\/wp-content\/uploads\/2023\/07\/Stereo91-20270728-3.jpg","morenews-large":"https:\/\/pornuestrolaredo.com\/wp-content\/uploads\/2023\/07\/Stereo91-20270728-3.jpg","morenews-medium":"https:\/\/pornuestrolaredo.com\/wp-content\/uploads\/2023\/07\/Stereo91-20270728-3.jpg"},"magazineBlocksPostAuthor":{"name":"Redactor","avatar":"https:\/\/pornuestrolaredo.com\/wp-content\/litespeed\/avatar\/dca1d7ec750c399f025f23b0b314f4cf.jpg?ver=1777007253"},"magazineBlocksPostCommentsNumber":false,"magazineBlocksPostExcerpt":"Tambi\u00e9n se traen la plata en la XXV competencia de Centroam\u00e9rica y el Caribe","magazineBlocksPostCategories":["Mexico"],"magazineBlocksPostViewCount":165,"magazineBlocksPostReadTime":4,"magazine_blocks_featured_image_url":{"full":["https:\/\/pornuestrolaredo.com\/wp-content\/uploads\/2023\/07\/Stereo91-20270728-3.jpg",900,563,false],"medium":["https:\/\/pornuestrolaredo.com\/wp-content\/uploads\/2023\/07\/Stereo91-20270728-3-300x188.jpg",300,188,true],"thumbnail":["https:\/\/pornuestrolaredo.com\/wp-content\/uploads\/2023\/07\/Stereo91-20270728-3-150x150.jpg",150,150,true]},"magazine_blocks_author":{"display_name":"Redactor","author_link":"https:\/\/pornuestrolaredo.com\/?author=1"},"magazine_blocks_comment":0,"magazine_blocks_author_image":"https:\/\/pornuestrolaredo.com\/wp-content\/litespeed\/avatar\/dca1d7ec750c399f025f23b0b314f4cf.jpg?ver=1777007253","magazine_blocks_category":"<a href=\"#\" class=\"category-link category-link-33\">Mexico<\/a>","jetpack_publicize_connections":[],"featured_image_urls":{"full":["https:\/\/pornuestrolaredo.com\/wp-content\/uploads\/2023\/07\/Stereo91-20270728-3.jpg",900,563,false],"thumbnail":["https:\/\/pornuestrolaredo.com\/wp-content\/uploads\/2023\/07\/Stereo91-20270728-3-150x150.jpg",150,150,true],"medium":["https:\/\/pornuestrolaredo.com\/wp-content\/uploads\/2023\/07\/Stereo91-20270728-3-300x188.jpg",300,188,true],"medium_large":["https:\/\/pornuestrolaredo.com\/wp-content\/uploads\/2023\/07\/Stereo91-20270728-3-768x480.jpg",640,400,true],"large":["https:\/\/pornuestrolaredo.com\/wp-content\/uploads\/2023\/07\/Stereo91-20270728-3.jpg",640,400,false],"1536x1536":["https:\/\/pornuestrolaredo.com\/wp-content\/uploads\/2023\/07\/Stereo91-20270728-3.jpg",900,563,false],"2048x2048":["https:\/\/pornuestrolaredo.com\/wp-content\/uploads\/2023\/07\/Stereo91-20270728-3.jpg",900,563,false],"morenews-large":["https:\/\/pornuestrolaredo.com\/wp-content\/uploads\/2023\/07\/Stereo91-20270728-3.jpg",825,516,false],"morenews-medium":["https:\/\/pornuestrolaredo.com\/wp-content\/uploads\/2023\/07\/Stereo91-20270728-3.jpg",590,369,false]},"author_info":{"info":["Redactor"]},"category_info":"<a href=\"https:\/\/pornuestrolaredo.com\/?cat=33\" rel=\"category\">Mexico<\/a>","tag_info":"Mexico","comment_count":"0","jetpack_featured_media_url":"https:\/\/pornuestrolaredo.com\/wp-content\/uploads\/2023\/07\/Stereo91-20270728-3.jpg","jetpack_sharing_enabled":true,"_links":{"self":[{"href":"https:\/\/pornuestrolaredo.com\/index.php?rest_route=\/wp\/v2\/posts\/2783","targetHints":{"allow":["GET"]}}],"collection":[{"href":"https:\/\/pornuestrolaredo.com\/index.php?rest_route=\/wp\/v2\/posts"}],"about":[{"href":"https:\/\/pornuestrolaredo.com\/index.php?rest_route=\/wp\/v2\/types\/post"}],"author":[{"embeddable":true,"href":"https:\/\/pornuestrolaredo.com\/index.php?rest_route=\/wp\/v2\/users\/1"}],"replies":[{"embeddable":true,"href":"https:\/\/pornuestrolaredo.com\/index.php?rest_route=%2Fwp%2Fv2%2Fcomments&post=2783"}],"version-history":[{"count":2,"href":"https:\/\/pornuestrolaredo.com\/index.php?rest_route=\/wp\/v2\/posts\/2783\/revisions"}],"predecessor-version":[{"id":2786,"href":"https:\/\/pornuestrolaredo.com\/index.php?rest_route=\/wp\/v2\/posts\/2783\/revisions\/2786"}],"wp:featuredmedia":[{"embeddable":true,"href":"https:\/\/pornuestrolaredo.com\/index.php?rest_route=\/wp\/v2\/media\/2785"}],"wp:attachment":[{"href":"https:\/\/pornuestrolaredo.com\/index.php?rest_route=%2Fwp%2Fv2%2Fmedia&parent=2783"}],"wp:term":[{"taxonomy":"category","embeddable":true,"href":"https:\/\/pornuestrolaredo.com\/index.php?rest_route=%2Fwp%2Fv2%2Fcategories&post=2783"},{"taxonomy":"post_tag","embeddable":true,"href":"https:\/\/pornuestrolaredo.com\/index.php?rest_route=%2Fwp%2Fv2%2Ftags&post=2783"}],"curies":[{"name":"wp","href":"https:\/\/api.w.org\/{rel}","templated":true}]}}