{"id":2787,"date":"2023-07-29T05:34:11","date_gmt":"2023-07-29T05:34:11","guid":{"rendered":"https:\/\/pornuestrolaredo.com\/?p=2787"},"modified":"2023-07-29T05:34:11","modified_gmt":"2023-07-29T05:34:11","slug":"tamaulipas-y-finabien-acercan-servicios-financieros-a-la-poblacion","status":"publish","type":"post","link":"https:\/\/pornuestrolaredo.com\/?p=2787","title":{"rendered":"Tamaulipas y FINABIEN acercan servicios financieros a la poblaci\u00f3n"},"content":{"rendered":"<p><strong><em>CIUDAD VICTORIA.-<\/em><\/strong> Para acercar los servicios financieros b\u00e1sicos a las y los tamaulipecos que menos acceso tienen, el gobernador Am\u00e9rico Villarreal Anaya y la directora general de Financiera para el Bienestar, Roc\u00edo Mej\u00eda Flores firmaron un convenio marco de colaboraci\u00f3n, mediante el cual se impulsar\u00e1n tres esquemas b\u00e1sicos: fomentar el ahorro, acercar apoyos crediticios y el punto primordial, al ser Estado fronterizo, la recepci\u00f3n de remesas.<\/p>\n<p>En un evento realizado este viernes en el Sal\u00f3n Independencia del Palacio de Gobierno, el gobernador Villarreal Anaya reiter\u00f3 que la firma de este convenio es muestra de que el Gobierno Federal y el Gobierno Estatal trabajan en el mismo sentido de aplicar las pol\u00edticas p\u00fablicas en la b\u00fasqueda del bienestar social, destacando que es un convenio muy valioso por la alta repercusi\u00f3n social que tiene.<\/p>\n<blockquote><p>Busca otorgar servicios financieros a una poblaci\u00f3n que no est\u00e1 acostumbrada y no tiene la oportunidad de un acceso\u00a0 a estos servicios financieros, a los traslados econ\u00f3micos a trav\u00e9s de tarjetas, instrumentos de ahorro, de financiera, traslado de bienes, traslado de remesas, a los cuales no ten\u00edan acceso y ahora vemos que con tasas preferenciales en ahorro, se pueden brindar estas oportunidades a nuestra gente, al pueblo que normalmente no ten\u00eda acceso a este tipo de instrumentos\u201d, refiri\u00f3 el mandatario estatal.<\/p><\/blockquote>\n<p>Villarreal Anaya afirm\u00f3 que est\u00e1n empe\u00f1ados en bajar estas pol\u00edticas p\u00fablicas del presidente Andr\u00e9s Manuel L\u00f3pez Obrador, para que repercutan m\u00e1s en la poblaci\u00f3n, las cuales han sido acertadas, ya que en menos de cinco a\u00f1os se han notado grandes impactos en la poblaci\u00f3n, en cuanto a capacidad econ\u00f3mica, en la liquidez de la ciudadan\u00eda con menos recursos. \u201cNos da gusto que firmemos un convenio m\u00e1s de colaboraci\u00f3n entre el Estado de Tamaulipas y la Federaci\u00f3n, cuyo fin es traducir el bienestar y el desarrollo social de los y las tamaulipecas\u201d, expres\u00f3.<\/p>\n","protected":false},"excerpt":{"rendered":"<p>CIUDAD VICTORIA.- Para acercar los servicios financieros b\u00e1sicos a las y los tamaulipecos que menos acceso tienen, el<\/p>\n","protected":false},"author":1,"featured_media":2788,"comment_status":"closed","ping_status":"closed","sticky":false,"template":"","format":"standard","meta":{"_crdt_document":"","_jetpack_memberships_contains_paid_content":false,"footnotes":"","jetpack_publicize_message":"","jetpack_publicize_feature_enabled":true,"jetpack_social_post_already_shared":true,"jetpack_social_options":{"image_generator_settings":{"template":"highway","default_image_id":0,"font":"","enabled":false},"version":2},"_wpas_customize_per_network":false},"categories":[11],"tags":[],"class_list":["post-2787","post","type-post","status-publish","format-standard","has-post-thumbnail","hentry","category-tamaulipas"],"magazineBlocksPostFeaturedMedia":{"thumbnail":"https:\/\/pornuestrolaredo.com\/wp-content\/uploads\/2023\/07\/Stereo91-20270728-5-150x150.jpg","medium":"https:\/\/pornuestrolaredo.com\/wp-content\/uploads\/2023\/07\/Stereo91-20270728-5-300x200.jpg","medium_large":"https:\/\/pornuestrolaredo.com\/wp-content\/uploads\/2023\/07\/Stereo91-20270728-5-768x512.jpg","large":"https:\/\/pornuestrolaredo.com\/wp-content\/uploads\/2023\/07\/Stereo91-20270728-5-1000x666.jpg","1536x1536":"https:\/\/pornuestrolaredo.com\/wp-content\/uploads\/2023\/07\/Stereo91-20270728-5-1536x1023.jpg","2048x2048":"https:\/\/pornuestrolaredo.com\/wp-content\/uploads\/2023\/07\/Stereo91-20270728-5.jpg","morenews-large":"https:\/\/pornuestrolaredo.com\/wp-content\/uploads\/2023\/07\/Stereo91-20270728-5.jpg","morenews-medium":"https:\/\/pornuestrolaredo.com\/wp-content\/uploads\/2023\/07\/Stereo91-20270728-5.jpg"},"magazineBlocksPostAuthor":{"name":"Redactor","avatar":"https:\/\/pornuestrolaredo.com\/wp-content\/litespeed\/avatar\/dca1d7ec750c399f025f23b0b314f4cf.jpg?ver=1777007253"},"magazineBlocksPostCommentsNumber":false,"magazineBlocksPostExcerpt":"CIUDAD VICTORIA.- Para acercar los servicios financieros b\u00e1sicos a las y los tamaulipecos que menos acceso tienen, el","magazineBlocksPostCategories":["Tamaulipas"],"magazineBlocksPostViewCount":160,"magazineBlocksPostReadTime":2,"magazine_blocks_featured_image_url":{"full":["https:\/\/pornuestrolaredo.com\/wp-content\/uploads\/2023\/07\/Stereo91-20270728-5.jpg",1600,1066,false],"medium":["https:\/\/pornuestrolaredo.com\/wp-content\/uploads\/2023\/07\/Stereo91-20270728-5-300x200.jpg",300,200,true],"thumbnail":["https:\/\/pornuestrolaredo.com\/wp-content\/uploads\/2023\/07\/Stereo91-20270728-5-150x150.jpg",150,150,true]},"magazine_blocks_author":{"display_name":"Redactor","author_link":"https:\/\/pornuestrolaredo.com\/?author=1"},"magazine_blocks_comment":0,"magazine_blocks_author_image":"https:\/\/pornuestrolaredo.com\/wp-content\/litespeed\/avatar\/dca1d7ec750c399f025f23b0b314f4cf.jpg?ver=1777007253","magazine_blocks_category":"<a href=\"#\" class=\"category-link category-link-11\">Tamaulipas<\/a>","jetpack_publicize_connections":[],"featured_image_urls":{"full":["https:\/\/pornuestrolaredo.com\/wp-content\/uploads\/2023\/07\/Stereo91-20270728-5.jpg",1600,1066,false],"thumbnail":["https:\/\/pornuestrolaredo.com\/wp-content\/uploads\/2023\/07\/Stereo91-20270728-5-150x150.jpg",150,150,true],"medium":["https:\/\/pornuestrolaredo.com\/wp-content\/uploads\/2023\/07\/Stereo91-20270728-5-300x200.jpg",300,200,true],"medium_large":["https:\/\/pornuestrolaredo.com\/wp-content\/uploads\/2023\/07\/Stereo91-20270728-5-768x512.jpg",640,427,true],"large":["https:\/\/pornuestrolaredo.com\/wp-content\/uploads\/2023\/07\/Stereo91-20270728-5-1000x666.jpg",640,426,true],"1536x1536":["https:\/\/pornuestrolaredo.com\/wp-content\/uploads\/2023\/07\/Stereo91-20270728-5-1536x1023.jpg",1536,1023,true],"2048x2048":["https:\/\/pornuestrolaredo.com\/wp-content\/uploads\/2023\/07\/Stereo91-20270728-5.jpg",1600,1066,false],"morenews-large":["https:\/\/pornuestrolaredo.com\/wp-content\/uploads\/2023\/07\/Stereo91-20270728-5.jpg",825,550,false],"morenews-medium":["https:\/\/pornuestrolaredo.com\/wp-content\/uploads\/2023\/07\/Stereo91-20270728-5.jpg",590,393,false]},"author_info":{"info":["Redactor"]},"category_info":"<a href=\"https:\/\/pornuestrolaredo.com\/?cat=11\" rel=\"category\">Tamaulipas<\/a>","tag_info":"Tamaulipas","comment_count":"0","jetpack_featured_media_url":"https:\/\/pornuestrolaredo.com\/wp-content\/uploads\/2023\/07\/Stereo91-20270728-5.jpg","jetpack_sharing_enabled":true,"_links":{"self":[{"href":"https:\/\/pornuestrolaredo.com\/index.php?rest_route=\/wp\/v2\/posts\/2787","targetHints":{"allow":["GET"]}}],"collection":[{"href":"https:\/\/pornuestrolaredo.com\/index.php?rest_route=\/wp\/v2\/posts"}],"about":[{"href":"https:\/\/pornuestrolaredo.com\/index.php?rest_route=\/wp\/v2\/types\/post"}],"author":[{"embeddable":true,"href":"https:\/\/pornuestrolaredo.com\/index.php?rest_route=\/wp\/v2\/users\/1"}],"replies":[{"embeddable":true,"href":"https:\/\/pornuestrolaredo.com\/index.php?rest_route=%2Fwp%2Fv2%2Fcomments&post=2787"}],"version-history":[{"count":1,"href":"https:\/\/pornuestrolaredo.com\/index.php?rest_route=\/wp\/v2\/posts\/2787\/revisions"}],"predecessor-version":[{"id":2789,"href":"https:\/\/pornuestrolaredo.com\/index.php?rest_route=\/wp\/v2\/posts\/2787\/revisions\/2789"}],"wp:featuredmedia":[{"embeddable":true,"href":"https:\/\/pornuestrolaredo.com\/index.php?rest_route=\/wp\/v2\/media\/2788"}],"wp:attachment":[{"href":"https:\/\/pornuestrolaredo.com\/index.php?rest_route=%2Fwp%2Fv2%2Fmedia&parent=2787"}],"wp:term":[{"taxonomy":"category","embeddable":true,"href":"https:\/\/pornuestrolaredo.com\/index.php?rest_route=%2Fwp%2Fv2%2Fcategories&post=2787"},{"taxonomy":"post_tag","embeddable":true,"href":"https:\/\/pornuestrolaredo.com\/index.php?rest_route=%2Fwp%2Fv2%2Ftags&post=2787"}],"curies":[{"name":"wp","href":"https:\/\/api.w.org\/{rel}","templated":true}]}}