{"id":2790,"date":"2023-07-31T05:02:07","date_gmt":"2023-07-31T05:02:07","guid":{"rendered":"https:\/\/pornuestrolaredo.com\/?p=2790"},"modified":"2023-07-31T05:02:07","modified_gmt":"2023-07-31T05:02:07","slug":"transformaran-eje-vial-al-sur-de-nld","status":"publish","type":"post","link":"https:\/\/pornuestrolaredo.com\/?p=2790","title":{"rendered":"Transformar\u00e1n eje vial al sur de NLD"},"content":{"rendered":"<p><strong>NUEVO LAREDO.-<\/strong> El Gobierno Municipal inici\u00f3 la construcci\u00f3n del segundo cuerpo del bulevar Miraflores que beneficiar\u00e1 a miles de familias al sur de la ciudad con una mejor conectividad, a trav\u00e9s de una inversi\u00f3n de 25 millones 821 mil 488 pesos.<\/p>\n<p>Esta vialidad tendr\u00e1 una extensi\u00f3n de 18 mil 132 metros cuadrados y unificar\u00e1 en una nueva alternativa de rutas a las colonias Pedregal, Am\u00e9rica I, Granjas Guzm\u00e1n y Valles del Para\u00edso, entre otras.<\/p>\n<p>La alcaldesa Carmen Lilia Canturosas Villarreal indic\u00f3 que mediante este nuevo eje vial, la ciudadan\u00eda ya no tendr\u00e1 que conducir hacia la Carretera Nacional para llegar a otros destinos, adem\u00e1s de que acortar\u00e1 el tr\u00e1fico del sector.<\/p>\n<blockquote><p>Estas obras son necesarias para la transformaci\u00f3n de Nuevo Laredo, con esta inversi\u00f3n mejoraremos la calidad de vida de los ciudadanos y su bienestar, adem\u00e1s los principales beneficiados ser\u00e1n aquellos que salgan hacia sus trabajos o quienes vayan a dejar a sus hijos a las escuelas ya que las rutas ser\u00e1n m\u00e1s cortas y r\u00e1pidas\u201d, se\u00f1al\u00f3.<\/p><\/blockquote>\n<p>Inform\u00f3 que esta es una primera etapa en la que se implementar\u00e1 la vialidad con carpeta asf\u00e1ltica, barda perimetral, muro de contenci\u00f3n, guarniciones, encofrado de tuber\u00eda de gas, por mencionar algunos trabajos.<\/p>\n<p>La segunda etapa es un complemento del segundo cuerpo bulevar Miraflores en el que se invertir\u00e1n 2 millones 995 mil 805 pesos que comprende se\u00f1alamiento vertical y horizontal, alumbrado, postes, cables, luminarias y m\u00e1s. Con esta obra se ver\u00e1n beneficiados m\u00e1s de 16 mil habitantes de forma directa e indirecta, entre habitantes de la zona y quienes la transcurran.<\/p>\n","protected":false},"excerpt":{"rendered":"<p>Invierten 25 millones 821 mil 488 pesos para mejorar la conectividad de las colonias Pedregal, Am\u00e9rica I, Granjas Guzm\u00e1n y Valles del Para\u00edso<\/p>\n","protected":false},"author":1,"featured_media":2791,"comment_status":"closed","ping_status":"closed","sticky":false,"template":"","format":"standard","meta":{"_crdt_document":"","_jetpack_memberships_contains_paid_content":false,"footnotes":"","jetpack_publicize_message":"","jetpack_publicize_feature_enabled":true,"jetpack_social_post_already_shared":true,"jetpack_social_options":{"image_generator_settings":{"template":"highway","default_image_id":0,"font":"","enabled":false},"version":2},"_wpas_customize_per_network":false},"categories":[4],"tags":[],"class_list":["post-2790","post","type-post","status-publish","format-standard","has-post-thumbnail","hentry","category-los-dos-laredos"],"magazineBlocksPostFeaturedMedia":{"thumbnail":"https:\/\/pornuestrolaredo.com\/wp-content\/uploads\/2023\/07\/Stereo91-20230731-3-150x150.jpg","medium":"https:\/\/pornuestrolaredo.com\/wp-content\/uploads\/2023\/07\/Stereo91-20230731-3-300x154.jpg","medium_large":"https:\/\/pornuestrolaredo.com\/wp-content\/uploads\/2023\/07\/Stereo91-20230731-3-768x393.jpg","large":"https:\/\/pornuestrolaredo.com\/wp-content\/uploads\/2023\/07\/Stereo91-20230731-3-1000x512.jpg","1536x1536":"https:\/\/pornuestrolaredo.com\/wp-content\/uploads\/2023\/07\/Stereo91-20230731-3.jpg","2048x2048":"https:\/\/pornuestrolaredo.com\/wp-content\/uploads\/2023\/07\/Stereo91-20230731-3.jpg","morenews-large":"https:\/\/pornuestrolaredo.com\/wp-content\/uploads\/2023\/07\/Stereo91-20230731-3.jpg","morenews-medium":"https:\/\/pornuestrolaredo.com\/wp-content\/uploads\/2023\/07\/Stereo91-20230731-3.jpg"},"magazineBlocksPostAuthor":{"name":"Redactor","avatar":"https:\/\/pornuestrolaredo.com\/wp-content\/litespeed\/avatar\/dca1d7ec750c399f025f23b0b314f4cf.jpg?ver=1777007253"},"magazineBlocksPostCommentsNumber":false,"magazineBlocksPostExcerpt":"Invierten 25 millones 821 mil 488 pesos para mejorar la conectividad de las colonias Pedregal, Am\u00e9rica I, Granjas Guzm\u00e1n y Valles del Para\u00edso","magazineBlocksPostCategories":["Los dos Laredos"],"magazineBlocksPostViewCount":151,"magazineBlocksPostReadTime":2,"magazine_blocks_featured_image_url":{"full":["https:\/\/pornuestrolaredo.com\/wp-content\/uploads\/2023\/07\/Stereo91-20230731-3.jpg",1280,655,false],"medium":["https:\/\/pornuestrolaredo.com\/wp-content\/uploads\/2023\/07\/Stereo91-20230731-3-300x154.jpg",300,154,true],"thumbnail":["https:\/\/pornuestrolaredo.com\/wp-content\/uploads\/2023\/07\/Stereo91-20230731-3-150x150.jpg",150,150,true]},"magazine_blocks_author":{"display_name":"Redactor","author_link":"https:\/\/pornuestrolaredo.com\/?author=1"},"magazine_blocks_comment":0,"magazine_blocks_author_image":"https:\/\/pornuestrolaredo.com\/wp-content\/litespeed\/avatar\/dca1d7ec750c399f025f23b0b314f4cf.jpg?ver=1777007253","magazine_blocks_category":"<a href=\"#\" class=\"category-link category-link-4\">Los dos Laredos<\/a>","jetpack_publicize_connections":[],"featured_image_urls":{"full":["https:\/\/pornuestrolaredo.com\/wp-content\/uploads\/2023\/07\/Stereo91-20230731-3.jpg",1280,655,false],"thumbnail":["https:\/\/pornuestrolaredo.com\/wp-content\/uploads\/2023\/07\/Stereo91-20230731-3-150x150.jpg",150,150,true],"medium":["https:\/\/pornuestrolaredo.com\/wp-content\/uploads\/2023\/07\/Stereo91-20230731-3-300x154.jpg",300,154,true],"medium_large":["https:\/\/pornuestrolaredo.com\/wp-content\/uploads\/2023\/07\/Stereo91-20230731-3-768x393.jpg",640,328,true],"large":["https:\/\/pornuestrolaredo.com\/wp-content\/uploads\/2023\/07\/Stereo91-20230731-3-1000x512.jpg",640,328,true],"1536x1536":["https:\/\/pornuestrolaredo.com\/wp-content\/uploads\/2023\/07\/Stereo91-20230731-3.jpg",1280,655,false],"2048x2048":["https:\/\/pornuestrolaredo.com\/wp-content\/uploads\/2023\/07\/Stereo91-20230731-3.jpg",1280,655,false],"morenews-large":["https:\/\/pornuestrolaredo.com\/wp-content\/uploads\/2023\/07\/Stereo91-20230731-3.jpg",825,422,false],"morenews-medium":["https:\/\/pornuestrolaredo.com\/wp-content\/uploads\/2023\/07\/Stereo91-20230731-3.jpg",590,302,false]},"author_info":{"info":["Redactor"]},"category_info":"<a href=\"https:\/\/pornuestrolaredo.com\/?cat=4\" rel=\"category\">Los dos Laredos<\/a>","tag_info":"Los dos Laredos","comment_count":"0","jetpack_featured_media_url":"https:\/\/pornuestrolaredo.com\/wp-content\/uploads\/2023\/07\/Stereo91-20230731-3.jpg","jetpack_sharing_enabled":true,"_links":{"self":[{"href":"https:\/\/pornuestrolaredo.com\/index.php?rest_route=\/wp\/v2\/posts\/2790","targetHints":{"allow":["GET"]}}],"collection":[{"href":"https:\/\/pornuestrolaredo.com\/index.php?rest_route=\/wp\/v2\/posts"}],"about":[{"href":"https:\/\/pornuestrolaredo.com\/index.php?rest_route=\/wp\/v2\/types\/post"}],"author":[{"embeddable":true,"href":"https:\/\/pornuestrolaredo.com\/index.php?rest_route=\/wp\/v2\/users\/1"}],"replies":[{"embeddable":true,"href":"https:\/\/pornuestrolaredo.com\/index.php?rest_route=%2Fwp%2Fv2%2Fcomments&post=2790"}],"version-history":[{"count":1,"href":"https:\/\/pornuestrolaredo.com\/index.php?rest_route=\/wp\/v2\/posts\/2790\/revisions"}],"predecessor-version":[{"id":2792,"href":"https:\/\/pornuestrolaredo.com\/index.php?rest_route=\/wp\/v2\/posts\/2790\/revisions\/2792"}],"wp:featuredmedia":[{"embeddable":true,"href":"https:\/\/pornuestrolaredo.com\/index.php?rest_route=\/wp\/v2\/media\/2791"}],"wp:attachment":[{"href":"https:\/\/pornuestrolaredo.com\/index.php?rest_route=%2Fwp%2Fv2%2Fmedia&parent=2790"}],"wp:term":[{"taxonomy":"category","embeddable":true,"href":"https:\/\/pornuestrolaredo.com\/index.php?rest_route=%2Fwp%2Fv2%2Fcategories&post=2790"},{"taxonomy":"post_tag","embeddable":true,"href":"https:\/\/pornuestrolaredo.com\/index.php?rest_route=%2Fwp%2Fv2%2Ftags&post=2790"}],"curies":[{"name":"wp","href":"https:\/\/api.w.org\/{rel}","templated":true}]}}