{"id":2796,"date":"2023-07-31T05:26:19","date_gmt":"2023-07-31T05:26:19","guid":{"rendered":"https:\/\/pornuestrolaredo.com\/?p=2796"},"modified":"2023-07-31T05:26:19","modified_gmt":"2023-07-31T05:26:19","slug":"construyen-segunda-etapa-de-colector-pluvial-15-de-septiembre-sur","status":"publish","type":"post","link":"https:\/\/pornuestrolaredo.com\/?p=2796","title":{"rendered":"Construyen segunda etapa de colector pluvial \u201815 de Septiembre Sur\u2019"},"content":{"rendered":"<p><strong>NUEVO LAREDO.-<\/strong> Con la finalidad de mejorar la infraestructura hidr\u00e1ulica de Nuevo Laredo, el Gobierno Municipal invierte m\u00e1s de 47 millones de pesos en la segunda etapa de la construcci\u00f3n del colector pluvial \u201c15 de Septiembre Sur\u201d en la colonia Campestre.<\/p>\n<p>Esta obra comprende una construcci\u00f3n de 697 metros lineales de tuber\u00eda y beneficiar\u00e1 a 10 mil 81 vecinos, tambi\u00e9n a m\u00e1s de 40 mil habitantes de forma indirecta.<br \/>\nLa alcaldesa Carmen Lilia Canturosas Villarreal inform\u00f3 que en la obra se invierten 47 millones 262 mil 522 pesos y ya lleva 25% de avance.<\/p>\n<blockquote><p>El mejoramiento de nuestro sistema hidr\u00e1ulico es fundamental para mantener nuestras calles en \u00f3ptimas condiciones, adem\u00e1s de que es pieza clave para poder sanear nuestros recursos naturales como lo es el R\u00edo Bravo y el Laguito. Estas obras representar\u00e1n un mejor futuro para los neolaredenses tanto en su bienestar como calidad de vida\u201d, asegur\u00f3.<\/p><\/blockquote>\n<p>Se\u00f1al\u00f3 que el saneamiento de las aguas es un compromiso internacional debido a que tambi\u00e9n impactar\u00e1 positivamente a los municipios, mexicanos y americanos, aleda\u00f1os al r\u00edo Bravo.<\/p>\n<p>Los trabajos en el colector pluvial se dividen en dos partes; primero en la construcci\u00f3n del colector que abarca la remoci\u00f3n de tuber\u00eda obsoleta para instalar otra de concreto reforzado que mide 96 pulgadas, filtros, excavaci\u00f3n, entre otros.<\/p>\n<p>El segundo es la rehabilitaci\u00f3n del drenaje sanitario que comprende descargas domiciliarias, tuber\u00eda de PVC de 8 y 10 pulgadas, pozos de visita y m\u00e1s trabajos.<\/p>\n<p>En 2022, el Gobierno Municipal llev\u00f3 a cabo la construcci\u00f3n de colector de drenaje pluvial en 15 de Septiembre sur primera etapa en la que adem\u00e1s se instalaron cinco alcantarillas, 10 rejillas y un guardaganado; el colector abarca las colonias M\u00e9xico, Bur\u00f3cratas, Campestre e Infonavit Fundadores.<\/p>\n","protected":false},"excerpt":{"rendered":"<p>Esta obra comprende la instalaci\u00f3n de 697 metros lineales de tuber\u00eda y beneficiar\u00e1 a 10 mil 81 vecinos<\/p>\n","protected":false},"author":1,"featured_media":2797,"comment_status":"closed","ping_status":"closed","sticky":false,"template":"","format":"standard","meta":{"_crdt_document":"","_jetpack_memberships_contains_paid_content":false,"footnotes":"","jetpack_publicize_message":"","jetpack_publicize_feature_enabled":true,"jetpack_social_post_already_shared":true,"jetpack_social_options":{"image_generator_settings":{"template":"highway","default_image_id":0,"font":"","enabled":false},"version":2},"_wpas_customize_per_network":false},"categories":[4],"tags":[],"class_list":["post-2796","post","type-post","status-publish","format-standard","has-post-thumbnail","hentry","category-los-dos-laredos"],"magazineBlocksPostFeaturedMedia":{"thumbnail":"https:\/\/pornuestrolaredo.com\/wp-content\/uploads\/2023\/07\/PNL-20230731-4-150x150.jpg","medium":"https:\/\/pornuestrolaredo.com\/wp-content\/uploads\/2023\/07\/PNL-20230731-4-300x163.jpg","medium_large":"https:\/\/pornuestrolaredo.com\/wp-content\/uploads\/2023\/07\/PNL-20230731-4-768x418.jpg","large":"https:\/\/pornuestrolaredo.com\/wp-content\/uploads\/2023\/07\/PNL-20230731-4-1000x545.jpg","1536x1536":"https:\/\/pornuestrolaredo.com\/wp-content\/uploads\/2023\/07\/PNL-20230731-4.jpg","2048x2048":"https:\/\/pornuestrolaredo.com\/wp-content\/uploads\/2023\/07\/PNL-20230731-4.jpg","morenews-large":"https:\/\/pornuestrolaredo.com\/wp-content\/uploads\/2023\/07\/PNL-20230731-4.jpg","morenews-medium":"https:\/\/pornuestrolaredo.com\/wp-content\/uploads\/2023\/07\/PNL-20230731-4.jpg"},"magazineBlocksPostAuthor":{"name":"Redactor","avatar":"https:\/\/pornuestrolaredo.com\/wp-content\/litespeed\/avatar\/dca1d7ec750c399f025f23b0b314f4cf.jpg?ver=1777007253"},"magazineBlocksPostCommentsNumber":false,"magazineBlocksPostExcerpt":"Esta obra comprende la instalaci\u00f3n de 697 metros lineales de tuber\u00eda y beneficiar\u00e1 a 10 mil 81 vecinos","magazineBlocksPostCategories":["Los dos Laredos"],"magazineBlocksPostViewCount":150,"magazineBlocksPostReadTime":2,"magazine_blocks_featured_image_url":{"full":["https:\/\/pornuestrolaredo.com\/wp-content\/uploads\/2023\/07\/PNL-20230731-4.jpg",1280,697,false],"medium":["https:\/\/pornuestrolaredo.com\/wp-content\/uploads\/2023\/07\/PNL-20230731-4-300x163.jpg",300,163,true],"thumbnail":["https:\/\/pornuestrolaredo.com\/wp-content\/uploads\/2023\/07\/PNL-20230731-4-150x150.jpg",150,150,true]},"magazine_blocks_author":{"display_name":"Redactor","author_link":"https:\/\/pornuestrolaredo.com\/?author=1"},"magazine_blocks_comment":0,"magazine_blocks_author_image":"https:\/\/pornuestrolaredo.com\/wp-content\/litespeed\/avatar\/dca1d7ec750c399f025f23b0b314f4cf.jpg?ver=1777007253","magazine_blocks_category":"<a href=\"#\" class=\"category-link category-link-4\">Los dos Laredos<\/a>","jetpack_publicize_connections":[],"featured_image_urls":{"full":["https:\/\/pornuestrolaredo.com\/wp-content\/uploads\/2023\/07\/PNL-20230731-4.jpg",1280,697,false],"thumbnail":["https:\/\/pornuestrolaredo.com\/wp-content\/uploads\/2023\/07\/PNL-20230731-4-150x150.jpg",150,150,true],"medium":["https:\/\/pornuestrolaredo.com\/wp-content\/uploads\/2023\/07\/PNL-20230731-4-300x163.jpg",300,163,true],"medium_large":["https:\/\/pornuestrolaredo.com\/wp-content\/uploads\/2023\/07\/PNL-20230731-4-768x418.jpg",640,348,true],"large":["https:\/\/pornuestrolaredo.com\/wp-content\/uploads\/2023\/07\/PNL-20230731-4-1000x545.jpg",640,349,true],"1536x1536":["https:\/\/pornuestrolaredo.com\/wp-content\/uploads\/2023\/07\/PNL-20230731-4.jpg",1280,697,false],"2048x2048":["https:\/\/pornuestrolaredo.com\/wp-content\/uploads\/2023\/07\/PNL-20230731-4.jpg",1280,697,false],"morenews-large":["https:\/\/pornuestrolaredo.com\/wp-content\/uploads\/2023\/07\/PNL-20230731-4.jpg",825,449,false],"morenews-medium":["https:\/\/pornuestrolaredo.com\/wp-content\/uploads\/2023\/07\/PNL-20230731-4.jpg",590,321,false]},"author_info":{"info":["Redactor"]},"category_info":"<a href=\"https:\/\/pornuestrolaredo.com\/?cat=4\" rel=\"category\">Los dos Laredos<\/a>","tag_info":"Los dos Laredos","comment_count":"0","jetpack_featured_media_url":"https:\/\/pornuestrolaredo.com\/wp-content\/uploads\/2023\/07\/PNL-20230731-4.jpg","jetpack_sharing_enabled":true,"_links":{"self":[{"href":"https:\/\/pornuestrolaredo.com\/index.php?rest_route=\/wp\/v2\/posts\/2796","targetHints":{"allow":["GET"]}}],"collection":[{"href":"https:\/\/pornuestrolaredo.com\/index.php?rest_route=\/wp\/v2\/posts"}],"about":[{"href":"https:\/\/pornuestrolaredo.com\/index.php?rest_route=\/wp\/v2\/types\/post"}],"author":[{"embeddable":true,"href":"https:\/\/pornuestrolaredo.com\/index.php?rest_route=\/wp\/v2\/users\/1"}],"replies":[{"embeddable":true,"href":"https:\/\/pornuestrolaredo.com\/index.php?rest_route=%2Fwp%2Fv2%2Fcomments&post=2796"}],"version-history":[{"count":1,"href":"https:\/\/pornuestrolaredo.com\/index.php?rest_route=\/wp\/v2\/posts\/2796\/revisions"}],"predecessor-version":[{"id":2798,"href":"https:\/\/pornuestrolaredo.com\/index.php?rest_route=\/wp\/v2\/posts\/2796\/revisions\/2798"}],"wp:featuredmedia":[{"embeddable":true,"href":"https:\/\/pornuestrolaredo.com\/index.php?rest_route=\/wp\/v2\/media\/2797"}],"wp:attachment":[{"href":"https:\/\/pornuestrolaredo.com\/index.php?rest_route=%2Fwp%2Fv2%2Fmedia&parent=2796"}],"wp:term":[{"taxonomy":"category","embeddable":true,"href":"https:\/\/pornuestrolaredo.com\/index.php?rest_route=%2Fwp%2Fv2%2Fcategories&post=2796"},{"taxonomy":"post_tag","embeddable":true,"href":"https:\/\/pornuestrolaredo.com\/index.php?rest_route=%2Fwp%2Fv2%2Ftags&post=2796"}],"curies":[{"name":"wp","href":"https:\/\/api.w.org\/{rel}","templated":true}]}}