{"id":2799,"date":"2023-08-01T04:35:38","date_gmt":"2023-08-01T04:35:38","guid":{"rendered":"https:\/\/pornuestrolaredo.com\/?p=2799"},"modified":"2023-08-01T04:35:38","modified_gmt":"2023-08-01T04:35:38","slug":"entregaran-utiles-y-uniformes-a-estudiantes-de-nld","status":"publish","type":"post","link":"https:\/\/pornuestrolaredo.com\/?p=2799","title":{"rendered":"Entregar\u00e1n \u00fatiles y uniformes a estudiantes de NLD"},"content":{"rendered":"<p><strong>NUEVO LAREDO.- <\/strong>Para que los padres de familia no inviertan su dinero en \u00fatiles escolares para el pr\u00f3ximo ciclo escolar que se avecina, el Gobierno Municipal entregar\u00e1 a los alumnos de educaci\u00f3n b\u00e1sica mochilas, uniformes deportivos y \u00fatiles.<\/p>\n<p>En la conferencia de prensa \u201cNuevo Laredo Comunica\u201d la alcaldesa Carmen Lilia Canturosas anunci\u00f3 estos apoyos a todos los alumnos de preescolar, primaria, secundaria y especiales como parte del compromiso que tiene con la educaci\u00f3n.<\/p>\n<p>Tambi\u00e9n hizo un llamado a los padres de familia para que no gasten su dinero en la compra de los \u00fatiles escolares, ya que el Gobierno invertir\u00e1 60 millones de pesos en la entrega de estos beneficios como una forma de ayudar en la econom\u00eda familiar.<\/p>\n<blockquote><p>En esta administraci\u00f3n, la educaci\u00f3n es una prioridad y una vez m\u00e1s lo estamos demostrando ustedes son testigos de que estos apoyos son a conciencia, pensando en que nuestras ni\u00f1as, ni\u00f1os y adolescentes lo aprovechen al m\u00e1ximo, pero tambi\u00e9n para generar un significativo ahorro a la econom\u00eda de miles de familias en la ciudad\u201d, se\u00f1al\u00f3 Canturosas, presidenta municipal.<\/p><\/blockquote>\n<p>Indic\u00f3 que cada art\u00edculo est\u00e1 pensado en las necesidades del grado escolar, por lo que son cuatro tipos de paquetes escolares los que se otorgar\u00e1n a estudiantes para cubrir desde preescolar hasta tercero de secundaria y educaci\u00f3n especial.<\/p>\n<p>El secretario de Educaci\u00f3n, Cultura y Deporte, Ernesto Ferrara Theriot, dijo que ser\u00e1n 30 mil uniformes deportivos los que se entregar\u00e1n para nivel primaria y 12 mil para secundaria.\u00a0<\/p>\n<p>Explic\u00f3 que se adquirir\u00e1n un total de 68 mil 850 mochilas con \u00fatiles escolares para alumnos de preescolar, primaria, secundaria y educaci\u00f3n especial. La alcaldesa agreg\u00f3 que estar\u00e1n programando con las autoridades educativas para hacer entrega de este apoyo en cuanto inicie el nuevo ciclo escolar.<\/p>\n","protected":false},"excerpt":{"rendered":"<p>Anuncia la alcaldesa Carmen Lilia Canturosas que ser\u00e1 una inversi\u00f3n de 60 millones de pesos para ayudar a la econom\u00eda de las familias locales<\/p>\n","protected":false},"author":1,"featured_media":2800,"comment_status":"closed","ping_status":"closed","sticky":false,"template":"","format":"standard","meta":{"_crdt_document":"","_jetpack_memberships_contains_paid_content":false,"footnotes":"","jetpack_publicize_message":"","jetpack_publicize_feature_enabled":true,"jetpack_social_post_already_shared":true,"jetpack_social_options":{"image_generator_settings":{"template":"highway","default_image_id":0,"font":"","enabled":false},"version":2},"_wpas_customize_per_network":false},"categories":[4],"tags":[],"class_list":["post-2799","post","type-post","status-publish","format-standard","has-post-thumbnail","hentry","category-los-dos-laredos"],"magazineBlocksPostFeaturedMedia":{"thumbnail":"https:\/\/pornuestrolaredo.com\/wp-content\/uploads\/2023\/08\/Stereo91-20230731-4-150x150.jpg","medium":"https:\/\/pornuestrolaredo.com\/wp-content\/uploads\/2023\/08\/Stereo91-20230731-4-300x161.jpg","medium_large":"https:\/\/pornuestrolaredo.com\/wp-content\/uploads\/2023\/08\/Stereo91-20230731-4-768x412.jpg","large":"https:\/\/pornuestrolaredo.com\/wp-content\/uploads\/2023\/08\/Stereo91-20230731-4-1000x536.jpg","1536x1536":"https:\/\/pornuestrolaredo.com\/wp-content\/uploads\/2023\/08\/Stereo91-20230731-4.jpg","2048x2048":"https:\/\/pornuestrolaredo.com\/wp-content\/uploads\/2023\/08\/Stereo91-20230731-4.jpg","morenews-large":"https:\/\/pornuestrolaredo.com\/wp-content\/uploads\/2023\/08\/Stereo91-20230731-4.jpg","morenews-medium":"https:\/\/pornuestrolaredo.com\/wp-content\/uploads\/2023\/08\/Stereo91-20230731-4.jpg"},"magazineBlocksPostAuthor":{"name":"Redactor","avatar":"https:\/\/pornuestrolaredo.com\/wp-content\/litespeed\/avatar\/dca1d7ec750c399f025f23b0b314f4cf.jpg?ver=1777007253"},"magazineBlocksPostCommentsNumber":false,"magazineBlocksPostExcerpt":"Anuncia la alcaldesa Carmen Lilia Canturosas que ser\u00e1 una inversi\u00f3n de 60 millones de pesos para ayudar a la econom\u00eda de las familias locales","magazineBlocksPostCategories":["Los dos Laredos"],"magazineBlocksPostViewCount":145,"magazineBlocksPostReadTime":2,"magazine_blocks_featured_image_url":{"full":["https:\/\/pornuestrolaredo.com\/wp-content\/uploads\/2023\/08\/Stereo91-20230731-4.jpg",1280,686,false],"medium":["https:\/\/pornuestrolaredo.com\/wp-content\/uploads\/2023\/08\/Stereo91-20230731-4-300x161.jpg",300,161,true],"thumbnail":["https:\/\/pornuestrolaredo.com\/wp-content\/uploads\/2023\/08\/Stereo91-20230731-4-150x150.jpg",150,150,true]},"magazine_blocks_author":{"display_name":"Redactor","author_link":"https:\/\/pornuestrolaredo.com\/?author=1"},"magazine_blocks_comment":0,"magazine_blocks_author_image":"https:\/\/pornuestrolaredo.com\/wp-content\/litespeed\/avatar\/dca1d7ec750c399f025f23b0b314f4cf.jpg?ver=1777007253","magazine_blocks_category":"<a href=\"#\" class=\"category-link category-link-4\">Los dos Laredos<\/a>","jetpack_publicize_connections":[],"featured_image_urls":{"full":["https:\/\/pornuestrolaredo.com\/wp-content\/uploads\/2023\/08\/Stereo91-20230731-4.jpg",1280,686,false],"thumbnail":["https:\/\/pornuestrolaredo.com\/wp-content\/uploads\/2023\/08\/Stereo91-20230731-4-150x150.jpg",150,150,true],"medium":["https:\/\/pornuestrolaredo.com\/wp-content\/uploads\/2023\/08\/Stereo91-20230731-4-300x161.jpg",300,161,true],"medium_large":["https:\/\/pornuestrolaredo.com\/wp-content\/uploads\/2023\/08\/Stereo91-20230731-4-768x412.jpg",640,343,true],"large":["https:\/\/pornuestrolaredo.com\/wp-content\/uploads\/2023\/08\/Stereo91-20230731-4-1000x536.jpg",640,343,true],"1536x1536":["https:\/\/pornuestrolaredo.com\/wp-content\/uploads\/2023\/08\/Stereo91-20230731-4.jpg",1280,686,false],"2048x2048":["https:\/\/pornuestrolaredo.com\/wp-content\/uploads\/2023\/08\/Stereo91-20230731-4.jpg",1280,686,false],"morenews-large":["https:\/\/pornuestrolaredo.com\/wp-content\/uploads\/2023\/08\/Stereo91-20230731-4.jpg",825,442,false],"morenews-medium":["https:\/\/pornuestrolaredo.com\/wp-content\/uploads\/2023\/08\/Stereo91-20230731-4.jpg",590,316,false]},"author_info":{"info":["Redactor"]},"category_info":"<a href=\"https:\/\/pornuestrolaredo.com\/?cat=4\" rel=\"category\">Los dos Laredos<\/a>","tag_info":"Los dos Laredos","comment_count":"0","jetpack_featured_media_url":"https:\/\/pornuestrolaredo.com\/wp-content\/uploads\/2023\/08\/Stereo91-20230731-4.jpg","jetpack_sharing_enabled":true,"_links":{"self":[{"href":"https:\/\/pornuestrolaredo.com\/index.php?rest_route=\/wp\/v2\/posts\/2799","targetHints":{"allow":["GET"]}}],"collection":[{"href":"https:\/\/pornuestrolaredo.com\/index.php?rest_route=\/wp\/v2\/posts"}],"about":[{"href":"https:\/\/pornuestrolaredo.com\/index.php?rest_route=\/wp\/v2\/types\/post"}],"author":[{"embeddable":true,"href":"https:\/\/pornuestrolaredo.com\/index.php?rest_route=\/wp\/v2\/users\/1"}],"replies":[{"embeddable":true,"href":"https:\/\/pornuestrolaredo.com\/index.php?rest_route=%2Fwp%2Fv2%2Fcomments&post=2799"}],"version-history":[{"count":1,"href":"https:\/\/pornuestrolaredo.com\/index.php?rest_route=\/wp\/v2\/posts\/2799\/revisions"}],"predecessor-version":[{"id":2801,"href":"https:\/\/pornuestrolaredo.com\/index.php?rest_route=\/wp\/v2\/posts\/2799\/revisions\/2801"}],"wp:featuredmedia":[{"embeddable":true,"href":"https:\/\/pornuestrolaredo.com\/index.php?rest_route=\/wp\/v2\/media\/2800"}],"wp:attachment":[{"href":"https:\/\/pornuestrolaredo.com\/index.php?rest_route=%2Fwp%2Fv2%2Fmedia&parent=2799"}],"wp:term":[{"taxonomy":"category","embeddable":true,"href":"https:\/\/pornuestrolaredo.com\/index.php?rest_route=%2Fwp%2Fv2%2Fcategories&post=2799"},{"taxonomy":"post_tag","embeddable":true,"href":"https:\/\/pornuestrolaredo.com\/index.php?rest_route=%2Fwp%2Fv2%2Ftags&post=2799"}],"curies":[{"name":"wp","href":"https:\/\/api.w.org\/{rel}","templated":true}]}}