{"id":2817,"date":"2023-08-01T22:59:04","date_gmt":"2023-08-01T22:59:04","guid":{"rendered":"https:\/\/pornuestrolaredo.com\/?p=2817"},"modified":"2023-08-01T22:59:04","modified_gmt":"2023-08-01T22:59:04","slug":"presenta-alcaldesa-convocatoria-para-becas-deportivas","status":"publish","type":"post","link":"https:\/\/pornuestrolaredo.com\/?p=2817","title":{"rendered":"Presenta alcaldesa convocatoria para becas deportivas"},"content":{"rendered":"<p><strong>NUEVO LAREDO.- <\/strong>Esta semana el Gobierno Municipal lanzar\u00e1 la convocatoria de la \u201cBeca UNE al Talento Deportivo\u201d para continuar con el impulso al desarrollo de los deportistas de Nuevo Laredo.  <\/p>\n<p>Son 8 millones 430 mil pesos destinados por parte de la administraci\u00f3n municipal para todos los atletas que sean seleccionados con este beneficio el cual les ayudar\u00e1 a adquirir equipo para su preparaci\u00f3n deportiva.<\/p>\n<p>La alcaldesa Carmen Lilia Canturosas, inform\u00f3 que este apoyo es un reconocimiento a todos los atletas que d\u00eda a d\u00eda se esfuerzan para lograr triunfos y enorgullecer a Nuevo Laredo.<\/p>\n<blockquote><p>Era un compromiso que ten\u00edamos pendiente con nuestros atletas, pero hoy es una realidad, queremos que nuestros ni\u00f1os y j\u00f3venes contin\u00faen poniendo en alto el nombre de Nuevo Laredo y que este est\u00edmulo les ayude en su preparaci\u00f3n\u201d, se\u00f1al\u00f3 Canturosas, presidenta municipal.<\/p><\/blockquote>\n<p>El secretario de Educaci\u00f3n, Cultura y Deporte, Ernesto Ferrara Theriot, dio a conocer que la convocatoria est\u00e1 dirigida a deportistas de 6 a\u00f1os en adelante, as\u00ed como entrenadores residentes de Nuevo Laredo, participantes en competencias estatales, regionales, nacionales e internacionales avaladas por CONADE o su respectiva federaci\u00f3n.<\/p>\n<p>A partir del 3 de agosto se publicar\u00e1n las bases y requisitos para que los deportistas interesados realicen su registro en la p\u00e1gina web del gobierno municipal y tendr\u00e1n hasta el 10 del mismo mes  para hacer el tr\u00e1mite.<\/p>\n<p>Posteriormente, el 21 de agosto se dar\u00e1n a conocer los resultados de los beneficiados.<\/p>\n<p>Salom\u00f3n Valencia Hinojosa, director de Cultura F\u00edsica y Deporte, dijo que Nuevo Laredo se ha caracterizado por tener excelentes deportistas por lo que esta beca ser\u00e1 un gran est\u00edmulo para ellos.  <\/p>\n<p>La presidenta destac\u00f3 la inversi\u00f3n en infraestructura y rescate de espacios para que los atletas cuenten con campos, canchas, gimnasios y pistas dignas en los que ahora pueden practicar de manera m\u00e1s adecuada.<\/p>\n<p>Tambi\u00e9n, este Gobierno Municipal , ha destinado  una inversi\u00f3n sin precedentes a deportistas que viajan representando a Nuevo Laredo en competencias fuera de la ciudad.<\/p>\n","protected":false},"excerpt":{"rendered":"<p>Carmen Lilia Canturosas considera que es necesario continuar con el impulso al desarrollo de los deportistas de Nuevo Laredo<\/p>\n","protected":false},"author":1,"featured_media":2818,"comment_status":"closed","ping_status":"closed","sticky":false,"template":"","format":"standard","meta":{"_crdt_document":"","_jetpack_memberships_contains_paid_content":false,"footnotes":"","jetpack_publicize_message":"","jetpack_publicize_feature_enabled":true,"jetpack_social_post_already_shared":true,"jetpack_social_options":{"image_generator_settings":{"template":"highway","default_image_id":0,"font":"","enabled":false},"version":2},"_wpas_customize_per_network":false},"categories":[4],"tags":[],"class_list":["post-2817","post","type-post","status-publish","format-standard","has-post-thumbnail","hentry","category-los-dos-laredos"],"magazineBlocksPostFeaturedMedia":{"thumbnail":"https:\/\/pornuestrolaredo.com\/wp-content\/uploads\/2023\/08\/Captura-de-pantalla-2023-08-01-a-las-5.54.04-p.m-150x150.png","medium":"https:\/\/pornuestrolaredo.com\/wp-content\/uploads\/2023\/08\/Captura-de-pantalla-2023-08-01-a-las-5.54.04-p.m-300x169.png","medium_large":"https:\/\/pornuestrolaredo.com\/wp-content\/uploads\/2023\/08\/Captura-de-pantalla-2023-08-01-a-las-5.54.04-p.m-768x432.png","large":"https:\/\/pornuestrolaredo.com\/wp-content\/uploads\/2023\/08\/Captura-de-pantalla-2023-08-01-a-las-5.54.04-p.m-1000x563.png","1536x1536":"https:\/\/pornuestrolaredo.com\/wp-content\/uploads\/2023\/08\/Captura-de-pantalla-2023-08-01-a-las-5.54.04-p.m.png","2048x2048":"https:\/\/pornuestrolaredo.com\/wp-content\/uploads\/2023\/08\/Captura-de-pantalla-2023-08-01-a-las-5.54.04-p.m.png","morenews-large":"https:\/\/pornuestrolaredo.com\/wp-content\/uploads\/2023\/08\/Captura-de-pantalla-2023-08-01-a-las-5.54.04-p.m.png","morenews-medium":"https:\/\/pornuestrolaredo.com\/wp-content\/uploads\/2023\/08\/Captura-de-pantalla-2023-08-01-a-las-5.54.04-p.m.png"},"magazineBlocksPostAuthor":{"name":"Redactor","avatar":"https:\/\/pornuestrolaredo.com\/wp-content\/litespeed\/avatar\/dca1d7ec750c399f025f23b0b314f4cf.jpg?ver=1777007253"},"magazineBlocksPostCommentsNumber":false,"magazineBlocksPostExcerpt":"Carmen Lilia Canturosas considera que es necesario continuar con el impulso al desarrollo de los deportistas de Nuevo Laredo\r\n","magazineBlocksPostCategories":["Los dos Laredos"],"magazineBlocksPostViewCount":142,"magazineBlocksPostReadTime":2,"magazine_blocks_featured_image_url":{"full":["https:\/\/pornuestrolaredo.com\/wp-content\/uploads\/2023\/08\/Captura-de-pantalla-2023-08-01-a-las-5.54.04-p.m.png",1436,808,false],"medium":["https:\/\/pornuestrolaredo.com\/wp-content\/uploads\/2023\/08\/Captura-de-pantalla-2023-08-01-a-las-5.54.04-p.m-300x169.png",300,169,true],"thumbnail":["https:\/\/pornuestrolaredo.com\/wp-content\/uploads\/2023\/08\/Captura-de-pantalla-2023-08-01-a-las-5.54.04-p.m-150x150.png",150,150,true]},"magazine_blocks_author":{"display_name":"Redactor","author_link":"https:\/\/pornuestrolaredo.com\/?author=1"},"magazine_blocks_comment":0,"magazine_blocks_author_image":"https:\/\/pornuestrolaredo.com\/wp-content\/litespeed\/avatar\/dca1d7ec750c399f025f23b0b314f4cf.jpg?ver=1777007253","magazine_blocks_category":"<a href=\"#\" class=\"category-link category-link-4\">Los dos Laredos<\/a>","jetpack_publicize_connections":[],"featured_image_urls":{"full":["https:\/\/pornuestrolaredo.com\/wp-content\/uploads\/2023\/08\/Captura-de-pantalla-2023-08-01-a-las-5.54.04-p.m.png",1436,808,false],"thumbnail":["https:\/\/pornuestrolaredo.com\/wp-content\/uploads\/2023\/08\/Captura-de-pantalla-2023-08-01-a-las-5.54.04-p.m-150x150.png",150,150,true],"medium":["https:\/\/pornuestrolaredo.com\/wp-content\/uploads\/2023\/08\/Captura-de-pantalla-2023-08-01-a-las-5.54.04-p.m-300x169.png",300,169,true],"medium_large":["https:\/\/pornuestrolaredo.com\/wp-content\/uploads\/2023\/08\/Captura-de-pantalla-2023-08-01-a-las-5.54.04-p.m-768x432.png",640,360,true],"large":["https:\/\/pornuestrolaredo.com\/wp-content\/uploads\/2023\/08\/Captura-de-pantalla-2023-08-01-a-las-5.54.04-p.m-1000x563.png",640,360,true],"1536x1536":["https:\/\/pornuestrolaredo.com\/wp-content\/uploads\/2023\/08\/Captura-de-pantalla-2023-08-01-a-las-5.54.04-p.m.png",1436,808,false],"2048x2048":["https:\/\/pornuestrolaredo.com\/wp-content\/uploads\/2023\/08\/Captura-de-pantalla-2023-08-01-a-las-5.54.04-p.m.png",1436,808,false],"morenews-large":["https:\/\/pornuestrolaredo.com\/wp-content\/uploads\/2023\/08\/Captura-de-pantalla-2023-08-01-a-las-5.54.04-p.m.png",825,464,false],"morenews-medium":["https:\/\/pornuestrolaredo.com\/wp-content\/uploads\/2023\/08\/Captura-de-pantalla-2023-08-01-a-las-5.54.04-p.m.png",590,332,false]},"author_info":{"info":["Redactor"]},"category_info":"<a href=\"https:\/\/pornuestrolaredo.com\/?cat=4\" rel=\"category\">Los dos Laredos<\/a>","tag_info":"Los dos Laredos","comment_count":"0","jetpack_featured_media_url":"https:\/\/pornuestrolaredo.com\/wp-content\/uploads\/2023\/08\/Captura-de-pantalla-2023-08-01-a-las-5.54.04-p.m.png","jetpack_sharing_enabled":true,"_links":{"self":[{"href":"https:\/\/pornuestrolaredo.com\/index.php?rest_route=\/wp\/v2\/posts\/2817","targetHints":{"allow":["GET"]}}],"collection":[{"href":"https:\/\/pornuestrolaredo.com\/index.php?rest_route=\/wp\/v2\/posts"}],"about":[{"href":"https:\/\/pornuestrolaredo.com\/index.php?rest_route=\/wp\/v2\/types\/post"}],"author":[{"embeddable":true,"href":"https:\/\/pornuestrolaredo.com\/index.php?rest_route=\/wp\/v2\/users\/1"}],"replies":[{"embeddable":true,"href":"https:\/\/pornuestrolaredo.com\/index.php?rest_route=%2Fwp%2Fv2%2Fcomments&post=2817"}],"version-history":[{"count":1,"href":"https:\/\/pornuestrolaredo.com\/index.php?rest_route=\/wp\/v2\/posts\/2817\/revisions"}],"predecessor-version":[{"id":2819,"href":"https:\/\/pornuestrolaredo.com\/index.php?rest_route=\/wp\/v2\/posts\/2817\/revisions\/2819"}],"wp:featuredmedia":[{"embeddable":true,"href":"https:\/\/pornuestrolaredo.com\/index.php?rest_route=\/wp\/v2\/media\/2818"}],"wp:attachment":[{"href":"https:\/\/pornuestrolaredo.com\/index.php?rest_route=%2Fwp%2Fv2%2Fmedia&parent=2817"}],"wp:term":[{"taxonomy":"category","embeddable":true,"href":"https:\/\/pornuestrolaredo.com\/index.php?rest_route=%2Fwp%2Fv2%2Fcategories&post=2817"},{"taxonomy":"post_tag","embeddable":true,"href":"https:\/\/pornuestrolaredo.com\/index.php?rest_route=%2Fwp%2Fv2%2Ftags&post=2817"}],"curies":[{"name":"wp","href":"https:\/\/api.w.org\/{rel}","templated":true}]}}