{"id":282,"date":"2022-09-12T19:21:49","date_gmt":"2022-09-12T19:21:49","guid":{"rendered":"https:\/\/pornuestrolaredo.com\/?p=282"},"modified":"2022-09-12T19:21:49","modified_gmt":"2022-09-12T19:21:49","slug":"limpian-la-ciudad-con-programa-de-deschatarrizacion%ef%bf%bc","status":"publish","type":"post","link":"https:\/\/pornuestrolaredo.com\/?p=282","title":{"rendered":"Limpian la ciudad con programa de deschatarrizaci\u00f3n\ufffc"},"content":{"rendered":"\n<p class=\"wp-block-paragraph\"><strong><em>NUEVO LAREDO.- <\/em><\/strong>Con el programa de \u201cDeschatarrizaci\u00f3n\u201d emprendido por el Gobierno Municipal,&nbsp;&nbsp; en lo que va del a\u00f1o se han&nbsp; retirado m\u00e1s de 650 unidades que obstaculizaban&nbsp; la v\u00eda p\u00fablica.<\/p>\n\n\n\n<p class=\"wp-block-paragraph\">En este operativo la Direcci\u00f3n de Tr\u00e1nsito y Vialidad (DTyV) deja a los&nbsp; propietarios de los veh\u00edculos una notificaci\u00f3n con un plazo de 48 horas para remover la unidad&nbsp; del sitio en&nbsp; donde se encuentra en aparente estado de abandono.<\/p>\n\n\n\n<p class=\"wp-block-paragraph\">De los autos notificados solo 72 fueron retirados por medio de gr\u00faa, los dem\u00e1s fueron removidos por el propietario de la unidad, que&nbsp; atendi\u00f3 al llamado del Municipio.<\/p>\n\n\n\n<p class=\"wp-block-paragraph\">El comandante Armando de la Torre Toledo, encargado del despacho de la DTyV, dijo que esta campa\u00f1a se realiza, dando seguimiento&nbsp; a las instrucciones de la presidenta municipal Carmen Lilia Canturosas para mejorar la calidad de vida de los neolaredenses y la imagen urbana de la ciudad.<\/p>\n\n\n\n<p class=\"wp-block-paragraph\">Las multas por no atender la solicitud de retirar el veh\u00edculo son de 6 UMAS, equivalente a 577 pesos, m\u00e1s el remolque de la gr\u00faa que lo cobran de acuerdo al peso del auto o camioneta.<\/p>\n\n\n\n<p class=\"wp-block-paragraph\">Debido a este operativo, quedaron los espacios de \u00e1reas verdes y alrededores limpios de \u201cveh\u00edculos chatarra\u201d y de aquellos en condiciones similares detectados en las diversas colonias.<\/p>\n\n\n\n<p class=\"wp-block-paragraph\">Las colonias en donde se ha realizado el operativo de deschatarrizaci\u00f3n son:Nueva Era, Infonavit, Issste,Colinas del Sur, Madero,Voluntad y Trabajo 1, Bosques del Sur, Valles del Para\u00edso, Guerrero, Jard\u00edn, La Fe,&nbsp; An\u00e1huac, Benito Ju\u00e1rez, R\u00edo Bravo, Ampliaci\u00f3n Nogal, Buenavista, Los Fresnos, Centro, M\u00e9xico, J. Longoria, Los C\u00e1ntaros, Fracc Tulipanes.<\/p>\n\n\n\n<p class=\"wp-block-paragraph\">Las personas que tengan identificados autom\u00f3viles en estas condiciones pueden realizar el reporte al n\u00famero 072 o a la p\u00e1gina web 072.mx.<\/p>\n","protected":false},"excerpt":{"rendered":"<p>NUEVO LAREDO.- Con el programa de \u201cDeschatarrizaci\u00f3n\u201d emprendido por el Gobierno Municipal,&nbsp;&nbsp; en lo que va del a\u00f1o<\/p>\n","protected":false},"author":1,"featured_media":283,"comment_status":"open","ping_status":"open","sticky":false,"template":"","format":"standard","meta":{"_crdt_document":"","_jetpack_memberships_contains_paid_content":false,"footnotes":"","jetpack_publicize_message":"En lo que va del a\u00f1o, se han retirado 650 unidades que obstaculizaban la v\u00eda p\u00fablica","jetpack_publicize_feature_enabled":true,"jetpack_social_post_already_shared":true,"jetpack_social_options":{"image_generator_settings":{"template":"highway","default_image_id":0,"font":"","enabled":false},"version":2},"_wpas_customize_per_network":false},"categories":[5],"tags":[],"class_list":["post-282","post","type-post","status-publish","format-standard","has-post-thumbnail","hentry","category-dos-laredos"],"magazineBlocksPostFeaturedMedia":{"thumbnail":"https:\/\/pornuestrolaredo.com\/wp-content\/uploads\/2022\/09\/PNL-20220912-3-150x150.jpeg","medium":"https:\/\/pornuestrolaredo.com\/wp-content\/uploads\/2022\/09\/PNL-20220912-3-300x131.jpeg","medium_large":"https:\/\/pornuestrolaredo.com\/wp-content\/uploads\/2022\/09\/PNL-20220912-3-768x336.jpeg","large":"https:\/\/pornuestrolaredo.com\/wp-content\/uploads\/2022\/09\/PNL-20220912-3-1024x448.jpeg","1536x1536":"https:\/\/pornuestrolaredo.com\/wp-content\/uploads\/2022\/09\/PNL-20220912-3.jpeg","2048x2048":"https:\/\/pornuestrolaredo.com\/wp-content\/uploads\/2022\/09\/PNL-20220912-3.jpeg","morenews-large":"https:\/\/pornuestrolaredo.com\/wp-content\/uploads\/2022\/09\/PNL-20220912-3.jpeg","morenews-medium":"https:\/\/pornuestrolaredo.com\/wp-content\/uploads\/2022\/09\/PNL-20220912-3.jpeg"},"magazineBlocksPostAuthor":{"name":"Redactor","avatar":"https:\/\/pornuestrolaredo.com\/wp-content\/litespeed\/avatar\/dca1d7ec750c399f025f23b0b314f4cf.jpg?ver=1777612120"},"magazineBlocksPostCommentsNumber":false,"magazineBlocksPostExcerpt":"NUEVO LAREDO.- Con el programa de \u201cDeschatarrizaci\u00f3n\u201d emprendido por el Gobierno Municipal,&nbsp;&nbsp; en lo que va del a\u00f1o","magazineBlocksPostCategories":["Dos Laredos"],"magazineBlocksPostViewCount":151,"magazineBlocksPostReadTime":2,"magazine_blocks_featured_image_url":{"full":["https:\/\/pornuestrolaredo.com\/wp-content\/uploads\/2022\/09\/PNL-20220912-3.jpeg",1080,473,false],"medium":["https:\/\/pornuestrolaredo.com\/wp-content\/uploads\/2022\/09\/PNL-20220912-3-300x131.jpeg",300,131,true],"thumbnail":["https:\/\/pornuestrolaredo.com\/wp-content\/uploads\/2022\/09\/PNL-20220912-3-150x150.jpeg",150,150,true]},"magazine_blocks_author":{"display_name":"Redactor","author_link":"https:\/\/pornuestrolaredo.com\/?author=1"},"magazine_blocks_comment":0,"magazine_blocks_author_image":"https:\/\/pornuestrolaredo.com\/wp-content\/litespeed\/avatar\/dca1d7ec750c399f025f23b0b314f4cf.jpg?ver=1777612120","magazine_blocks_category":"<a href=\"#\" class=\"category-link category-link-5\">Dos Laredos<\/a>","jetpack_publicize_connections":[],"featured_image_urls":{"full":["https:\/\/pornuestrolaredo.com\/wp-content\/uploads\/2022\/09\/PNL-20220912-3.jpeg",1080,473,false],"thumbnail":["https:\/\/pornuestrolaredo.com\/wp-content\/uploads\/2022\/09\/PNL-20220912-3-150x150.jpeg",150,150,true],"medium":["https:\/\/pornuestrolaredo.com\/wp-content\/uploads\/2022\/09\/PNL-20220912-3-300x131.jpeg",300,131,true],"medium_large":["https:\/\/pornuestrolaredo.com\/wp-content\/uploads\/2022\/09\/PNL-20220912-3-768x336.jpeg",640,280,true],"large":["https:\/\/pornuestrolaredo.com\/wp-content\/uploads\/2022\/09\/PNL-20220912-3-1024x448.jpeg",640,280,true],"1536x1536":["https:\/\/pornuestrolaredo.com\/wp-content\/uploads\/2022\/09\/PNL-20220912-3.jpeg",1080,473,false],"2048x2048":["https:\/\/pornuestrolaredo.com\/wp-content\/uploads\/2022\/09\/PNL-20220912-3.jpeg",1080,473,false],"morenews-large":["https:\/\/pornuestrolaredo.com\/wp-content\/uploads\/2022\/09\/PNL-20220912-3.jpeg",825,361,false],"morenews-medium":["https:\/\/pornuestrolaredo.com\/wp-content\/uploads\/2022\/09\/PNL-20220912-3.jpeg",590,258,false]},"author_info":{"info":["Redactor"]},"category_info":"<a href=\"https:\/\/pornuestrolaredo.com\/?cat=5\" rel=\"category\">Dos Laredos<\/a>","tag_info":"Dos Laredos","comment_count":"0","jetpack_featured_media_url":"https:\/\/pornuestrolaredo.com\/wp-content\/uploads\/2022\/09\/PNL-20220912-3.jpeg","jetpack_sharing_enabled":true,"_links":{"self":[{"href":"https:\/\/pornuestrolaredo.com\/index.php?rest_route=\/wp\/v2\/posts\/282","targetHints":{"allow":["GET"]}}],"collection":[{"href":"https:\/\/pornuestrolaredo.com\/index.php?rest_route=\/wp\/v2\/posts"}],"about":[{"href":"https:\/\/pornuestrolaredo.com\/index.php?rest_route=\/wp\/v2\/types\/post"}],"author":[{"embeddable":true,"href":"https:\/\/pornuestrolaredo.com\/index.php?rest_route=\/wp\/v2\/users\/1"}],"replies":[{"embeddable":true,"href":"https:\/\/pornuestrolaredo.com\/index.php?rest_route=%2Fwp%2Fv2%2Fcomments&post=282"}],"version-history":[{"count":1,"href":"https:\/\/pornuestrolaredo.com\/index.php?rest_route=\/wp\/v2\/posts\/282\/revisions"}],"predecessor-version":[{"id":284,"href":"https:\/\/pornuestrolaredo.com\/index.php?rest_route=\/wp\/v2\/posts\/282\/revisions\/284"}],"wp:featuredmedia":[{"embeddable":true,"href":"https:\/\/pornuestrolaredo.com\/index.php?rest_route=\/wp\/v2\/media\/283"}],"wp:attachment":[{"href":"https:\/\/pornuestrolaredo.com\/index.php?rest_route=%2Fwp%2Fv2%2Fmedia&parent=282"}],"wp:term":[{"taxonomy":"category","embeddable":true,"href":"https:\/\/pornuestrolaredo.com\/index.php?rest_route=%2Fwp%2Fv2%2Fcategories&post=282"},{"taxonomy":"post_tag","embeddable":true,"href":"https:\/\/pornuestrolaredo.com\/index.php?rest_route=%2Fwp%2Fv2%2Ftags&post=282"}],"curies":[{"name":"wp","href":"https:\/\/api.w.org\/{rel}","templated":true}]}}