{"id":2827,"date":"2023-08-04T06:34:56","date_gmt":"2023-08-04T06:34:56","guid":{"rendered":"https:\/\/pornuestrolaredo.com\/?p=2827"},"modified":"2023-08-04T06:34:56","modified_gmt":"2023-08-04T06:34:56","slug":"rehabilitaran-la-eva-samano-con-dinero-del-repuve","status":"publish","type":"post","link":"https:\/\/pornuestrolaredo.com\/?p=2827","title":{"rendered":"Rehabilitar\u00e1n la Eva S\u00e1mano con dinero del Repuve"},"content":{"rendered":"<p><strong>NUEVO LAREDO.-<\/strong> El Gobierno Municipal realizar\u00e1 el recarpeteo de la avenida Eva S\u00e1mano entre Revoluci\u00f3n y Gonz\u00e1lez en donde se invertir\u00e1 1 mill\u00f3n 865 mil 632.50 pesos, recursos obtenidos del Programa de Regularizaci\u00f3n de Veh\u00edculos de Procedencia Extranjera 2023 (REPUVE).<\/p>\n<p>En sesi\u00f3n ordinaria de cabildo se aprob\u00f3 por unanimidad llevar a cabo esta  obra de recarpeteo asf\u00e1ltico en tres cuadras de esta transitada avenida ubicada en la colonia Buena Vista que ser\u00e1 de gran beneficio para m\u00e1s de 4 mil ciudadanos.<\/p>\n<blockquote><p>Estamos muy contentos porque gracias a este programa de nuestro presidente Andr\u00e9s Manuel L\u00f3pez Obrador ha sido aprovechado por la poblaci\u00f3n y hemos hecho m\u00e1s obras en la ciudad, porque el recurso se convierte en mejores calles y avenidas\u201d, se\u00f1al\u00f3 la alcaldesa Carmen Lilia Canturosas Villarreal.<\/p><\/blockquote>\n<p>La presidenta municipal indic\u00f3 que de acuerdo a los lineamientos del decreto publicado en el Diario Oficial de la Federaci\u00f3n se establece que el ejercicio de los recursos del REPUVE ser\u00e1n destinados para obras en los municipios beneficiados con este programa.<\/p>\n<p>Actualmente el gobierno municipal lleva a cabo pavimentaciones con recurso del programa de Regularizaci\u00f3n en las colonias El Progreso, Francisco Villa, Reforma Urbana, Los Agaves II, Palmeras, Granjas Regina, Las Torres, Granjas Guzm\u00e1n y Valles del Para\u00edso en las que se invierten m\u00e1s de 69 millones de pesos. <\/p>\n<p>La alcaldesa Carmen Lilia invit\u00f3 a la ciudadan\u00eda a aprovechar el programa del REPUVE que se extendi\u00f3 unos meses para que regularicen sus autom\u00f3viles porque adem\u00e1s de tener certeza patrimonial, tiene una impacto positivo en la infraestructura de Nuevo Laredo. <\/p>\n<p>El tr\u00e1mite de regularizaciones contin\u00faa en la Sala Sergio Pe\u00f1a con un horario lunes a viernes de 8:00 de la ma\u00f1ana a 4:00 de la tarde. Con 20 carriles para atender a los interesados.<\/p>\n","protected":false},"excerpt":{"rendered":"<p>Anuncia el Gobierno Municipal que invertir\u00e1 1 mill\u00f3n 865 mil 632.50 pesos en esa transitada avenida del sector poniente<\/p>\n","protected":false},"author":1,"featured_media":2828,"comment_status":"closed","ping_status":"closed","sticky":false,"template":"","format":"standard","meta":{"_crdt_document":"","_jetpack_memberships_contains_paid_content":false,"footnotes":"","jetpack_publicize_message":"","jetpack_publicize_feature_enabled":true,"jetpack_social_post_already_shared":true,"jetpack_social_options":{"image_generator_settings":{"template":"highway","default_image_id":0,"font":"","enabled":false},"version":2},"_wpas_customize_per_network":false},"categories":[4],"tags":[],"class_list":["post-2827","post","type-post","status-publish","format-standard","has-post-thumbnail","hentry","category-los-dos-laredos"],"magazineBlocksPostFeaturedMedia":{"thumbnail":"https:\/\/pornuestrolaredo.com\/wp-content\/uploads\/2023\/08\/PNL-20230803-3-150x150.jpg","medium":"https:\/\/pornuestrolaredo.com\/wp-content\/uploads\/2023\/08\/PNL-20230803-3-300x155.jpg","medium_large":"https:\/\/pornuestrolaredo.com\/wp-content\/uploads\/2023\/08\/PNL-20230803-3-768x398.jpg","large":"https:\/\/pornuestrolaredo.com\/wp-content\/uploads\/2023\/08\/PNL-20230803-3-1000x518.jpg","1536x1536":"https:\/\/pornuestrolaredo.com\/wp-content\/uploads\/2023\/08\/PNL-20230803-3.jpg","2048x2048":"https:\/\/pornuestrolaredo.com\/wp-content\/uploads\/2023\/08\/PNL-20230803-3.jpg","morenews-large":"https:\/\/pornuestrolaredo.com\/wp-content\/uploads\/2023\/08\/PNL-20230803-3.jpg","morenews-medium":"https:\/\/pornuestrolaredo.com\/wp-content\/uploads\/2023\/08\/PNL-20230803-3.jpg"},"magazineBlocksPostAuthor":{"name":"Redactor","avatar":"https:\/\/pornuestrolaredo.com\/wp-content\/litespeed\/avatar\/dca1d7ec750c399f025f23b0b314f4cf.jpg?ver=1777007253"},"magazineBlocksPostCommentsNumber":false,"magazineBlocksPostExcerpt":"Anuncia el Gobierno Municipal que invertir\u00e1 1 mill\u00f3n 865 mil 632.50 pesos en esa transitada avenida del sector poniente","magazineBlocksPostCategories":["Los dos Laredos"],"magazineBlocksPostViewCount":150,"magazineBlocksPostReadTime":2,"magazine_blocks_featured_image_url":{"full":["https:\/\/pornuestrolaredo.com\/wp-content\/uploads\/2023\/08\/PNL-20230803-3.jpg",1280,663,false],"medium":["https:\/\/pornuestrolaredo.com\/wp-content\/uploads\/2023\/08\/PNL-20230803-3-300x155.jpg",300,155,true],"thumbnail":["https:\/\/pornuestrolaredo.com\/wp-content\/uploads\/2023\/08\/PNL-20230803-3-150x150.jpg",150,150,true]},"magazine_blocks_author":{"display_name":"Redactor","author_link":"https:\/\/pornuestrolaredo.com\/?author=1"},"magazine_blocks_comment":0,"magazine_blocks_author_image":"https:\/\/pornuestrolaredo.com\/wp-content\/litespeed\/avatar\/dca1d7ec750c399f025f23b0b314f4cf.jpg?ver=1777007253","magazine_blocks_category":"<a href=\"#\" class=\"category-link category-link-4\">Los dos Laredos<\/a>","jetpack_publicize_connections":[],"featured_image_urls":{"full":["https:\/\/pornuestrolaredo.com\/wp-content\/uploads\/2023\/08\/PNL-20230803-3.jpg",1280,663,false],"thumbnail":["https:\/\/pornuestrolaredo.com\/wp-content\/uploads\/2023\/08\/PNL-20230803-3-150x150.jpg",150,150,true],"medium":["https:\/\/pornuestrolaredo.com\/wp-content\/uploads\/2023\/08\/PNL-20230803-3-300x155.jpg",300,155,true],"medium_large":["https:\/\/pornuestrolaredo.com\/wp-content\/uploads\/2023\/08\/PNL-20230803-3-768x398.jpg",640,332,true],"large":["https:\/\/pornuestrolaredo.com\/wp-content\/uploads\/2023\/08\/PNL-20230803-3-1000x518.jpg",640,332,true],"1536x1536":["https:\/\/pornuestrolaredo.com\/wp-content\/uploads\/2023\/08\/PNL-20230803-3.jpg",1280,663,false],"2048x2048":["https:\/\/pornuestrolaredo.com\/wp-content\/uploads\/2023\/08\/PNL-20230803-3.jpg",1280,663,false],"morenews-large":["https:\/\/pornuestrolaredo.com\/wp-content\/uploads\/2023\/08\/PNL-20230803-3.jpg",825,427,false],"morenews-medium":["https:\/\/pornuestrolaredo.com\/wp-content\/uploads\/2023\/08\/PNL-20230803-3.jpg",590,306,false]},"author_info":{"info":["Redactor"]},"category_info":"<a href=\"https:\/\/pornuestrolaredo.com\/?cat=4\" rel=\"category\">Los dos Laredos<\/a>","tag_info":"Los dos Laredos","comment_count":"0","jetpack_featured_media_url":"https:\/\/pornuestrolaredo.com\/wp-content\/uploads\/2023\/08\/PNL-20230803-3.jpg","jetpack_sharing_enabled":true,"_links":{"self":[{"href":"https:\/\/pornuestrolaredo.com\/index.php?rest_route=\/wp\/v2\/posts\/2827","targetHints":{"allow":["GET"]}}],"collection":[{"href":"https:\/\/pornuestrolaredo.com\/index.php?rest_route=\/wp\/v2\/posts"}],"about":[{"href":"https:\/\/pornuestrolaredo.com\/index.php?rest_route=\/wp\/v2\/types\/post"}],"author":[{"embeddable":true,"href":"https:\/\/pornuestrolaredo.com\/index.php?rest_route=\/wp\/v2\/users\/1"}],"replies":[{"embeddable":true,"href":"https:\/\/pornuestrolaredo.com\/index.php?rest_route=%2Fwp%2Fv2%2Fcomments&post=2827"}],"version-history":[{"count":1,"href":"https:\/\/pornuestrolaredo.com\/index.php?rest_route=\/wp\/v2\/posts\/2827\/revisions"}],"predecessor-version":[{"id":2829,"href":"https:\/\/pornuestrolaredo.com\/index.php?rest_route=\/wp\/v2\/posts\/2827\/revisions\/2829"}],"wp:featuredmedia":[{"embeddable":true,"href":"https:\/\/pornuestrolaredo.com\/index.php?rest_route=\/wp\/v2\/media\/2828"}],"wp:attachment":[{"href":"https:\/\/pornuestrolaredo.com\/index.php?rest_route=%2Fwp%2Fv2%2Fmedia&parent=2827"}],"wp:term":[{"taxonomy":"category","embeddable":true,"href":"https:\/\/pornuestrolaredo.com\/index.php?rest_route=%2Fwp%2Fv2%2Fcategories&post=2827"},{"taxonomy":"post_tag","embeddable":true,"href":"https:\/\/pornuestrolaredo.com\/index.php?rest_route=%2Fwp%2Fv2%2Ftags&post=2827"}],"curies":[{"name":"wp","href":"https:\/\/api.w.org\/{rel}","templated":true}]}}