{"id":2836,"date":"2023-08-05T05:32:46","date_gmt":"2023-08-05T05:32:46","guid":{"rendered":"https:\/\/pornuestrolaredo.com\/?p=2836"},"modified":"2023-08-05T05:32:46","modified_gmt":"2023-08-05T05:32:46","slug":"detienen-al-fiscal-general-de-morelos","status":"publish","type":"post","link":"https:\/\/pornuestrolaredo.com\/?p=2836","title":{"rendered":"Detienen al fiscal general de Morelos"},"content":{"rendered":"<p><strong><em>CIUDAD DE M\u00c9XICO.-<\/em><\/strong> El Fiscal de Morelos, Uriel Carmona, fue aprehendido por delitos cometidos contra la procuraci\u00f3n y administraci\u00f3n de justicia, espec\u00edficamente por el retardo de justicia en el caso del feminicidio de Ariadna Fernanda, registrado en octubre del a\u00f1o pasado.<\/p>\n<p>As\u00ed lo inform\u00f3 Ulises Lara, el vocero de la Fiscal\u00eda General de Justicia de la Ciudad de M\u00e9xico, durante una conferencia de prensa de \u00faltima hora.<\/p>\n<p>El servidor p\u00fablico fue trasladado de Cuernavaca, donde fue detenido, hacia el Reclusorio Sur, en la Ciudad de M\u00e9xico.<\/p>\n<blockquote><p>Uriel N, en su calidad de Fiscal general, posiblemente realiz\u00f3 una serie de manifestaciones p\u00fablicas en forma falsa y maliciosa que no correspond\u00edan a la realidad y tampoco a lo registrado en los actos de investigaci\u00f3n de la propia instituci\u00f3n estatal&#8221;, dijo Lara.<\/p><\/blockquote>\n<p>Por ello, la autoridad ministerial consider\u00f3 que el servidor p\u00fablico entorpeci\u00f3 la procuraci\u00f3n de justicia, desvi\u00f3 la investigaci\u00f3n y sus expresiones fueron discriminatorias contra la v\u00edctima y con ello se produjo la impunidad.<\/p>\n<p>En las conferencias de prensa posteriores a que el cuerpo de la joven fuera hallado en Morelos, el fiscal declar\u00f3 que no ten\u00eda huellas de violencia y que la causa de muerte fue una intoxicaci\u00f3n y broncoaspiraci\u00f3n.<\/p>\n<p>Sin embargo, esta versi\u00f3n no coincidi\u00f3 con los resultados de los peritajes posteriores al cad\u00e1ver de la joven, quien fue asesinada.<\/p>\n<blockquote><p>Uriel N posiblemente afect\u00f3 la dignidad de la memoria de Ariadna y revictimiz\u00f3 a sus familiares al minimizar las circunstancias del hallazgo del cuerpo y trasladar la culpa de lo acontecido, entorpeciendo indebidamente la procuraci\u00f3n de justicia&#8221;.<\/p><\/blockquote>\n<p>Los datos de prueba de la Fiscal\u00eda General de Justicia de la Ciudad de M\u00e9xico comprenden las entrevistas a los polic\u00edas municipales de Tepoztl\u00e1n, Morelos, quienes fueron los primeros respondientes y presentaron un informe el 31 de octubre pero que el 9 de noviembre se negaron a firmar, al darse cuenta que fue modificado.<\/p>\n<p>El fiscal de Morelos Uriel Carmona fue trasladado de su domicilio a las instalaciones del C5 de la Comisi\u00f3n Estatal de Seguridad del estado que depende del gobierno del morenista Cuauht\u00e9moc Blanco.<\/p>\n<blockquote><p>Ese no es un centro de retenci\u00f3n y por lo tanto es ilegal&#8221;, advirti\u00f3 el titular de la Comisi\u00f3n de Derechos Humanos de Morelos, Israel Hern\u00e1ndez. &#8220;Por lo tanto es una retenci\u00f3n ilegal y donde el detenido podr\u00eda ser sujeto de pr\u00e1cticas como tortura&#8221;.<\/p><\/blockquote>\n<blockquote><p>Lleva m\u00e1s de 45 minutos privado ilegalmente de su libertad porque el C5 (donde est\u00e1) no es un centro de retenci\u00f3n adem\u00e1s de que en todo caso no es un lugar en el que tenga jurisdicci\u00f3n el juez de la CDMX que lo requiere, lo tienen incomunicado, restringiendo su derecho a ser asistido por su defensor que est\u00e1 ah\u00ed&#8221;, dijo Hern\u00e1ndez.<\/p><\/blockquote>\n","protected":false},"excerpt":{"rendered":"<p>Se le acusa de entorpecer a la justicia en el caso del feminicidio de Ariadna Fernanda, registrado en octubre del a\u00f1o pasado<\/p>\n","protected":false},"author":1,"featured_media":2837,"comment_status":"closed","ping_status":"closed","sticky":false,"template":"","format":"standard","meta":{"_crdt_document":"","_jetpack_memberships_contains_paid_content":false,"footnotes":"","jetpack_publicize_message":"","jetpack_publicize_feature_enabled":true,"jetpack_social_post_already_shared":true,"jetpack_social_options":{"image_generator_settings":{"template":"highway","default_image_id":0,"font":"","enabled":false},"version":2},"_wpas_customize_per_network":false},"categories":[33],"tags":[],"class_list":["post-2836","post","type-post","status-publish","format-standard","has-post-thumbnail","hentry","category-mexico"],"magazineBlocksPostFeaturedMedia":{"thumbnail":"https:\/\/pornuestrolaredo.com\/wp-content\/uploads\/2023\/08\/Stereo91-20230804-3-150x150.jpg","medium":"https:\/\/pornuestrolaredo.com\/wp-content\/uploads\/2023\/08\/Stereo91-20230804-3-300x182.jpg","medium_large":"https:\/\/pornuestrolaredo.com\/wp-content\/uploads\/2023\/08\/Stereo91-20230804-3-768x465.jpg","large":"https:\/\/pornuestrolaredo.com\/wp-content\/uploads\/2023\/08\/Stereo91-20230804-3-1000x605.jpg","1536x1536":"https:\/\/pornuestrolaredo.com\/wp-content\/uploads\/2023\/08\/Stereo91-20230804-3.jpg","2048x2048":"https:\/\/pornuestrolaredo.com\/wp-content\/uploads\/2023\/08\/Stereo91-20230804-3.jpg","morenews-large":"https:\/\/pornuestrolaredo.com\/wp-content\/uploads\/2023\/08\/Stereo91-20230804-3.jpg","morenews-medium":"https:\/\/pornuestrolaredo.com\/wp-content\/uploads\/2023\/08\/Stereo91-20230804-3.jpg"},"magazineBlocksPostAuthor":{"name":"Redactor","avatar":"https:\/\/pornuestrolaredo.com\/wp-content\/litespeed\/avatar\/dca1d7ec750c399f025f23b0b314f4cf.jpg?ver=1777007253"},"magazineBlocksPostCommentsNumber":false,"magazineBlocksPostExcerpt":"Se le acusa de entorpecer a la justicia en el caso del feminicidio de Ariadna Fernanda, registrado en octubre del a\u00f1o pasado","magazineBlocksPostCategories":["Mexico"],"magazineBlocksPostViewCount":158,"magazineBlocksPostReadTime":3,"magazine_blocks_featured_image_url":{"full":["https:\/\/pornuestrolaredo.com\/wp-content\/uploads\/2023\/08\/Stereo91-20230804-3.jpg",1100,666,false],"medium":["https:\/\/pornuestrolaredo.com\/wp-content\/uploads\/2023\/08\/Stereo91-20230804-3-300x182.jpg",300,182,true],"thumbnail":["https:\/\/pornuestrolaredo.com\/wp-content\/uploads\/2023\/08\/Stereo91-20230804-3-150x150.jpg",150,150,true]},"magazine_blocks_author":{"display_name":"Redactor","author_link":"https:\/\/pornuestrolaredo.com\/?author=1"},"magazine_blocks_comment":0,"magazine_blocks_author_image":"https:\/\/pornuestrolaredo.com\/wp-content\/litespeed\/avatar\/dca1d7ec750c399f025f23b0b314f4cf.jpg?ver=1777007253","magazine_blocks_category":"<a href=\"#\" class=\"category-link category-link-33\">Mexico<\/a>","jetpack_publicize_connections":[],"featured_image_urls":{"full":["https:\/\/pornuestrolaredo.com\/wp-content\/uploads\/2023\/08\/Stereo91-20230804-3.jpg",1100,666,false],"thumbnail":["https:\/\/pornuestrolaredo.com\/wp-content\/uploads\/2023\/08\/Stereo91-20230804-3-150x150.jpg",150,150,true],"medium":["https:\/\/pornuestrolaredo.com\/wp-content\/uploads\/2023\/08\/Stereo91-20230804-3-300x182.jpg",300,182,true],"medium_large":["https:\/\/pornuestrolaredo.com\/wp-content\/uploads\/2023\/08\/Stereo91-20230804-3-768x465.jpg",640,388,true],"large":["https:\/\/pornuestrolaredo.com\/wp-content\/uploads\/2023\/08\/Stereo91-20230804-3-1000x605.jpg",640,387,true],"1536x1536":["https:\/\/pornuestrolaredo.com\/wp-content\/uploads\/2023\/08\/Stereo91-20230804-3.jpg",1100,666,false],"2048x2048":["https:\/\/pornuestrolaredo.com\/wp-content\/uploads\/2023\/08\/Stereo91-20230804-3.jpg",1100,666,false],"morenews-large":["https:\/\/pornuestrolaredo.com\/wp-content\/uploads\/2023\/08\/Stereo91-20230804-3.jpg",825,500,false],"morenews-medium":["https:\/\/pornuestrolaredo.com\/wp-content\/uploads\/2023\/08\/Stereo91-20230804-3.jpg",590,357,false]},"author_info":{"info":["Redactor"]},"category_info":"<a href=\"https:\/\/pornuestrolaredo.com\/?cat=33\" rel=\"category\">Mexico<\/a>","tag_info":"Mexico","comment_count":"0","jetpack_featured_media_url":"https:\/\/pornuestrolaredo.com\/wp-content\/uploads\/2023\/08\/Stereo91-20230804-3.jpg","jetpack_sharing_enabled":true,"_links":{"self":[{"href":"https:\/\/pornuestrolaredo.com\/index.php?rest_route=\/wp\/v2\/posts\/2836","targetHints":{"allow":["GET"]}}],"collection":[{"href":"https:\/\/pornuestrolaredo.com\/index.php?rest_route=\/wp\/v2\/posts"}],"about":[{"href":"https:\/\/pornuestrolaredo.com\/index.php?rest_route=\/wp\/v2\/types\/post"}],"author":[{"embeddable":true,"href":"https:\/\/pornuestrolaredo.com\/index.php?rest_route=\/wp\/v2\/users\/1"}],"replies":[{"embeddable":true,"href":"https:\/\/pornuestrolaredo.com\/index.php?rest_route=%2Fwp%2Fv2%2Fcomments&post=2836"}],"version-history":[{"count":1,"href":"https:\/\/pornuestrolaredo.com\/index.php?rest_route=\/wp\/v2\/posts\/2836\/revisions"}],"predecessor-version":[{"id":2838,"href":"https:\/\/pornuestrolaredo.com\/index.php?rest_route=\/wp\/v2\/posts\/2836\/revisions\/2838"}],"wp:featuredmedia":[{"embeddable":true,"href":"https:\/\/pornuestrolaredo.com\/index.php?rest_route=\/wp\/v2\/media\/2837"}],"wp:attachment":[{"href":"https:\/\/pornuestrolaredo.com\/index.php?rest_route=%2Fwp%2Fv2%2Fmedia&parent=2836"}],"wp:term":[{"taxonomy":"category","embeddable":true,"href":"https:\/\/pornuestrolaredo.com\/index.php?rest_route=%2Fwp%2Fv2%2Fcategories&post=2836"},{"taxonomy":"post_tag","embeddable":true,"href":"https:\/\/pornuestrolaredo.com\/index.php?rest_route=%2Fwp%2Fv2%2Ftags&post=2836"}],"curies":[{"name":"wp","href":"https:\/\/api.w.org\/{rel}","templated":true}]}}