{"id":2845,"date":"2023-08-06T06:16:27","date_gmt":"2023-08-06T06:16:27","guid":{"rendered":"https:\/\/pornuestrolaredo.com\/?p=2845"},"modified":"2023-08-06T06:16:27","modified_gmt":"2023-08-06T06:16:27","slug":"renovaran-vialidades-del-poniente-de-nld","status":"publish","type":"post","link":"https:\/\/pornuestrolaredo.com\/?p=2845","title":{"rendered":"Renovar\u00e1n vialidades del poniente de NLD"},"content":{"rendered":"<p><strong><em>NUEVO LAREDO.-<<\/em>\/strong> Con la finalidad de abatir el rezago en la infraestructura vial del poniente de la ciudad, el Cabildo de Nuevo Laredo aprob\u00f3 que se utilice un remanente del recurso del Fondo del Fideicomiso Puente III del ejercicio 2018, 2020 y 2022 valuado en 8 millones 353 mil 487 pesos.<\/p>\n<p>Las obras ser\u00e1n de recarpeteo y repavimentaci\u00f3n en las colonias Militar, Buenavista y Valles de An\u00e1huac; para ello, la Secretar\u00eda de Tesorer\u00eda y Finanzas confirm\u00f3 la disponibilidad presupuestal de los recursos.<\/p>\n<p>La alcaldesa Carmen Lilia Canturosas Villarreal indic\u00f3 que para lograr la transformaci\u00f3n de Nuevo Laredo es necesario que exista desarrollo en todos los puntos cardinales de la ciudad, por lo que los recursos se distribuyen de forma equitativa en todos los sectores.<\/p>\n<blockquote><p>Mediante esta iniciativa se contribuye a combatir el d\u00e9ficit de calles sin pavimento en nuestra ciudad aplicando el recurso en los lugares que m\u00e1s se necesitan y as\u00ed beneficiar a miles de familias\u201d, se\u00f1al\u00f3.<\/p><\/blockquote>\n<p>Inform\u00f3 que a trav\u00e9s de esta aprobaci\u00f3n se beneficiar\u00e1n a m\u00e1s de 18 mil vecinos de forma directa e indirecta.<\/p>\n<p>Las obras a realizar son las siguientes:<\/p>\n<p>Recarpeteo por calle Lauro del Villar, entre Revoluci\u00f3n y Guadalupe Victoria, y Revoluci\u00f3n entre Lauro del Villar y Marcial Cavazos en la colonia Buenavista.<\/p>\n<p>Recarpeteo en calle Dr. Mier, entre Marcial Cavazos y Pedro Arguelles en la colonia Militar.<\/p>\n<p>Repavimentaci\u00f3n con concreto hidr\u00e1ulico por avenida 4 entre calle 10 y calle 14 en el fraccionamiento Valles de An\u00e1huac.<\/p>\n","protected":false},"excerpt":{"rendered":"<p>El Gobierno Municipal invertir\u00e1 m\u00e1s de 8 millones de pesos en recursos generados por el Puente Tres<\/p>\n","protected":false},"author":1,"featured_media":2846,"comment_status":"closed","ping_status":"closed","sticky":false,"template":"","format":"standard","meta":{"_crdt_document":"","_jetpack_memberships_contains_paid_content":false,"footnotes":"","jetpack_publicize_message":"","jetpack_publicize_feature_enabled":true,"jetpack_social_post_already_shared":true,"jetpack_social_options":{"image_generator_settings":{"template":"highway","default_image_id":0,"font":"","enabled":false},"version":2},"_wpas_customize_per_network":false},"categories":[4],"tags":[],"class_list":["post-2845","post","type-post","status-publish","format-standard","has-post-thumbnail","hentry","category-los-dos-laredos"],"magazineBlocksPostFeaturedMedia":{"thumbnail":"https:\/\/pornuestrolaredo.com\/wp-content\/uploads\/2023\/08\/Stereo91-20230806-5-150x150.jpg","medium":"https:\/\/pornuestrolaredo.com\/wp-content\/uploads\/2023\/08\/Stereo91-20230806-5-300x167.jpg","medium_large":"https:\/\/pornuestrolaredo.com\/wp-content\/uploads\/2023\/08\/Stereo91-20230806-5-768x428.jpg","large":"https:\/\/pornuestrolaredo.com\/wp-content\/uploads\/2023\/08\/Stereo91-20230806-5-1000x558.jpg","1536x1536":"https:\/\/pornuestrolaredo.com\/wp-content\/uploads\/2023\/08\/Stereo91-20230806-5.jpg","2048x2048":"https:\/\/pornuestrolaredo.com\/wp-content\/uploads\/2023\/08\/Stereo91-20230806-5.jpg","morenews-large":"https:\/\/pornuestrolaredo.com\/wp-content\/uploads\/2023\/08\/Stereo91-20230806-5.jpg","morenews-medium":"https:\/\/pornuestrolaredo.com\/wp-content\/uploads\/2023\/08\/Stereo91-20230806-5.jpg"},"magazineBlocksPostAuthor":{"name":"Redactor","avatar":"https:\/\/pornuestrolaredo.com\/wp-content\/litespeed\/avatar\/dca1d7ec750c399f025f23b0b314f4cf.jpg?ver=1777007253"},"magazineBlocksPostCommentsNumber":false,"magazineBlocksPostExcerpt":"El Gobierno Municipal invertir\u00e1 m\u00e1s de 8 millones de pesos en recursos generados por el Puente Tres","magazineBlocksPostCategories":["Los dos Laredos"],"magazineBlocksPostViewCount":136,"magazineBlocksPostReadTime":2,"magazine_blocks_featured_image_url":{"full":["https:\/\/pornuestrolaredo.com\/wp-content\/uploads\/2023\/08\/Stereo91-20230806-5.jpg",1280,714,false],"medium":["https:\/\/pornuestrolaredo.com\/wp-content\/uploads\/2023\/08\/Stereo91-20230806-5-300x167.jpg",300,167,true],"thumbnail":["https:\/\/pornuestrolaredo.com\/wp-content\/uploads\/2023\/08\/Stereo91-20230806-5-150x150.jpg",150,150,true]},"magazine_blocks_author":{"display_name":"Redactor","author_link":"https:\/\/pornuestrolaredo.com\/?author=1"},"magazine_blocks_comment":0,"magazine_blocks_author_image":"https:\/\/pornuestrolaredo.com\/wp-content\/litespeed\/avatar\/dca1d7ec750c399f025f23b0b314f4cf.jpg?ver=1777007253","magazine_blocks_category":"<a href=\"#\" class=\"category-link category-link-4\">Los dos Laredos<\/a>","jetpack_publicize_connections":[],"featured_image_urls":{"full":["https:\/\/pornuestrolaredo.com\/wp-content\/uploads\/2023\/08\/Stereo91-20230806-5.jpg",1280,714,false],"thumbnail":["https:\/\/pornuestrolaredo.com\/wp-content\/uploads\/2023\/08\/Stereo91-20230806-5-150x150.jpg",150,150,true],"medium":["https:\/\/pornuestrolaredo.com\/wp-content\/uploads\/2023\/08\/Stereo91-20230806-5-300x167.jpg",300,167,true],"medium_large":["https:\/\/pornuestrolaredo.com\/wp-content\/uploads\/2023\/08\/Stereo91-20230806-5-768x428.jpg",640,357,true],"large":["https:\/\/pornuestrolaredo.com\/wp-content\/uploads\/2023\/08\/Stereo91-20230806-5-1000x558.jpg",640,357,true],"1536x1536":["https:\/\/pornuestrolaredo.com\/wp-content\/uploads\/2023\/08\/Stereo91-20230806-5.jpg",1280,714,false],"2048x2048":["https:\/\/pornuestrolaredo.com\/wp-content\/uploads\/2023\/08\/Stereo91-20230806-5.jpg",1280,714,false],"morenews-large":["https:\/\/pornuestrolaredo.com\/wp-content\/uploads\/2023\/08\/Stereo91-20230806-5.jpg",825,460,false],"morenews-medium":["https:\/\/pornuestrolaredo.com\/wp-content\/uploads\/2023\/08\/Stereo91-20230806-5.jpg",590,329,false]},"author_info":{"info":["Redactor"]},"category_info":"<a href=\"https:\/\/pornuestrolaredo.com\/?cat=4\" rel=\"category\">Los dos Laredos<\/a>","tag_info":"Los dos Laredos","comment_count":"0","jetpack_featured_media_url":"https:\/\/pornuestrolaredo.com\/wp-content\/uploads\/2023\/08\/Stereo91-20230806-5.jpg","jetpack_sharing_enabled":true,"_links":{"self":[{"href":"https:\/\/pornuestrolaredo.com\/index.php?rest_route=\/wp\/v2\/posts\/2845","targetHints":{"allow":["GET"]}}],"collection":[{"href":"https:\/\/pornuestrolaredo.com\/index.php?rest_route=\/wp\/v2\/posts"}],"about":[{"href":"https:\/\/pornuestrolaredo.com\/index.php?rest_route=\/wp\/v2\/types\/post"}],"author":[{"embeddable":true,"href":"https:\/\/pornuestrolaredo.com\/index.php?rest_route=\/wp\/v2\/users\/1"}],"replies":[{"embeddable":true,"href":"https:\/\/pornuestrolaredo.com\/index.php?rest_route=%2Fwp%2Fv2%2Fcomments&post=2845"}],"version-history":[{"count":1,"href":"https:\/\/pornuestrolaredo.com\/index.php?rest_route=\/wp\/v2\/posts\/2845\/revisions"}],"predecessor-version":[{"id":2847,"href":"https:\/\/pornuestrolaredo.com\/index.php?rest_route=\/wp\/v2\/posts\/2845\/revisions\/2847"}],"wp:featuredmedia":[{"embeddable":true,"href":"https:\/\/pornuestrolaredo.com\/index.php?rest_route=\/wp\/v2\/media\/2846"}],"wp:attachment":[{"href":"https:\/\/pornuestrolaredo.com\/index.php?rest_route=%2Fwp%2Fv2%2Fmedia&parent=2845"}],"wp:term":[{"taxonomy":"category","embeddable":true,"href":"https:\/\/pornuestrolaredo.com\/index.php?rest_route=%2Fwp%2Fv2%2Fcategories&post=2845"},{"taxonomy":"post_tag","embeddable":true,"href":"https:\/\/pornuestrolaredo.com\/index.php?rest_route=%2Fwp%2Fv2%2Ftags&post=2845"}],"curies":[{"name":"wp","href":"https:\/\/api.w.org\/{rel}","templated":true}]}}